{"id":1075,"date":"2019-02-06T09:33:44","date_gmt":"2019-02-06T09:33:44","guid":{"rendered":"http:\/\/uninomadasur.net\/?p=1075"},"modified":"2019-02-06T09:33:44","modified_gmt":"2019-02-06T09:33:44","slug":"el-fin-de-brasil-como-potencia-global-emergente","status":"publish","type":"post","link":"https:\/\/uninomadasur.net\/?p=1075","title":{"rendered":"El fin de Brasil como potencia global emergente"},"content":{"rendered":"<p><em><strong>por Ra\u00fal Zibechi<\/strong><\/em><\/p>\n<p><em>\u00abDel rid\u00edculo no se vuelve\u00bb, acostumbraba decir el general argentino Juan Domingo Per\u00f3n parafraseando a otro presidente, Domingo Faustino Sarmiento.<\/em><\/p>\n<p>La frase se puede aplicar con todo rigor al papel\u00f3n de Jair Bolsonaro en el Foro de Davos, donde ten\u00eda 45 minutos para explicar su programa de gobierno ante la crema de los empresarios del mundo, pero la inspiraci\u00f3n se le agot\u00f3 en apenas seis y medio. Peor a\u00fan, dej\u00f3 plantados a los medios y a los organizadores al suspender la rueda de prensa, que todos los mandatarios ofrecen, junto a tres de sus ministros.<\/p>\n<p>Bolsonaro no tiene mucho para decir pero, sobre todo, no sabe c\u00f3mo hacerlo. Sigue actuando de la misma manera que lo hac\u00eda cuando era un oscuro diputado. O, como lo describela periodista Eliane Brum, \u00absigue creyendo que est\u00e1 en campa\u00f1a y que seguir\u00e1 ganando al grito de las redes sociales\u00bb. Para la periodista, la m\u00e1s laureada de Brasil, Bolsonaro tiene un \u00abnivel escolar\u00bb y su intervenci\u00f3n \u00absonaba como la de un estudiante mediocre presentando un trabajo copiado a un colega, porque no ten\u00eda convicci\u00f3n y las frases no se conectaban unas con otras\u00bb.<\/p>\n<p>\u00abLa mediocridad es peligrosa\u00bb, reflexiona Brum, ya que el presidente se comporta como un hincha de f\u00fatbol. \u00abMe dio miedo\u00bb, dijo el Nobel de Econom\u00eda Robert Shiller: \u00abBrasil es un gran pa\u00eds que merece algo mejor\u00bb. Una personalidad como la Bolsonaro al frente de un pa\u00eds de 200 millones de habitantes y la d\u00e9cima econom\u00eda del mundo, no puede dejar de preocupar incluso a quienes lo apoyaron.<\/p>\n<p>Uno de sus hijos, Flavio, senador electo y diputado de R\u00edo de Janeiro durante cuatro mandatos, se enriqueci\u00f3 de forma muy r\u00e1pida con cantidades muy por encima de sus ingresos, por lo que est\u00e1n siendo observado porque se sospecha corrupci\u00f3n. Peor a\u00fan, estar\u00eda involucrado con grupos paramilitares como \u00abEscritorio del Crimen\u00bb, el responsable del asesinato de la concejal Marielle Franco.<\/p>\n<p>Flavio contrat\u00f3 a la madre y la esposa de Adriano da N\u00f3brega, l\u00edder del grupo actualmente fugado, para trabajar en su despacho, y entreg\u00f3 al criminal la medalla Tiradentes, la m\u00e1s alta distinci\u00f3n que ofrece la Asamblea Legislativa de R\u00edo, cuando estaba preso por homicidios cometidos como miembro de la Polic\u00eda Militar.<\/p>\n<p>El vicepresidente, el general Hamilton Mourao, ha desmentido decisiones de Bolsonaro y de su canciller, como la promesa de campa\u00f1a de que Brasil trasladar\u00eda la embajada en Israel a Jerusal\u00e9n. Algunos pa\u00edses \u00e1rabes como Arabia Saud\u00ed presionan para cortar las importaciones de carne brasile\u00f1a si se llegara a concretar.<\/p>\n<p>En los medios pol\u00edticos se suceden las especulaciones que van desde un impeachment a Bolsonaro, hasta un \u00abgolpe suave\u00bb para apartarlo del poder o dejarle un papel decorativo. El periodista brasile\u00f1o Pepe Escobar se\u00f1ala que la red Globo tendr\u00eda un \u00abdocumental explosivo que muestra que el atentado con cuchillo que sufri\u00f3 en septiembre pasado, durante la campa\u00f1a electoral, era en realidad un truco\u00bb.<\/p>\n<p>Sin embargo, Bolsonaro es un problema menor para Brasil. Los verdaderos, los que est\u00e1n en la base de la neutralizaci\u00f3n del pa\u00eds como potencia emergente y como l\u00edder incluso de la regi\u00f3n sudamericana, son mucho m\u00e1s profundos y amenazan con retornar al pa\u00eds al lugar de semicolonia exportadora de materias primas, bajo la sombra de la potencia dominante y sin la menor proyecci\u00f3n internacional.<\/p>\n<p>La primera puede sintetizarse en la adquisici\u00f3n de Embraer por Boeing. Bolseando decidi\u00f3 aprobar la venta sin ejercer el derecho de veto que le otorga la posesi\u00f3n de un acci\u00f3n de oro. La nueva sociedad tendr\u00e1 una estructura en la cual Embraer controlar\u00e1 el 20% y Boeing el 80%, mientras el desarrollo del avi\u00f3n de transporte militar KC-390, realizado enteramente por la brasile\u00f1a, quedar\u00e1 con 51% para Embraer y 49% para Boeing. S\u00f3lo la aviaci\u00f3n ejecutiva y de defensa quedar\u00e1n en manos de Embraer. Por esta operaci\u00f3n la brasile\u00f1a recibir\u00e1 3.100 millones de d\u00f3lares, despu\u00e9s de impuestos y gastos de la transacci\u00f3n.<\/p>\n<p>Embraer entreg\u00f3 a Boeing su parcela m\u00e1s lucrativa, siendo la tercera fabricante de aviones comerciales del mundo y vanguardia en los de un solo pasillo. La pregunta que muchos se hacen es si podr\u00e1 sobrevivir una empresa que fabrica s\u00f3lo aviones ejecutivos que representan apenas el 26% de la facturaci\u00f3n total. El primer problema es la deserci\u00f3n previsible de ingenieros, los cerebros en este tipo de empresas, y nada menos que 4.500 de los 16.000 empleados de Embraer.<\/p>\n<p>Renata Belzunces del Departamento Intersindical de Estad\u00edstica y Estudios Socioecon\u00f3micos, sostiene que la venta de Embraer afecta la soberan\u00eda nacional. La empresa estrat\u00e9gica m\u00e1s importante de Brasil se volver\u00e1, en su opini\u00f3n, una mera abastecedora de piezas para EEUU.<\/p>\n<p>Seg\u00fan la economista, es la empresa m\u00e1s innovadora del pa\u00eds y \u00abla principal exportadora de productos de alta intensidad tecnol\u00f3gica capaz de generar desarrollo junto al Instituto Nacional de Investigaciones Espaciales y al Departamento de Ciencia y Tecnolog\u00eda Aeroespacial\u00bb. Una empresa de este porte trabaja con decenas de otras, que le suministran productos de alta tecnolog\u00eda conformando un polo tecnol\u00f3gico de avanzada, que ahora quedar\u00e1 muy reducido.<\/p>\n<p>La segunda cuesti\u00f3n es que Brasil queda sometido, por voluntad expresa de sus gobernantes, a ser un mero sat\u00e9lite de EEUU. Seg\u00fan el director del Instituto de Estudios Latino Americanos (IELA), Nildo Ouriques, el sector militar encabezado por Mourao que tiene el verdadero poder en Brasil, \u00abs\u00f3lo piensa en agradar a Estados Unidos\u00bb. En su opini\u00f3n, esta actitud que define como \u00abagringamiento\u00bb, se relaciona con la dictadura militar (1964-1985) que \u00abpas\u00f3 a la reserva entre 10 y 12.000 oficiales acusados de nacionalistas o comunistas\u00bb.<\/p>\n<p>El resultado es que un vicepresidente como Mourao coloca a Brasil en relaci\u00f3n de dependencia con la pol\u00edtica exterior estadounidense, siendo \u00abincapaz de luchar por la soberan\u00eda, observando el mundo con la mirada de los EEUU\u00bb.<\/p>\n<p>Es evidente que un gran pa\u00eds que pretenda ser potencia emergente y referencia para sus vecinos debe contar con una econom\u00eda con tecnolog\u00edas de punta y, sobre todo, debe tener una personalidad propia. La naciones que se someten a una gran potencia, no pueden jugar el papel de l\u00edderes o referentes, menos en un per\u00edodo de grandes cambios y sacudones geopol\u00edticos como el actual.<\/p>\n","protected":false},"excerpt":{"rendered":"<p>por Ra\u00fal Zibechi \u00abDel rid\u00edculo no se vuelve\u00bb, acostumbraba decir el general argentino Juan Domingo Per\u00f3n parafraseando a otro presidente, Domingo Faustino Sarmiento. La frase se puede aplicar con todo rigor al papel\u00f3n de Jair Bolsonaro en el Foro de Davos, donde ten\u00eda 45 minutos para explicar su programa de gobierno ante la crema de [&hellip;]<\/p>\n","protected":false},"author":1,"featured_media":1076,"comment_status":"open","ping_status":"open","sticky":false,"template":"","format":"standard","meta":{"jetpack_post_was_ever_published":false,"_jetpack_newsletter_access":"","_jetpack_dont_email_post_to_subs":false,"_jetpack_newsletter_tier_id":0,"_jetpack_memberships_contains_paywalled_content":false,"_jetpack_memberships_contains_paid_content":false,"footnotes":"","jetpack_publicize_message":"","jetpack_publicize_feature_enabled":true,"jetpack_social_post_already_shared":true,"jetpack_social_options":{"image_generator_settings":{"template":"highway","enabled":false},"version":2}},"categories":[2],"tags":[],"class_list":["post-1075","post","type-post","status-publish","format-standard","has-post-thumbnail","hentry","category-blog"],"jetpack_publicize_connections":[],"yoast_head":"<!-- This site is optimized with the Yoast SEO plugin v23.4 - https:\/\/yoast.com\/wordpress\/plugins\/seo\/ -->\n<title>El fin de Brasil como potencia global emergente - UninomadaSUR<\/title>\n<meta name=\"robots\" content=\"index, follow, max-snippet:-1, max-image-preview:large, max-video-preview:-1\" \/>\n<link rel=\"canonical\" href=\"https:\/\/uninomadasur.net\/?p=1075\" \/>\n<meta property=\"og:locale\" content=\"es_ES\" \/>\n<meta property=\"og:type\" content=\"article\" \/>\n<meta property=\"og:title\" content=\"El fin de Brasil como potencia global emergente - UninomadaSUR\" \/>\n<meta property=\"og:description\" content=\"por Ra\u00fal Zibechi \u00abDel rid\u00edculo no se vuelve\u00bb, acostumbraba decir el general argentino Juan Domingo Per\u00f3n parafraseando a otro presidente, Domingo Faustino Sarmiento. La frase se puede aplicar con todo rigor al papel\u00f3n de Jair Bolsonaro en el Foro de Davos, donde ten\u00eda 45 minutos para explicar su programa de gobierno ante la crema de [&hellip;]\" \/>\n<meta property=\"og:url\" content=\"https:\/\/uninomadasur.net\/?p=1075\" \/>\n<meta property=\"og:site_name\" content=\"UninomadaSUR\" \/>\n<meta property=\"article:published_time\" content=\"2019-02-06T09:33:44+00:00\" \/>\n<meta property=\"og:image\" content=\"https:\/\/uninomadasur.net\/wp-content\/uploads\/2019\/02\/Ra\u00fal-Zibechi.jpg\" \/>\n\t<meta property=\"og:image:width\" content=\"600\" \/>\n\t<meta property=\"og:image:height\" content=\"400\" \/>\n\t<meta property=\"og:image:type\" content=\"image\/jpeg\" \/>\n<meta name=\"author\" content=\"admin\" \/>\n<meta name=\"twitter:card\" content=\"summary_large_image\" \/>\n<meta name=\"twitter:label1\" content=\"Escrito por\" \/>\n\t<meta name=\"twitter:data1\" content=\"admin\" \/>\n\t<meta name=\"twitter:label2\" content=\"Tiempo de lectura\" \/>\n\t<meta name=\"twitter:data2\" content=\"5 minutos\" \/>\n<script type=\"application\/ld+json\" class=\"yoast-schema-graph\">{\"@context\":\"https:\/\/schema.org\",\"@graph\":[{\"@type\":\"Article\",\"@id\":\"https:\/\/uninomadasur.net\/?p=1075#article\",\"isPartOf\":{\"@id\":\"https:\/\/uninomadasur.net\/?p=1075\"},\"author\":{\"name\":\"admin\",\"@id\":\"https:\/\/uninomadasur.net\/#\/schema\/person\/c7a35ca2374cf2966d7c68ad81604c21\"},\"headline\":\"El fin de Brasil como potencia global emergente\",\"datePublished\":\"2019-02-06T09:33:44+00:00\",\"dateModified\":\"2019-02-06T09:33:44+00:00\",\"mainEntityOfPage\":{\"@id\":\"https:\/\/uninomadasur.net\/?p=1075\"},\"wordCount\":1106,\"commentCount\":0,\"publisher\":{\"@id\":\"https:\/\/uninomadasur.net\/#organization\"},\"image\":{\"@id\":\"https:\/\/uninomadasur.net\/?p=1075#primaryimage\"},\"thumbnailUrl\":\"https:\/\/uninomadasur.net\/wp-content\/uploads\/2019\/02\/Ra\u00fal-Zibechi.jpg\",\"articleSection\":[\"Blog\"],\"inLanguage\":\"es\",\"potentialAction\":[{\"@type\":\"CommentAction\",\"name\":\"Comment\",\"target\":[\"https:\/\/uninomadasur.net\/?p=1075#respond\"]}]},{\"@type\":\"WebPage\",\"@id\":\"https:\/\/uninomadasur.net\/?p=1075\",\"url\":\"https:\/\/uninomadasur.net\/?p=1075\",\"name\":\"El fin de Brasil como potencia global emergente - UninomadaSUR\",\"isPartOf\":{\"@id\":\"https:\/\/uninomadasur.net\/#website\"},\"primaryImageOfPage\":{\"@id\":\"https:\/\/uninomadasur.net\/?p=1075#primaryimage\"},\"image\":{\"@id\":\"https:\/\/uninomadasur.net\/?p=1075#primaryimage\"},\"thumbnailUrl\":\"https:\/\/uninomadasur.net\/wp-content\/uploads\/2019\/02\/Ra\u00fal-Zibechi.jpg\",\"datePublished\":\"2019-02-06T09:33:44+00:00\",\"dateModified\":\"2019-02-06T09:33:44+00:00\",\"breadcrumb\":{\"@id\":\"https:\/\/uninomadasur.net\/?p=1075#breadcrumb\"},\"inLanguage\":\"es\",\"potentialAction\":[{\"@type\":\"ReadAction\",\"target\":[\"https:\/\/uninomadasur.net\/?p=1075\"]}]},{\"@type\":\"ImageObject\",\"inLanguage\":\"es\",\"@id\":\"https:\/\/uninomadasur.net\/?p=1075#primaryimage\",\"url\":\"https:\/\/uninomadasur.net\/wp-content\/uploads\/2019\/02\/Ra\u00fal-Zibechi.jpg\",\"contentUrl\":\"https:\/\/uninomadasur.net\/wp-content\/uploads\/2019\/02\/Ra\u00fal-Zibechi.jpg\",\"width\":600,\"height\":400},{\"@type\":\"BreadcrumbList\",\"@id\":\"https:\/\/uninomadasur.net\/?p=1075#breadcrumb\",\"itemListElement\":[{\"@type\":\"ListItem\",\"position\":1,\"name\":\"Inicio\",\"item\":\"https:\/\/uninomadasur.net\/\"},{\"@type\":\"ListItem\",\"position\":2,\"name\":\"El fin de Brasil como potencia global emergente\"}]},{\"@type\":\"WebSite\",\"@id\":\"https:\/\/uninomadasur.net\/#website\",\"url\":\"https:\/\/uninomadasur.net\/\",\"name\":\"UninomadaSUR\",\"description\":\"UninomadaSUR\",\"publisher\":{\"@id\":\"https:\/\/uninomadasur.net\/#organization\"},\"potentialAction\":[{\"@type\":\"SearchAction\",\"target\":{\"@type\":\"EntryPoint\",\"urlTemplate\":\"https:\/\/uninomadasur.net\/?s={search_term_string}\"},\"query-input\":{\"@type\":\"PropertyValueSpecification\",\"valueRequired\":true,\"valueName\":\"search_term_string\"}}],\"inLanguage\":\"es\"},{\"@type\":\"Organization\",\"@id\":\"https:\/\/uninomadasur.net\/#organization\",\"name\":\"UninomadaSUR\",\"url\":\"https:\/\/uninomadasur.net\/\",\"logo\":{\"@type\":\"ImageObject\",\"inLanguage\":\"es\",\"@id\":\"https:\/\/uninomadasur.net\/#\/schema\/logo\/image\/\",\"url\":\"https:\/\/uninomadasur.net\/wp-content\/uploads\/2018\/09\/uni-logo.png\",\"contentUrl\":\"https:\/\/uninomadasur.net\/wp-content\/uploads\/2018\/09\/uni-logo.png\",\"width\":260,\"height\":94,\"caption\":\"UninomadaSUR\"},\"image\":{\"@id\":\"https:\/\/uninomadasur.net\/#\/schema\/logo\/image\/\"}},{\"@type\":\"Person\",\"@id\":\"https:\/\/uninomadasur.net\/#\/schema\/person\/c7a35ca2374cf2966d7c68ad81604c21\",\"name\":\"admin\",\"image\":{\"@type\":\"ImageObject\",\"inLanguage\":\"es\",\"@id\":\"https:\/\/uninomadasur.net\/#\/schema\/person\/image\/\",\"url\":\"https:\/\/secure.gravatar.com\/avatar\/36436a50c876208a9dab2a6cf1785c4f?s=96&d=mm&r=g\",\"contentUrl\":\"https:\/\/secure.gravatar.com\/avatar\/36436a50c876208a9dab2a6cf1785c4f?s=96&d=mm&r=g\",\"caption\":\"admin\"},\"url\":\"https:\/\/uninomadasur.net\/?author=1\"}]}<\/script>\n<!-- \/ Yoast SEO plugin. -->","yoast_head_json":{"title":"El fin de Brasil como potencia global emergente - UninomadaSUR","robots":{"index":"index","follow":"follow","max-snippet":"max-snippet:-1","max-image-preview":"max-image-preview:large","max-video-preview":"max-video-preview:-1"},"canonical":"https:\/\/uninomadasur.net\/?p=1075","og_locale":"es_ES","og_type":"article","og_title":"El fin de Brasil como potencia global emergente - UninomadaSUR","og_description":"por Ra\u00fal Zibechi \u00abDel rid\u00edculo no se vuelve\u00bb, acostumbraba decir el general argentino Juan Domingo Per\u00f3n parafraseando a otro presidente, Domingo Faustino Sarmiento. La frase se puede aplicar con todo rigor al papel\u00f3n de Jair Bolsonaro en el Foro de Davos, donde ten\u00eda 45 minutos para explicar su programa de gobierno ante la crema de [&hellip;]","og_url":"https:\/\/uninomadasur.net\/?p=1075","og_site_name":"UninomadaSUR","article_published_time":"2019-02-06T09:33:44+00:00","og_image":[{"width":600,"height":400,"url":"https:\/\/uninomadasur.net\/wp-content\/uploads\/2019\/02\/Ra\u00fal-Zibechi.jpg","type":"image\/jpeg"}],"author":"admin","twitter_card":"summary_large_image","twitter_misc":{"Escrito por":"admin","Tiempo de lectura":"5 minutos"},"schema":{"@context":"https:\/\/schema.org","@graph":[{"@type":"Article","@id":"https:\/\/uninomadasur.net\/?p=1075#article","isPartOf":{"@id":"https:\/\/uninomadasur.net\/?p=1075"},"author":{"name":"admin","@id":"https:\/\/uninomadasur.net\/#\/schema\/person\/c7a35ca2374cf2966d7c68ad81604c21"},"headline":"El fin de Brasil como potencia global emergente","datePublished":"2019-02-06T09:33:44+00:00","dateModified":"2019-02-06T09:33:44+00:00","mainEntityOfPage":{"@id":"https:\/\/uninomadasur.net\/?p=1075"},"wordCount":1106,"commentCount":0,"publisher":{"@id":"https:\/\/uninomadasur.net\/#organization"},"image":{"@id":"https:\/\/uninomadasur.net\/?p=1075#primaryimage"},"thumbnailUrl":"https:\/\/uninomadasur.net\/wp-content\/uploads\/2019\/02\/Ra\u00fal-Zibechi.jpg","articleSection":["Blog"],"inLanguage":"es","potentialAction":[{"@type":"CommentAction","name":"Comment","target":["https:\/\/uninomadasur.net\/?p=1075#respond"]}]},{"@type":"WebPage","@id":"https:\/\/uninomadasur.net\/?p=1075","url":"https:\/\/uninomadasur.net\/?p=1075","name":"El fin de Brasil como potencia global emergente - UninomadaSUR","isPartOf":{"@id":"https:\/\/uninomadasur.net\/#website"},"primaryImageOfPage":{"@id":"https:\/\/uninomadasur.net\/?p=1075#primaryimage"},"image":{"@id":"https:\/\/uninomadasur.net\/?p=1075#primaryimage"},"thumbnailUrl":"https:\/\/uninomadasur.net\/wp-content\/uploads\/2019\/02\/Ra\u00fal-Zibechi.jpg","datePublished":"2019-02-06T09:33:44+00:00","dateModified":"2019-02-06T09:33:44+00:00","breadcrumb":{"@id":"https:\/\/uninomadasur.net\/?p=1075#breadcrumb"},"inLanguage":"es","potentialAction":[{"@type":"ReadAction","target":["https:\/\/uninomadasur.net\/?p=1075"]}]},{"@type":"ImageObject","inLanguage":"es","@id":"https:\/\/uninomadasur.net\/?p=1075#primaryimage","url":"https:\/\/uninomadasur.net\/wp-content\/uploads\/2019\/02\/Ra\u00fal-Zibechi.jpg","contentUrl":"https:\/\/uninomadasur.net\/wp-content\/uploads\/2019\/02\/Ra\u00fal-Zibechi.jpg","width":600,"height":400},{"@type":"BreadcrumbList","@id":"https:\/\/uninomadasur.net\/?p=1075#breadcrumb","itemListElement":[{"@type":"ListItem","position":1,"name":"Inicio","item":"https:\/\/uninomadasur.net\/"},{"@type":"ListItem","position":2,"name":"El fin de Brasil como potencia global emergente"}]},{"@type":"WebSite","@id":"https:\/\/uninomadasur.net\/#website","url":"https:\/\/uninomadasur.net\/","name":"UninomadaSUR","description":"UninomadaSUR","publisher":{"@id":"https:\/\/uninomadasur.net\/#organization"},"potentialAction":[{"@type":"SearchAction","target":{"@type":"EntryPoint","urlTemplate":"https:\/\/uninomadasur.net\/?s={search_term_string}"},"query-input":{"@type":"PropertyValueSpecification","valueRequired":true,"valueName":"search_term_string"}}],"inLanguage":"es"},{"@type":"Organization","@id":"https:\/\/uninomadasur.net\/#organization","name":"UninomadaSUR","url":"https:\/\/uninomadasur.net\/","logo":{"@type":"ImageObject","inLanguage":"es","@id":"https:\/\/uninomadasur.net\/#\/schema\/logo\/image\/","url":"https:\/\/uninomadasur.net\/wp-content\/uploads\/2018\/09\/uni-logo.png","contentUrl":"https:\/\/uninomadasur.net\/wp-content\/uploads\/2018\/09\/uni-logo.png","width":260,"height":94,"caption":"UninomadaSUR"},"image":{"@id":"https:\/\/uninomadasur.net\/#\/schema\/logo\/image\/"}},{"@type":"Person","@id":"https:\/\/uninomadasur.net\/#\/schema\/person\/c7a35ca2374cf2966d7c68ad81604c21","name":"admin","image":{"@type":"ImageObject","inLanguage":"es","@id":"https:\/\/uninomadasur.net\/#\/schema\/person\/image\/","url":"https:\/\/secure.gravatar.com\/avatar\/36436a50c876208a9dab2a6cf1785c4f?s=96&d=mm&r=g","contentUrl":"https:\/\/secure.gravatar.com\/avatar\/36436a50c876208a9dab2a6cf1785c4f?s=96&d=mm&r=g","caption":"admin"},"url":"https:\/\/uninomadasur.net\/?author=1"}]}},"jetpack_featured_media_url":"https:\/\/uninomadasur.net\/wp-content\/uploads\/2019\/02\/Ra\u00fal-Zibechi.jpg","jetpack_sharing_enabled":true,"jetpack_shortlink":"https:\/\/wp.me\/paDeUS-hl","_links":{"self":[{"href":"https:\/\/uninomadasur.net\/index.php?rest_route=\/wp\/v2\/posts\/1075"}],"collection":[{"href":"https:\/\/uninomadasur.net\/index.php?rest_route=\/wp\/v2\/posts"}],"about":[{"href":"https:\/\/uninomadasur.net\/index.php?rest_route=\/wp\/v2\/types\/post"}],"author":[{"embeddable":true,"href":"https:\/\/uninomadasur.net\/index.php?rest_route=\/wp\/v2\/users\/1"}],"replies":[{"embeddable":true,"href":"https:\/\/uninomadasur.net\/index.php?rest_route=%2Fwp%2Fv2%2Fcomments&post=1075"}],"version-history":[{"count":1,"href":"https:\/\/uninomadasur.net\/index.php?rest_route=\/wp\/v2\/posts\/1075\/revisions"}],"predecessor-version":[{"id":1077,"href":"https:\/\/uninomadasur.net\/index.php?rest_route=\/wp\/v2\/posts\/1075\/revisions\/1077"}],"wp:featuredmedia":[{"embeddable":true,"href":"https:\/\/uninomadasur.net\/index.php?rest_route=\/wp\/v2\/media\/1076"}],"wp:attachment":[{"href":"https:\/\/uninomadasur.net\/index.php?rest_route=%2Fwp%2Fv2%2Fmedia&parent=1075"}],"wp:term":[{"taxonomy":"category","embeddable":true,"href":"https:\/\/uninomadasur.net\/index.php?rest_route=%2Fwp%2Fv2%2Fcategories&post=1075"},{"taxonomy":"post_tag","embeddable":true,"href":"https:\/\/uninomadasur.net\/index.php?rest_route=%2Fwp%2Fv2%2Ftags&post=1075"}],"curies":[{"name":"wp","href":"https:\/\/api.w.org\/{rel}","templated":true}]}}