{"id":1841,"date":"2019-07-08T10:30:50","date_gmt":"2019-07-08T10:30:50","guid":{"rendered":"http:\/\/uninomadasur.net\/?p=1841"},"modified":"2019-07-08T10:30:50","modified_gmt":"2019-07-08T10:30:50","slug":"henri-lefebvre-el-espacio-producto-social-y-valor-de-uso","status":"publish","type":"post","link":"https:\/\/uninomadasur.net\/?p=1841","title":{"rendered":"Henri Lefebvre: \u201cEl espacio: producto social y valor de uso\u201d"},"content":{"rendered":"<p><strong><em>Introducci\u00f3n: Henri Lefebvre: un \u2018programa com\u00fan\u2019 hacia un espacio socialista<\/em><\/strong><\/p>\n<p><strong><em>por Pedro Jim\u00e9nez Pacheco<\/em><\/strong><\/p>\n<p><em>En Francia entre los a\u00f1os 1972 y 1977, los partidos de la izquierda institucional (Partido Comunista Franc\u00e9s, Partido Socialista y Movimientos Radicales de Izquierda) finalmente llegaron, no sin dificultad, a unirse en la Union de la gauche con el objetivo de desarrollar un \u2018programa com\u00fan\u2019 para la conquista electoral del poder en una perspectiva de \u2018transici\u00f3n al socialismo\u2019. Dentro de este marco, al no existir un an\u00e1lisis serio y profundo sobre la especificidad de la dimensi\u00f3n espacial de la dominaci\u00f3n capitalista, y casi nada de lo que podr\u00eda o deber\u00eda ser un \u2018espacio socialista\u2019, esta ser\u00eda una nueva oportunidad para que Lefebvre se detenga a llenar esta deficiencia te\u00f3rica. As\u00ed pues, en el a\u00f1o 1976, particip\u00f3 en muchos debates dentro y fuera de los partidos de la Uni\u00f3n de la Izquierda. Uno de ellos, en torno a la pregunta \u2018\u00bfHay alguna teor\u00eda socialista del espacio?\u2019 Este coloquio merece la atenci\u00f3n de Lefebvre para intentar resumir el progreso de su reflexi\u00f3n te\u00f3rica y pol\u00edtica del espacio (Garnier, 2010). Dicho congreso ser\u00e1 difundido el mismo a\u00f1o en una edici\u00f3n especial de La nouvelle revue socialiste, titulada Le renouveau socialiste et l\u2019unit\u00e9 de la gauche[i]. Tres a\u00f1os m\u00e1s tarde, en 1979, el joven profesor J. W. Freiberg del Departamento de Sociolog\u00eda de la Universidad de Boston, publicar\u00e1 la conferencia de Lefebvre en su libro Critical Sociology: European Perspectives[ii], una recopilaci\u00f3n de las conferencias recogidas durante cinco veranos consecutivos, en seminarios intensivos con diez acad\u00e9micos europeos[iii]. Adem\u00e1s, en los a\u00f1os acad\u00e9micos regulares, Freiberg dio la bienvenida al ingl\u00e9s Michael Mann, al canadiense John O\u2019Neill, al espa\u00f1ol Vicente Navarro, al suizo-alem\u00e1n Urs Jaeggi, al egipcio Anouar Abdel-Malek, y en particular al franc\u00e9s Henri Lefebvre, que mantuvo a sus oyentes fascinados con una semana de espl\u00e9ndidas conferencias (Freiberg, 2000). Una de ellas, L\u2019espace: produit social et valeur d\u2019usage, se tradujo al ingl\u00e9s y fue reproducida en el libro de Freiberg.<\/em><span id=\"more-12064\"><\/span><\/p>\n<p><em>Jean Pierre Garnier[iv] nos recuerda la importancia y la claridad del discurso de Lefebvre en la construcci\u00f3n de ese programa com\u00fan de transici\u00f3n hacia el socialismo en Francia durante los a\u00f1os 70. En primer lugar, se\u00a0 propone volver a la posesi\u00f3n y gesti\u00f3n colectiva del espacio como estrategia fundamental en la transformaci\u00f3n social, a\u00f1adiendo a esto su producci\u00f3n social, as\u00ed como tambi\u00e9n, el desvelamiento y cr\u00edtica radical del espacio capitalista, dejando ver sus funciones y contradicciones en el camino hacia un colapso generalizado del espacio, en el que los movimientos de base en el mundo empiezan a desafiar a la dominaci\u00f3n de lo econ\u00f3mico sobre el espacio social y su valor de uso. Lefebvre plantea la reinvenci\u00f3n de dichos movimientos, su reorganizaci\u00f3n fuera del lugar de trabajo, su re-dimensionamiento, y futuras luchas en el espacio como movimientos de usuarios, sin aniquilar la lucha de clases. Introduce la categor\u00eda del tiempo vivido en el espacio, como valor de uso fundamental, cercenado y reducido por la modernidad al tiempo lineal de supremac\u00eda de lo econ\u00f3mico.<\/em><\/p>\n<p><em>Esta re-invenci\u00f3n de los movimientos de base supone una de las claves de esta izquierda unida para llevar a las masas a encontrar nuevas expresiones y un idioma com\u00fan, que normalmente topan con unos l\u00edmites pol\u00edtica y estrat\u00e9gicamente estrechos. En este sentido se considera que la posici\u00f3n de Lefebvre fue inequ\u00edvoca al anunciar el rol de esta nueva izquierda como organizadora de la lucha de clases en el espacio, de manera opuesta a su pacificaci\u00f3n y estabilizaci\u00f3n, tal como lo hizo la izquierda institucional una vez llegada al gobierno (Garnier, 2010). As\u00ed, el discurso de Lefebvre fluye a ra\u00edz de su innovaci\u00f3n te\u00f3rica sobre la producci\u00f3n del espacio social y el an\u00e1lisis para descifrar el espacio capitalista, hacia un claro posicionamiento de la idea de que una sociedad que se est\u00e1 transformando dentro del socialismo no puede aceptar (incluso durante el per\u00edodo de transici\u00f3n) al espacio que ya es producido por el capitalismo; y, que esta sociedad \u2018diferente\u2019 inventa, crea, produce nuevas formas de espacio, pero existen unas relaciones de propiedad y otras relaciones sociales de producci\u00f3n que est\u00e1n bloqueando esas posibilidades.<\/em><\/p>\n<p><em>Debido a la coyuntura pol\u00edtica entre espont\u00e1nea y partidista, Lefebvre hace un aporte al allanamiento del camino de transici\u00f3n (pac\u00edfica) al socialismo, dedicando la segunda parte de su discurso al \u2018espacio socialista\u2019 y su situaci\u00f3n dentro de las oportunidades y los obst\u00e1culos para sustituir al espacio capitalista. Sin adelantar demasiado los aportes lefebvrianos, est\u00e1 claro que el acercamiento que hace al espacio socialista es m\u00e1s un soporte te\u00f3rico organizativo, que una lanza de insumos program\u00e1ticos u operativos. El despliegue y fluidez del contenido del discurso, sin embargo, es de una concreci\u00f3n in\u00e9dita en las obras y art\u00edculos de Lefebvre. Su an\u00e1lisis, obliga a detenerse en algunos detalles que se resuelven adecuadamente en su teor\u00eda unitaria del espacio social.<\/em><\/p>\n<p><strong><em><a href=\"https:\/\/marxismocritico.files.wordpress.com\/2017\/04\/lefebvre.jpg\"><img loading=\"lazy\" decoding=\"async\" class=\"alignleft wp-image-12068\" src=\"https:\/\/marxismocritico.files.wordpress.com\/2017\/04\/lefebvre.jpg?w=358&amp;h=241\" sizes=\"(max-width: 358px) 100vw, 358px\" srcset=\"https:\/\/marxismocritico.files.wordpress.com\/2017\/04\/lefebvre.jpg?w=358&amp;h=241 358w, https:\/\/marxismocritico.files.wordpress.com\/2017\/04\/lefebvre.jpg?w=150&amp;h=101 150w, https:\/\/marxismocritico.files.wordpress.com\/2017\/04\/lefebvre.jpg?w=300&amp;h=202 300w, https:\/\/marxismocritico.files.wordpress.com\/2017\/04\/lefebvre.jpg 521w\" alt=\"\" width=\"358\" height=\"241\" data-attachment-id=\"12068\" data-permalink=\"https:\/\/marxismocritico.com\/2017\/04\/27\/el-espacio-producto-social-y-valor-de-uso\/lefebvre\/\" data-orig-file=\"https:\/\/marxismocritico.files.wordpress.com\/2017\/04\/lefebvre.jpg\" data-orig-size=\"521,351\" data-comments-opened=\"1\" data-image-meta=\"{&quot;aperture&quot;:&quot;0&quot;,&quot;credit&quot;:&quot;&quot;,&quot;camera&quot;:&quot;&quot;,&quot;caption&quot;:&quot;&quot;,&quot;created_timestamp&quot;:&quot;0&quot;,&quot;copyright&quot;:&quot;&quot;,&quot;focal_length&quot;:&quot;0&quot;,&quot;iso&quot;:&quot;0&quot;,&quot;shutter_speed&quot;:&quot;0&quot;,&quot;title&quot;:&quot;&quot;,&quot;orientation&quot;:&quot;1&quot;}\" data-image-title=\"lefebvre\" data-image-description=\"\" data-medium-file=\"https:\/\/marxismocritico.files.wordpress.com\/2017\/04\/lefebvre.jpg?w=300\" data-large-file=\"https:\/\/marxismocritico.files.wordpress.com\/2017\/04\/lefebvre.jpg?w=521\" \/><\/a><\/em>El Espacio: Producto social \u00a0y valor de uso, Henri Lefebvre<br \/>\n<\/strong><\/p>\n<p>\u201cCambiar la vida\u201d, \u201ccambiar la sociedad\u201d, estas frases no significan nada si no existe la producci\u00f3n de un espacio apropiado.<\/p>\n<p>\u201cProducir el espacio\u201d, estas palabras son sorprendentes: la producci\u00f3n del espacio, en concepto y en realidad, ha aparecido s\u00f3lo recientemente, sobre todo, en la explosi\u00f3n de la ciudad hist\u00f3rica, la urbanizaci\u00f3n general de la sociedad, los problemas de la organizaci\u00f3n espacial, etc. Hoy en d\u00eda, el an\u00e1lisis de la producci\u00f3n muestra que hemos pasado de la producci\u00f3n de cosas en el espacio a la producci\u00f3n del espacio mismo.<\/p>\n<p>Este paso de la producci\u00f3n en el espacio a la producci\u00f3n del espacio ocurri\u00f3 debido al crecimiento de propias fuerzas productivas y por la intervenci\u00f3n directa del conocimiento en la producci\u00f3n material. Este conocimiento se convierte eventualmente en conocimiento sobre el espacio, informaci\u00f3n sobre la totalidad del espacio. La producci\u00f3n en el espacio no est\u00e1 desapareciendo, pero est\u00e1 orientada de una forma diferente. Uno puede hablar de una econom\u00eda de flujos: el flujo de la energ\u00eda, el flujo de las materias primas, el flujo del trabajo, el flujo de la informaci\u00f3n, etc. Las unidades de producci\u00f3n industrial y agr\u00edcola ya no son independientes y aisladas.<\/p>\n<p>De esto se desprende una importante consecuencia: La planificaci\u00f3n de la econom\u00eda moderna tiende a convertirse en la planificaci\u00f3n del espacio. El urbanismo y el manejo territorial son solo elementos de esta planificaci\u00f3n espacial, los efectos de la misma se sienten por todas partes, aunque este ha sido particularmente el caso de Francia.<\/p>\n<p>El espacio es social: se trata de la asignaci\u00f3n de lugares m\u00e1s o menos apropiados para las relaciones sociales de reproducci\u00f3n, es decir, las relaciones bio-fisiol\u00f3gicas entre los sexos, las edades, la organizaci\u00f3n espec\u00edfica de la familia, y para las relaciones de producci\u00f3n, es decir, la divisi\u00f3n del trabajo y su organizaci\u00f3n.<\/p>\n<p>El pasado ha dejado sus marcas, sus inscripciones, pero el espacio es siempre un espacio presente, una totalidad actual, con sus enlaces y conexiones para la acci\u00f3n. De hecho, la producci\u00f3n y el producto son lados inseparables de un proceso.<\/p>\n<p>El espacio social no se explica por la naturaleza (el clima y la topolog\u00eda), la historia, o la cultura. Adem\u00e1s, las fuerzas productivas no constituyen un espacio o un tiempo. Mediaciones y mediadores se interponen entre ellos: con sus razones derivadas del conocimiento, de la ideolog\u00eda, del sistema de significados.<\/p>\n<p>Es el espacio una relaci\u00f3n social? S\u00ed, sin duda, pero es inherente a la relaci\u00f3n de propiedad (el propietario de la tierra, en particular), tambi\u00e9n est\u00e1 vinculado a las fuerzas productivas que dan forma a esta tierra. El espacio est\u00e1 impregnado de relaciones sociales; no s\u00f3lo es sostenido por las relaciones sociales, sino que tambi\u00e9n est\u00e1 produciendo y es producido por las relaciones sociales.<\/p>\n<p>El espacio tiene su propia realidad en los actuales modo de producci\u00f3n y sociedad con las mismas demandas y en el mismo proceso global de materias primas, dinero y capital.<\/p>\n<p>El espacio natural se ha ido irreversiblemente. Y aunque permanece, por supuesto, como el origen del proceso social, la naturaleza se reduce ahora a los materiales en los que operan las fuerzas productivas de la sociedad.<\/p>\n<p>Cada sociedad nace en el marco de un modo de producci\u00f3n dado, con las peculiaridades inherentes a este marco, moldeando su espacio. La pr\u00e1ctica espacial define su espacio, lo plantea y lo presupone en una interacci\u00f3n dial\u00e9ctica.<\/p>\n<p>El espacio social, pues, siempre ha sido un producto social, pero esto no fue reconocido. Las sociedades pensaban que recibieron y transmitieron el espacio natural. Todo el espacio social tiene una historia que comienza a partir de esta base natural: en efecto, la naturaleza est\u00e1 siempre y en todo lugar caracterizada por particularidades (climas, topolog\u00edas, etc.).<\/p>\n<p>Pero si hay una historia del espacio, si hay una especificidad del espacio de acuerdo a los per\u00edodos, las sociedades, los modos y relaciones de producci\u00f3n, entonces hay un espacio del capitalismo, es decir, de la sociedad administrada y dominada por la burgues\u00eda.<\/p>\n<p><strong>EL ESPACIO CAPITALISTA<\/strong><\/p>\n<p>El capitalismo y neocapitalismo han producido un espacio abstracto, que es el reflejo del mundo de los negocios en los niveles nacional e internacional, as\u00ed como, del poder del dinero y la pol\u00edtica del Estado. Este espacio abstracto depende de vastas redes de bancos, empresas y grandes centros de producci\u00f3n. Tambi\u00e9n existe la intervenci\u00f3n espacial de autopistas, aeropuertos y redes de informaci\u00f3n. En este espacio, la cuna de la acumulaci\u00f3n, el lugar de la riqueza, el sujeto de la historia, el centro del espacio hist\u00f3rico, \u2013en otras palabras, la ciudad\u2013 ha estallado.<\/p>\n<p>El espacio como un todo entra en el modo modernizado de producci\u00f3n capitalista: se lo utiliza para producir plusval\u00eda. El suelo, el subsuelo, el aire, e incluso la luz son parte de ambos, las fuerzas productivas y los productos. La f\u00e1brica urbana, con sus m\u00faltiples redes de comunicaci\u00f3n e intercambio, es parte de los medios de producci\u00f3n. La ciudad y sus diversas instalaciones (puertos, estaciones de tren, etc.) son parte del capital.<\/p>\n<p>El espacio abstracto revela sus capacidades opresivas y represivas en relaci\u00f3n con el tiempo. Rechaza el tiempo como una abstracci\u00f3n (excepto cuando se trata del trabajo, del productor de las cosas y de la plusval\u00eda). El tiempo se reduce a las limitaciones del espacio: horarios, carreras, traves\u00edas, cargas.<\/p>\n<p><strong>Las diferentes funciones del espacio capitalista<\/strong><\/p>\n<p><strong>Medio de producci\u00f3n<\/strong><\/p>\n<p>El espacio es un medio de producci\u00f3n: la red de intercambios y los flujos de materias primas y energ\u00eda que conforman el espacio tambi\u00e9n son determinados por el espacio. Los medios de producci\u00f3n, un producto en si mismos, no se pueden separar de las fuerzas de producci\u00f3n, t\u00e9cnicas y conocimiento, de la divisi\u00f3n internacional del trabajo, de la naturaleza, o del Estado y otras superestructuras.<\/p>\n<p>La ciudad, el espacio urbano y la realidad urbana no pueden ser concebidos simplemente como la suma de lugares de consumo de bienes (mercanc\u00edas) y los lugares de producci\u00f3n (empresas).<\/p>\n<p>La disposici\u00f3n espacial de una ciudad, una regi\u00f3n, una naci\u00f3n o un continente incrementa las fuerzas productivas, al igual que lo hacen los equipos y m\u00e1quinas en una f\u00e1brica o en una empresa, pero en otro nivel. Uno utiliza el espacio tal y como se utiliza una m\u00e1quina.<\/p>\n<p><strong>Un objeto de consumo<\/strong><\/p>\n<p>El espacio como un todo es consumido para la producci\u00f3n del mismo modo que lo son edificios industriales y sitios, m\u00e1quinas, materias primas y la fuerza de trabajo.<\/p>\n<p>Cuando nosotros vamos a las monta\u00f1as o a la playa, consumimos un espacio. Cuando los habitantes de la Europa industrializada descienden al Mediterr\u00e1neo, el cual se ha convertido en su espacio de ocio, ellos pasan del espacio de producci\u00f3n al consumo del espacio.<\/p>\n<p><strong>Un instrumento pol\u00edtico<\/strong><\/p>\n<p>El Estado utiliza el espacio de tal manera que garantice su control de los lugares, su jerarqu\u00eda estricta, la homogeneidad total y la segregaci\u00f3n de las partes. Es por tanto un espacio administrativamente controlado e incluso un espacio vigilado. La jerarqu\u00eda de los espacios corresponde a la de las clases sociales, y si existen guetos para todas las clases, los de la clase obrera son simplemente m\u00e1s aislados que los de las otras clases.<\/p>\n<p><strong>La intervenci\u00f3n de la lucha de clases<\/strong><\/p>\n<p>La lucha de clases interviene en la producci\u00f3n del espacio, hoy m\u00e1s que nunca. S\u00f3lo el conflicto de clases puede evitar que el espacio abstracto se auto-propague por todo el planeta y, por tanto, pueda borrar todas las diferencias espaciales. S\u00f3lo la acci\u00f3n de clase puede producir diferencias que se opongan a lo interior del crecimiento econ\u00f3mico, a saber, la estrategia, la l\u00f3gica, y el sistema.<\/p>\n<p>Debido a esto, en el actual modo de producci\u00f3n, el espacio social est\u00e1 considerado entre las fuerzas productivas y los medios de producci\u00f3n, entre las relaciones sociales de producci\u00f3n y su reproducci\u00f3n especialmente.<\/p>\n<p>La historia emerge a nivel mundial, y por tanto produce un espacio en este nivel: La formaci\u00f3n de un mercado mundial, una generalizaci\u00f3n internacional del estado y sus problemas, nuevas relaciones entre sociedad y espacio. El espacio mundial es el campo en el que nuestra \u00e9poca es creada.<\/p>\n<p>Con este espacio mundial, y con las nuevas contradicciones se borran viejas contradicciones, nuevos agravantes aparecer\u00e1n; por ejemplo, las relaciones internacionales entre los estados y sus estrategias de confrontaci\u00f3n.<\/p>\n<p><strong>Las contradicciones del espacio capitalista<\/strong><\/p>\n<p>Este espacio producido por el capitalismo y por el Estado tiene sus propias contradicciones.<\/p>\n<p><strong>La contradicci\u00f3n mayor<\/strong><\/p>\n<p>La mayor contradicci\u00f3n del espacio surge de la pulverizaci\u00f3n del espacio por la propiedad privada, la demanda de fragmentos intercambiables, y por la capacidad cient\u00edfica y t\u00e9cnica (informacional) de tratar al espacio en a\u00fan m\u00e1s vastos niveles. La contradicci\u00f3n \u201ccentro\/periferia\u201d resulta de la contradicci\u00f3n \u201cglobal\/parcial\u201d, puesto que todas las construcciones globales llevaron a la creaci\u00f3n de una centralidad concentrada.<\/p>\n<p><strong>Un espacio orientado hacia lo reproducible<\/strong><\/p>\n<p>Orientada hacia la reproducci\u00f3n de las relaciones sociales de producci\u00f3n, la producci\u00f3n del espacio promulga una l\u00f3gica de homogeneidad y una estrategia de lo repetitivo. Pero este espacio burocr\u00e1tico est\u00e1 en conflicto con sus propias condiciones y con sus propio resultados. Cuando el espacio es de esta naturaleza, ocupado, controlado, orientado hacia lo reproducible, pronto se ve a si mismo rodeado de lo no-reproducible: la naturaleza, el sitio, lo local, lo regional, lo nacional, incluso el nivel mundial.<\/p>\n<p>La actividad de la base, discontinua, m\u00faltiple, pronto se propone el retorno al espacio pre-capitalista. A veces propone un contra-espacio, que empuja hacia la explosi\u00f3n de todos los espacios organizados por la racionalidad estado-burocr\u00e1tico.<\/p>\n<p><strong>\u2026Y la negaci\u00f3n de las diferencias.<\/strong><\/p>\n<p>Este espacio abstracto formal y cuantificado niega todas las diferencias, las que provienen de la naturaleza y la historia, as\u00ed como las que vienen desde el cuerpo, edades, sexos y etnias. La importancia de estos factores disimula y estalla el propio funcionamiento del capitalismo. El espacio dominante, de los centros de riqueza y poder, se ve obligado a moldear los espacios dominados, los de la periferia.<\/p>\n<p>En el espacio del neo-capitalismo, la econom\u00eda y la pol\u00edtica tienden a converger, sin que, sin embargo, lo pol\u00edtico domine lo econ\u00f3mico. Por tanto, los conflictos se manifiestan entre el estado hegem\u00f3nico \u2013que a\u00fan no es due\u00f1o de las cosas\u2013 y los due\u00f1os de estas cosas.<\/p>\n<p><strong>La explosi\u00f3n generalizada del espacio<\/strong><\/p>\n<p>Debido a estas contradicciones, nos encontramos ante un extraordinario, pero poco conocido fen\u00f3meno: la explosi\u00f3n de espacios. Ni el capitalismo, ni el Estado pueden mantener el espacio ca\u00f3tico y contradictorio que han producido. Podemos ser testigos, en todos los niveles, de esta explosi\u00f3n del espacio:<\/p>\n<ul>\n<li>En el nivel de lo inmediato y lo vivido, el espacio est\u00e1 explotando por todos lados, ya sea el espacio habitable, el espacio personal, el espacio escolar, el espacio de la prisi\u00f3n, el espacio del ej\u00e9rcito, o el espacio hospitalario. En todas partes, las personas se est\u00e1n dando cuenta de que las relaciones espaciales son tambi\u00e9n las relaciones sociales.<\/li>\n<li>Al nivel de las ciudades, no s\u00f3lo vemos la explosi\u00f3n de la ciudad hist\u00f3rica sino tambi\u00e9n la de todos los marcos administrativos en los que hubieran querido encerrar el fen\u00f3meno urbano.<\/li>\n<li>Al nivel de las regiones, las periferias est\u00e1n luchando por su autonom\u00eda o cierto grado de independencia. Comprometen acciones que desaf\u00edan su subordinaci\u00f3n a la centralizaci\u00f3n estatal, econ\u00f3mica y pol\u00edtica.<\/li>\n<li>Finalmente, en el nivel internacional, no s\u00f3lo las acciones de las denominadas empresas supranacionales, sino tambi\u00e9n las de las grandes estrategias mundiales, se preparan y hacen inevitable la nueva explosi\u00f3n del espacio. El Mediterr\u00e1neo es un excelente ejemplo, porque si se ha convertido en un espacio estrat\u00e9gico, es s\u00f3lo despu\u00e9s de la acumulaci\u00f3n de muchos factores. Esta red, que conten\u00eda las relaciones comerciales m\u00e1s antiguas del mundo, lo cual nos dio nuestras grandes ciudades y puertos, recientemente ha sido transformada por completo en un espacio de ocio para la Europa industrial. Y m\u00e1s recientemente, este espacio ha sido atravesado por el flujo de energ\u00eda y materias primas. Por \u00faltimo, ha sido un espacio casi sobre-industrializado con enormes complejos instalados en su periferia, no s\u00f3lo en Fos, sino tambi\u00e9n en Sagunto y en Taranto (Francia, Italia y Espa\u00f1a). Estos fen\u00f3menos representan alteraciones extraordinarias del espacio y nos permiten estudiar los problemas ya planteados por las transformaciones del espacio contempor\u00e1neo.<\/li>\n<\/ul>\n<p><strong>Movimientos sociales que cuestionan el uso del espacio<\/strong><\/p>\n<p>En todos los pa\u00edses industrializados, existe un movimiento muy antiguo que proviene de las demandas relativas al trabajo, las empresas y los lugares de trabajo; no obstante, parece que los movimientos actuales est\u00e1n surgiendo a nivel mundial, y aunque todav\u00eda est\u00e9n divididos, incompletos, y en gran parte inconscientes de s\u00ed mismos, se requiere una reorganizaci\u00f3n del espacio fuera de los lugares de trabajo.<\/p>\n<p>Estos son los movimientos de consumidores. En los Estados Unidos son muy frecuentes, numerosos, y m\u00e1s o menos cuestionan el uso del espacio. Ellos revelan que:<\/p>\n<ul>\n<li>El espacio no es \u00fanicamente un asunto econ\u00f3mico, en el cual todas las partes son intercambiables y tienen valor de cambio.<\/li>\n<li>El espacio no es m\u00e1s que un instrumento pol\u00edtico para la homogeneizaci\u00f3n de todos los sectores de la sociedad.<\/li>\n<li>El espacio sigue siendo un modelo, un prototipo perpetuo del valor de uso resistiendo a las generalizaciones del intercambio y valor de cambio en una econom\u00eda capitalista bajo la autoridad de un estado de homogeneizaci\u00f3n.<\/li>\n<li>El espacio es un valor de uso, pero m\u00e1s a\u00fan es tiempo, con el cual est\u00e1 \u00edntimamente vinculado, porque el tiempo es nuestra vida, nuestro valor de uso fundamental. El tiempo ha desaparecido en el espacio social de la modernidad. El tiempo vivido pierde la forma y el inter\u00e9s social a excepci\u00f3n del tiempo de trabajo. El espacio econ\u00f3mico subordina al tiempo, mientras que el espacio pol\u00edtico lo erradica, ya que est\u00e1 amenazando a las relaciones de poder existentes. La primac\u00eda de lo econ\u00f3mico, y a\u00fan m\u00e1s, de lo pol\u00edtico, conduce a la supremac\u00eda del espacio a trav\u00e9s del tiempo.<\/li>\n<\/ul>\n<p>Uno de los puntos m\u00e1s importantes para el poder de la izquierda es el apoyo a los movimientos de consumidores que a\u00fan no han encontrado su voz y est\u00e1n muy a menudo encerrados en esos marcos estrechos a los cuales el significado pol\u00edtico de sus acciones se les escapa.<\/p>\n<p>Por tanto, una de las funciones pol\u00edticas de la izquierda es usar la lucha de clases en el espacio.<\/p>\n<p><strong>HACIA UN ESPACIO SOCIALISTA<\/strong><\/p>\n<p>Al igual que las sociedades que la precedieron, la sociedad socialista debe producir su espacio, pero con plena conciencia de sus conceptos y potenciales problemas.<\/p>\n<p>En la actualidad es popular decir que el marxismo es anticuado, que es menos relevante para la historia. Sin embargo, es precisamente hoy, m\u00e1s que nunca, que no podemos analizar los fen\u00f3menos del mundo excepto a la luz de las categor\u00edas fundamentales del marxismo, estando dispuestos a modificarlas para situaciones espec\u00edficas.<\/p>\n<p>A pesar de que el espacio no se analiza en \u2018El capital\u2019, ciertos conceptos, como el valor de cambio y valor de uso, en la actualidad se aplican al espacio. En la actualidad, debemos utilizar la distinci\u00f3n, que Marx no introdujo, entre la dominaci\u00f3n y la apropiaci\u00f3n de la naturaleza. Este conflicto se despliega en el espacio: en espacios dominados y espacios apropiados. A\u00fan m\u00e1s que en la \u00e9poca de Marx, la naturaleza es la fuente de todo valor de uso.<\/p>\n<p>\u00bfDeber\u00edamos socializar el espacio? Por supuesto que no: porque ya est\u00e1 socializado en el marco de la sociedad y el modo de producci\u00f3n existente. Una sociedad que se est\u00e1 transformando dentro del socialismo no puede aceptar (incluso durante el per\u00edodo de transici\u00f3n) al espacio que ya es producido por el capitalismo. Hacerlo significa aceptar las estructuras pol\u00edticas y sociales existentes; que s\u00f3lo conducen a un callej\u00f3n sin salida. Aceptando la reproducci\u00f3n de las relaciones de producci\u00f3n: que al final, son las mismas, y sin embargo, estar\u00edan jerarquizadas y controladas, ser\u00eda reflejar todav\u00eda la antigua jerarqu\u00eda social.<\/p>\n<p>Una sociedad \u201cdiferente\u201d inventa, crea, produce nuevas formas de espacio, pero las relaciones de propiedad y producci\u00f3n ahora bloquean estas posibilidades. Algunos quieren el socialismo en los pa\u00edses industrializados para continuar con el crecimiento y la acumulaci\u00f3n, es decir, con la producci\u00f3n de las cosas en el espacio. Otros quieren romper este modo de producci\u00f3n. Pero las fuerzas productivas han cambiado enormemente, pasando de la producci\u00f3n de las cosas en el espacio a la producci\u00f3n del espacio; es necesario proceder entonces a las consecuencias finales de este salto cualitativo. Esto implica el proceso de crecimiento cuantitativo, no para romperlo, sino para dar rienda suelta a todo su potencial.<\/p>\n<p>La producci\u00f3n del espacio socialista significa el fin de la propiedad privada y de la dominaci\u00f3n pol\u00edtica del espacio por parte del Estado, lo cual implica el paso de la dominaci\u00f3n a la apropiaci\u00f3n y la primac\u00eda del uso por encima del intercambio.<\/p>\n<p>Por otra parte, el espacio capitalista y neo-capitalista es un espacio de cuantificaci\u00f3n y homogeneidad en crecimiento, un espacio mercantilizado donde todos los elementos son cambiables y por tanto intercambiables; un espacio en el que la polic\u00eda del estado no tolera ninguna resistencia ni obst\u00e1culos. El espacio econ\u00f3mico y el espacio pol\u00edtico, por tanto, convergen hacia la eliminaci\u00f3n de todas las diferencias.<\/p>\n<p>En la medida en que podamos concebirlo, dadas ciertas tendencias actuales, el espacio socialista ser\u00e1 un espacio de diferencias.<\/p>\n<p><strong>El rol determinante de los movimientos sociales<\/strong><\/p>\n<p>Hay razones para creer que solamente la convergencia y la conjunci\u00f3n de los movimientos obreros y campesinos, vinculados a la producci\u00f3n de las cosas y el trabajo material y quienes utilizan el espacio, permitir\u00e1n que el mundo cambie. Con respecto a la posesi\u00f3n y gesti\u00f3n del espacio, los movimientos sociales urbanos no tienen el car\u00e1cter continuo y la promesa institucional de aquellos que provienen de las f\u00e1bricas, unidades y sectores de la producci\u00f3n. Sin embargo, si la presi\u00f3n de la base (los consumidores) se produce con bastante fuerza, influir\u00e1 en la producci\u00f3n en general hacia el espacio y hacia las necesidades sociales de esta base. La acci\u00f3n de esas partes interesadas determinar\u00eda las necesidades sociales, que entonces ya no ser\u00edan determinadas por los \u201cexpertos\u201d. Las nociones de equipo y entorno se liberar\u00edan por tanto de su contexto tecnocr\u00e1tico y capitalista. Sin embargo, la explosi\u00f3n espont\u00e1nea de la \u201cbase\u201d social, aunque revolucionaria y profunda, no ser\u00eda suficiente para producir una definici\u00f3n adecuada, operacional, del espacio en la sociedad socialista. Ser\u00eda, sin embargo, una parte integral de estas determinaciones. No obstante, la gesti\u00f3n del espacio social, al igual que la naturaleza, s\u00f3lo puede ser colectiva y pr\u00e1ctica, controlada por la base, es decir, democr\u00e1tica. Las partes \u201cinteresadas\u201d, los \u201cafectados\u201d, intervendr\u00edan en el, lo administrar\u00edan y lo controlar\u00edan. Pero en primer lugar, llevar\u00edan hasta el fin la explosi\u00f3n de todo el espacio impuesto.<\/p>\n<p><strong>Una autogesti\u00f3n general<\/strong><\/p>\n<p>La reconstrucci\u00f3n del \u201cmenos a m\u00e1s\u201d del espacio social, producido previamente desde el \u201cm\u00e1s a menos\u201d, implica la autogesti\u00f3n general, es decir, a varios niveles, complementando a la autogesti\u00f3n de las unidades e instancias de producci\u00f3n. S\u00f3lo de esta manera, la socializaci\u00f3n de los medios de producci\u00f3n puede incluir la cuesti\u00f3n del espacio. Hacerlo de otra manera, para definir un \u201despacio socialista\u201d como el espacio natural o comunas que viven en un espacio privilegiado o en \u201cconviviality\u201d, es confundir el fin con los medios, el objetivo con las etapas; esto es, en otras palabras, el utopismo abstracto.<\/p>\n<p>La producci\u00f3n en una sociedad socialista es definida por Marx como la producci\u00f3n para las necesidades sociales. Estas necesidades sociales, en gran medida, conciernen al espacio: vivienda, transporte, equipamientos, reorganizaci\u00f3n del espacio urbano, etc. Estas necesidades ampl\u00edan la tendencia capitalista al producir el espacio mientras se modifican radicalmente los productos. Esto es lo que contribuye a la transformaci\u00f3n de la vida cotidiana, a la definici\u00f3n de desarrollo m\u00e1s en lo social que en t\u00e9rminos individuales, sin la exclusi\u00f3n de este \u00faltimo. El individuo en una sociedad socialista tiene derecho a un espacio, as\u00ed como el derecho a la vida urbana como el centro de la vida social y las denominadas actividades culturales, etc.<\/p>\n<p>El comienzo de esta transformaci\u00f3n tiene que esperar a que el pensamiento, la imaginaci\u00f3n, la creatividad, que a su vez dependen de la superaci\u00f3n de la separaci\u00f3n entre lo \u201dp\u00fablico\u201d y lo \u201dprivado\u201d, por clarificaci\u00f3n de la ilusi\u00f3n sobre lo social y lo colectivo cofundada con la \u201cbeneficencia p\u00fablica\u201d, etc.<\/p>\n<p>Las pol\u00edticas socialistas del espacio pueden resolver las contradicciones del espacio, tan s\u00f3lo a\u00f1adiendo a ellas las otras contradicciones econ\u00f3micas y sociales. Por supuesto, la presi\u00f3n de la base y la autogesti\u00f3n del espacio no pueden auto-limitarse a un reformismo.<\/p>\n<p>El giro del mundo \u201cnuevamente de pie\u201d, seg\u00fan Marx, implica el vuelco de los espacios dominantes, colocando la apropiaci\u00f3n sobre la dominaci\u00f3n, la demanda sobre el mando, y el uso por encima del intercambio. La Autogesti\u00f3n se revela como los medios y el fin, una fase de la lucha y tambi\u00e9n su objetivo. En el espacio transformado, se puede y debe establecer una redefinici\u00f3n de las relaciones entre las actividades productivas y el retorno al mercado interior, orientada deliberadamente hacia las cuestiones del espacio. Es el espacio como un todo el que ser\u00eda redefinido, y que provocar\u00eda una conversi\u00f3n y una subversi\u00f3n.<\/p>\n<p><strong>Una redefinici\u00f3n del espacio como una funci\u00f3n del valor de uso. \u2013\u00bfC\u00f3mo est\u00e1n previstos estos procesos revolucionarios?<\/strong><\/p>\n<p>Si la situaci\u00f3n actual no se reduce a una crisis econ\u00f3mica, y en su lugar, llama a una modificaci\u00f3n profunda de la sociedad y la civilizaci\u00f3n, todav\u00eda ofrece un punto de referencia desde el cual se puede iniciar la transformaci\u00f3n. La modificaci\u00f3n puede ser as\u00ed definida: el espacio producido desde la perspectiva de la prioridad de los medios de intercambio y el transporte ser\u00e1 producida a partir de la perspectiva de la prioridad del valor de uso. La revoluci\u00f3n de los espacios implica y amplifica el concepto de revoluci\u00f3n, definida como un cambio en la propiedad de los medios de producci\u00f3n. Se da una nueva dimensi\u00f3n a dicho concepto, a partir de la supresi\u00f3n de una particularmente peligrosa forma de la propiedad privada, la del espacio: subterr\u00e1neo, espacio de suelo, espacio a\u00e9reo, espacio planetario, e incluso del espacio interplanetario.<\/p>\n<p>Las denominadas f\u00f3rmulas de transici\u00f3n \u2013el control estatal de la tierra, nacionalizaciones, municipalizaciones\u2013 no han tenido \u00e9xito. Pero \u00bfc\u00f3mo podemos limitar y suprimir la propiedad del espacio? Tal vez recordando los escritos de Marx y Engels: un d\u00eda, en efecto vendr\u00e1, la propiedad privada de la tierra, de la naturaleza y sus recursos, lo que parecer\u00e1 tan absurdo, tan odioso, tan rid\u00edculo como la posesi\u00f3n de un ser humano por otro.<\/p>\n<p>Los problemas relacionados con la \u201ccontaminaci\u00f3n del medio ambiente\u201d, vistos por los ecologistas como primarios, son realmente importantes, pero son secundarios. En esta perspectiva, el problema real de la sociedad y su transformaci\u00f3n se desv\u00eda hacia el naturalismo: tomemos, por ejemplo, el biologismo involucrado en el tratamiento del espacio humano como un espacio animal.<\/p>\n<p>En conclusi\u00f3n, una transformaci\u00f3n de la sociedad presupone la posesi\u00f3n y la gesti\u00f3n colectiva del espacio mediante una intervenci\u00f3n permanente de las \u201cpartes interesadas\u201d, a pesar de sus m\u00faltiples y a veces contradictorios intereses. Esta orientaci\u00f3n tiende a superar las separaciones y disociaciones en el espacio entre una obra (\u00fanica) y una mercanc\u00eda (repetida).<\/p>\n<p>Esta es una orientaci\u00f3n. Nada m\u00e1s y nada menos. Pero se\u00f1ala un significado. A saber, algo que se percibe, una direcci\u00f3n es concebida, un movimiento vivo hace su camino hacia el horizonte. Pero todav\u00eda no es nada que se asemeje a un sistema.<\/p>\n<p>Lefebvre, H. (1976). <strong>L\u2019espace: produit social et valeur d\u2019usage<\/strong>. En: <em>La nouvelle revue socialiste<\/em>, n\u00famero especial.<\/p>\n<p>________________________________________________________________________________<\/p>\n<p>Traducci\u00f3n de\u00a0 <strong>Pedro Jim\u00e9nez Pacheco<\/strong>. Becario del Gobierno Ecuatoriano y candidato a Doctor en Teor\u00eda e Historia de la Arquitectura por la Universidad Polit\u00e9cnica de Catalu\u00f1a en la Escuela T\u00e9cnica Superior de Arquitectura de Barcelona (ETSAB). La investigaci\u00f3n doctoral del autor se centra en la actualizaci\u00f3n y profundizaci\u00f3n de la teor\u00eda radical del espacio social y cr\u00edtica urbana de Henri Lefebvre y su aplicaci\u00f3n en el estudio urbano de la ciudad de Barcelona en la era del gobierno de los <em>comunes<\/em>.<\/p>\n<p>[i] Lefebvre, H. (1976). L\u2019espace: produit social et valeur d\u2019usage. En: <em>La nouvelle revue socialiste<\/em>, n\u00famero especial.<\/p>\n<p><a href=\"https:\/\/marxismocritico.com\/2017\/04\/27\/el-espacio-producto-social-y-valor-de-uso\/?fbclid=IwAR3F2TmJnT9TXyLdJIYuuXx75B2ultvaVjDHC4LFCB93BgK3GqqHieqk1Zo#_ednref2\" name=\"_edn2\"><\/a>[ii] Freiberg, J. W. (Edit.), (1979). Space, Social Product and Use Value. En: <em>Critical Sociology: European Perspectives<\/em>.<\/p>\n<p>[iii] Los seminarios contaron con la asistencia de estudiantes graduados y j\u00f3venes profesores de todo Estados Unidos. Entre los invitados estuvieron Alain Touraine de Francia y el italiano Franco Ferrarotti durante el primer verano; el ingl\u00e9s Anthony Giddens y el alem\u00e1n Claus Offe durante el segundo; el espa\u00f1ol Manuel Castells y el griego Nicos Poulantzas durante el tercero; Ralph Miliband de Inglaterra y Hans Peter Dreitzel de Alemania durante el cuarto; y G\u00f6ran Therborn de Suecia con Robin Blackburn de Inglaterra durante el quinto a\u00f1o (Freiberg, 1979).<\/p>\n<p>[iv] Garnier, Jean-Pierre. (2010). <em>D\u00e9mocratie locale ou auto-gouvernement territorial?<\/em> Discurso en el seminario \u201cH\u00e1bitat y Sociedad\u201d. Facultad de Geograf\u00eda de la Universidad de Barcelona, 26 de noviembre, 2010.<\/p>\n<div id=\"jp-post-flair\" class=\"sharedaddy sd-like-enabled sd-sharing-enabled\">\n<div class=\"sharedaddy sd-sharing-enabled\"><\/div>\n<\/div>\n","protected":false},"excerpt":{"rendered":"<p>Introducci\u00f3n: Henri Lefebvre: un \u2018programa com\u00fan\u2019 hacia un espacio socialista por Pedro Jim\u00e9nez Pacheco En Francia entre los a\u00f1os 1972 y 1977, los partidos de la izquierda institucional (Partido Comunista Franc\u00e9s, Partido Socialista y Movimientos Radicales de Izquierda) finalmente llegaron, no sin dificultad, a unirse en la Union de la gauche con el objetivo de [&hellip;]<\/p>\n","protected":false},"author":1,"featured_media":1842,"comment_status":"open","ping_status":"open","sticky":false,"template":"","format":"standard","meta":{"jetpack_post_was_ever_published":false,"_jetpack_newsletter_access":"","_jetpack_dont_email_post_to_subs":false,"_jetpack_newsletter_tier_id":0,"_jetpack_memberships_contains_paywalled_content":false,"_jetpack_memberships_contains_paid_content":false,"footnotes":"","jetpack_publicize_message":"","jetpack_publicize_feature_enabled":true,"jetpack_social_post_already_shared":true,"jetpack_social_options":{"image_generator_settings":{"template":"highway","enabled":false},"version":2}},"categories":[2],"tags":[],"class_list":["post-1841","post","type-post","status-publish","format-standard","has-post-thumbnail","hentry","category-blog"],"jetpack_publicize_connections":[],"yoast_head":"<!-- This site is optimized with the Yoast SEO plugin v23.4 - https:\/\/yoast.com\/wordpress\/plugins\/seo\/ -->\n<title>Henri Lefebvre: \u201cEl espacio: producto social y valor de uso\u201d - UninomadaSUR<\/title>\n<meta name=\"robots\" content=\"index, follow, max-snippet:-1, max-image-preview:large, max-video-preview:-1\" \/>\n<link rel=\"canonical\" href=\"https:\/\/uninomadasur.net\/?p=1841\" \/>\n<meta property=\"og:locale\" content=\"es_ES\" \/>\n<meta property=\"og:type\" content=\"article\" \/>\n<meta property=\"og:title\" content=\"Henri Lefebvre: \u201cEl espacio: producto social y valor de uso\u201d - UninomadaSUR\" \/>\n<meta property=\"og:description\" content=\"Introducci\u00f3n: Henri Lefebvre: un \u2018programa com\u00fan\u2019 hacia un espacio socialista por Pedro Jim\u00e9nez Pacheco En Francia entre los a\u00f1os 1972 y 1977, los partidos de la izquierda institucional (Partido Comunista Franc\u00e9s, Partido Socialista y Movimientos Radicales de Izquierda) finalmente llegaron, no sin dificultad, a unirse en la Union de la gauche con el objetivo de [&hellip;]\" \/>\n<meta property=\"og:url\" content=\"https:\/\/uninomadasur.net\/?p=1841\" \/>\n<meta property=\"og:site_name\" content=\"UninomadaSUR\" \/>\n<meta property=\"article:published_time\" content=\"2019-07-08T10:30:50+00:00\" \/>\n<meta property=\"og:image\" content=\"https:\/\/uninomadasur.net\/wp-content\/uploads\/2019\/07\/autor-dr-2012-lefebvre-fumando-en-les-lettres-franccca7aises-90-ii-iii.png\" \/>\n\t<meta property=\"og:image:width\" content=\"897\" \/>\n\t<meta property=\"og:image:height\" content=\"1038\" \/>\n\t<meta property=\"og:image:type\" content=\"image\/png\" \/>\n<meta name=\"author\" content=\"admin\" \/>\n<meta name=\"twitter:card\" content=\"summary_large_image\" \/>\n<meta name=\"twitter:label1\" content=\"Escrito por\" \/>\n\t<meta name=\"twitter:data1\" content=\"admin\" \/>\n\t<meta name=\"twitter:label2\" content=\"Tiempo de lectura\" \/>\n\t<meta name=\"twitter:data2\" content=\"27 minutos\" \/>\n<script type=\"application\/ld+json\" class=\"yoast-schema-graph\">{\"@context\":\"https:\/\/schema.org\",\"@graph\":[{\"@type\":\"Article\",\"@id\":\"https:\/\/uninomadasur.net\/?p=1841#article\",\"isPartOf\":{\"@id\":\"https:\/\/uninomadasur.net\/?p=1841\"},\"author\":{\"name\":\"admin\",\"@id\":\"https:\/\/uninomadasur.net\/#\/schema\/person\/c7a35ca2374cf2966d7c68ad81604c21\"},\"headline\":\"Henri Lefebvre: \u201cEl espacio: producto social y valor de uso\u201d\",\"datePublished\":\"2019-07-08T10:30:50+00:00\",\"dateModified\":\"2019-07-08T10:30:50+00:00\",\"mainEntityOfPage\":{\"@id\":\"https:\/\/uninomadasur.net\/?p=1841\"},\"wordCount\":5389,\"commentCount\":1,\"publisher\":{\"@id\":\"https:\/\/uninomadasur.net\/#organization\"},\"image\":{\"@id\":\"https:\/\/uninomadasur.net\/?p=1841#primaryimage\"},\"thumbnailUrl\":\"https:\/\/uninomadasur.net\/wp-content\/uploads\/2019\/07\/autor-dr-2012-lefebvre-fumando-en-les-lettres-franccca7aises-90-ii-iii.png\",\"articleSection\":[\"Blog\"],\"inLanguage\":\"es\",\"potentialAction\":[{\"@type\":\"CommentAction\",\"name\":\"Comment\",\"target\":[\"https:\/\/uninomadasur.net\/?p=1841#respond\"]}]},{\"@type\":\"WebPage\",\"@id\":\"https:\/\/uninomadasur.net\/?p=1841\",\"url\":\"https:\/\/uninomadasur.net\/?p=1841\",\"name\":\"Henri Lefebvre: \u201cEl espacio: producto social y valor de uso\u201d - UninomadaSUR\",\"isPartOf\":{\"@id\":\"https:\/\/uninomadasur.net\/#website\"},\"primaryImageOfPage\":{\"@id\":\"https:\/\/uninomadasur.net\/?p=1841#primaryimage\"},\"image\":{\"@id\":\"https:\/\/uninomadasur.net\/?p=1841#primaryimage\"},\"thumbnailUrl\":\"https:\/\/uninomadasur.net\/wp-content\/uploads\/2019\/07\/autor-dr-2012-lefebvre-fumando-en-les-lettres-franccca7aises-90-ii-iii.png\",\"datePublished\":\"2019-07-08T10:30:50+00:00\",\"dateModified\":\"2019-07-08T10:30:50+00:00\",\"breadcrumb\":{\"@id\":\"https:\/\/uninomadasur.net\/?p=1841#breadcrumb\"},\"inLanguage\":\"es\",\"potentialAction\":[{\"@type\":\"ReadAction\",\"target\":[\"https:\/\/uninomadasur.net\/?p=1841\"]}]},{\"@type\":\"ImageObject\",\"inLanguage\":\"es\",\"@id\":\"https:\/\/uninomadasur.net\/?p=1841#primaryimage\",\"url\":\"https:\/\/uninomadasur.net\/wp-content\/uploads\/2019\/07\/autor-dr-2012-lefebvre-fumando-en-les-lettres-franccca7aises-90-ii-iii.png\",\"contentUrl\":\"https:\/\/uninomadasur.net\/wp-content\/uploads\/2019\/07\/autor-dr-2012-lefebvre-fumando-en-les-lettres-franccca7aises-90-ii-iii.png\",\"width\":897,\"height\":1038},{\"@type\":\"BreadcrumbList\",\"@id\":\"https:\/\/uninomadasur.net\/?p=1841#breadcrumb\",\"itemListElement\":[{\"@type\":\"ListItem\",\"position\":1,\"name\":\"Inicio\",\"item\":\"https:\/\/uninomadasur.net\/\"},{\"@type\":\"ListItem\",\"position\":2,\"name\":\"Henri Lefebvre: \u201cEl espacio: producto social y valor de uso\u201d\"}]},{\"@type\":\"WebSite\",\"@id\":\"https:\/\/uninomadasur.net\/#website\",\"url\":\"https:\/\/uninomadasur.net\/\",\"name\":\"UninomadaSUR\",\"description\":\"UninomadaSUR\",\"publisher\":{\"@id\":\"https:\/\/uninomadasur.net\/#organization\"},\"potentialAction\":[{\"@type\":\"SearchAction\",\"target\":{\"@type\":\"EntryPoint\",\"urlTemplate\":\"https:\/\/uninomadasur.net\/?s={search_term_string}\"},\"query-input\":{\"@type\":\"PropertyValueSpecification\",\"valueRequired\":true,\"valueName\":\"search_term_string\"}}],\"inLanguage\":\"es\"},{\"@type\":\"Organization\",\"@id\":\"https:\/\/uninomadasur.net\/#organization\",\"name\":\"UninomadaSUR\",\"url\":\"https:\/\/uninomadasur.net\/\",\"logo\":{\"@type\":\"ImageObject\",\"inLanguage\":\"es\",\"@id\":\"https:\/\/uninomadasur.net\/#\/schema\/logo\/image\/\",\"url\":\"https:\/\/uninomadasur.net\/wp-content\/uploads\/2018\/09\/uni-logo.png\",\"contentUrl\":\"https:\/\/uninomadasur.net\/wp-content\/uploads\/2018\/09\/uni-logo.png\",\"width\":260,\"height\":94,\"caption\":\"UninomadaSUR\"},\"image\":{\"@id\":\"https:\/\/uninomadasur.net\/#\/schema\/logo\/image\/\"}},{\"@type\":\"Person\",\"@id\":\"https:\/\/uninomadasur.net\/#\/schema\/person\/c7a35ca2374cf2966d7c68ad81604c21\",\"name\":\"admin\",\"image\":{\"@type\":\"ImageObject\",\"inLanguage\":\"es\",\"@id\":\"https:\/\/uninomadasur.net\/#\/schema\/person\/image\/\",\"url\":\"https:\/\/secure.gravatar.com\/avatar\/36436a50c876208a9dab2a6cf1785c4f?s=96&d=mm&r=g\",\"contentUrl\":\"https:\/\/secure.gravatar.com\/avatar\/36436a50c876208a9dab2a6cf1785c4f?s=96&d=mm&r=g\",\"caption\":\"admin\"},\"url\":\"https:\/\/uninomadasur.net\/?author=1\"}]}<\/script>\n<!-- \/ Yoast SEO plugin. -->","yoast_head_json":{"title":"Henri Lefebvre: \u201cEl espacio: producto social y valor de uso\u201d - UninomadaSUR","robots":{"index":"index","follow":"follow","max-snippet":"max-snippet:-1","max-image-preview":"max-image-preview:large","max-video-preview":"max-video-preview:-1"},"canonical":"https:\/\/uninomadasur.net\/?p=1841","og_locale":"es_ES","og_type":"article","og_title":"Henri Lefebvre: \u201cEl espacio: producto social y valor de uso\u201d - UninomadaSUR","og_description":"Introducci\u00f3n: Henri Lefebvre: un \u2018programa com\u00fan\u2019 hacia un espacio socialista por Pedro Jim\u00e9nez Pacheco En Francia entre los a\u00f1os 1972 y 1977, los partidos de la izquierda institucional (Partido Comunista Franc\u00e9s, Partido Socialista y Movimientos Radicales de Izquierda) finalmente llegaron, no sin dificultad, a unirse en la Union de la gauche con el objetivo de [&hellip;]","og_url":"https:\/\/uninomadasur.net\/?p=1841","og_site_name":"UninomadaSUR","article_published_time":"2019-07-08T10:30:50+00:00","og_image":[{"width":897,"height":1038,"url":"https:\/\/uninomadasur.net\/wp-content\/uploads\/2019\/07\/autor-dr-2012-lefebvre-fumando-en-les-lettres-franccca7aises-90-ii-iii.png","type":"image\/png"}],"author":"admin","twitter_card":"summary_large_image","twitter_misc":{"Escrito por":"admin","Tiempo de lectura":"27 minutos"},"schema":{"@context":"https:\/\/schema.org","@graph":[{"@type":"Article","@id":"https:\/\/uninomadasur.net\/?p=1841#article","isPartOf":{"@id":"https:\/\/uninomadasur.net\/?p=1841"},"author":{"name":"admin","@id":"https:\/\/uninomadasur.net\/#\/schema\/person\/c7a35ca2374cf2966d7c68ad81604c21"},"headline":"Henri Lefebvre: \u201cEl espacio: producto social y valor de uso\u201d","datePublished":"2019-07-08T10:30:50+00:00","dateModified":"2019-07-08T10:30:50+00:00","mainEntityOfPage":{"@id":"https:\/\/uninomadasur.net\/?p=1841"},"wordCount":5389,"commentCount":1,"publisher":{"@id":"https:\/\/uninomadasur.net\/#organization"},"image":{"@id":"https:\/\/uninomadasur.net\/?p=1841#primaryimage"},"thumbnailUrl":"https:\/\/uninomadasur.net\/wp-content\/uploads\/2019\/07\/autor-dr-2012-lefebvre-fumando-en-les-lettres-franccca7aises-90-ii-iii.png","articleSection":["Blog"],"inLanguage":"es","potentialAction":[{"@type":"CommentAction","name":"Comment","target":["https:\/\/uninomadasur.net\/?p=1841#respond"]}]},{"@type":"WebPage","@id":"https:\/\/uninomadasur.net\/?p=1841","url":"https:\/\/uninomadasur.net\/?p=1841","name":"Henri Lefebvre: \u201cEl espacio: producto social y valor de uso\u201d - UninomadaSUR","isPartOf":{"@id":"https:\/\/uninomadasur.net\/#website"},"primaryImageOfPage":{"@id":"https:\/\/uninomadasur.net\/?p=1841#primaryimage"},"image":{"@id":"https:\/\/uninomadasur.net\/?p=1841#primaryimage"},"thumbnailUrl":"https:\/\/uninomadasur.net\/wp-content\/uploads\/2019\/07\/autor-dr-2012-lefebvre-fumando-en-les-lettres-franccca7aises-90-ii-iii.png","datePublished":"2019-07-08T10:30:50+00:00","dateModified":"2019-07-08T10:30:50+00:00","breadcrumb":{"@id":"https:\/\/uninomadasur.net\/?p=1841#breadcrumb"},"inLanguage":"es","potentialAction":[{"@type":"ReadAction","target":["https:\/\/uninomadasur.net\/?p=1841"]}]},{"@type":"ImageObject","inLanguage":"es","@id":"https:\/\/uninomadasur.net\/?p=1841#primaryimage","url":"https:\/\/uninomadasur.net\/wp-content\/uploads\/2019\/07\/autor-dr-2012-lefebvre-fumando-en-les-lettres-franccca7aises-90-ii-iii.png","contentUrl":"https:\/\/uninomadasur.net\/wp-content\/uploads\/2019\/07\/autor-dr-2012-lefebvre-fumando-en-les-lettres-franccca7aises-90-ii-iii.png","width":897,"height":1038},{"@type":"BreadcrumbList","@id":"https:\/\/uninomadasur.net\/?p=1841#breadcrumb","itemListElement":[{"@type":"ListItem","position":1,"name":"Inicio","item":"https:\/\/uninomadasur.net\/"},{"@type":"ListItem","position":2,"name":"Henri Lefebvre: \u201cEl espacio: producto social y valor de uso\u201d"}]},{"@type":"WebSite","@id":"https:\/\/uninomadasur.net\/#website","url":"https:\/\/uninomadasur.net\/","name":"UninomadaSUR","description":"UninomadaSUR","publisher":{"@id":"https:\/\/uninomadasur.net\/#organization"},"potentialAction":[{"@type":"SearchAction","target":{"@type":"EntryPoint","urlTemplate":"https:\/\/uninomadasur.net\/?s={search_term_string}"},"query-input":{"@type":"PropertyValueSpecification","valueRequired":true,"valueName":"search_term_string"}}],"inLanguage":"es"},{"@type":"Organization","@id":"https:\/\/uninomadasur.net\/#organization","name":"UninomadaSUR","url":"https:\/\/uninomadasur.net\/","logo":{"@type":"ImageObject","inLanguage":"es","@id":"https:\/\/uninomadasur.net\/#\/schema\/logo\/image\/","url":"https:\/\/uninomadasur.net\/wp-content\/uploads\/2018\/09\/uni-logo.png","contentUrl":"https:\/\/uninomadasur.net\/wp-content\/uploads\/2018\/09\/uni-logo.png","width":260,"height":94,"caption":"UninomadaSUR"},"image":{"@id":"https:\/\/uninomadasur.net\/#\/schema\/logo\/image\/"}},{"@type":"Person","@id":"https:\/\/uninomadasur.net\/#\/schema\/person\/c7a35ca2374cf2966d7c68ad81604c21","name":"admin","image":{"@type":"ImageObject","inLanguage":"es","@id":"https:\/\/uninomadasur.net\/#\/schema\/person\/image\/","url":"https:\/\/secure.gravatar.com\/avatar\/36436a50c876208a9dab2a6cf1785c4f?s=96&d=mm&r=g","contentUrl":"https:\/\/secure.gravatar.com\/avatar\/36436a50c876208a9dab2a6cf1785c4f?s=96&d=mm&r=g","caption":"admin"},"url":"https:\/\/uninomadasur.net\/?author=1"}]}},"jetpack_featured_media_url":"https:\/\/uninomadasur.net\/wp-content\/uploads\/2019\/07\/autor-dr-2012-lefebvre-fumando-en-les-lettres-franccca7aises-90-ii-iii.png","jetpack_sharing_enabled":true,"jetpack_shortlink":"https:\/\/wp.me\/paDeUS-tH","_links":{"self":[{"href":"https:\/\/uninomadasur.net\/index.php?rest_route=\/wp\/v2\/posts\/1841"}],"collection":[{"href":"https:\/\/uninomadasur.net\/index.php?rest_route=\/wp\/v2\/posts"}],"about":[{"href":"https:\/\/uninomadasur.net\/index.php?rest_route=\/wp\/v2\/types\/post"}],"author":[{"embeddable":true,"href":"https:\/\/uninomadasur.net\/index.php?rest_route=\/wp\/v2\/users\/1"}],"replies":[{"embeddable":true,"href":"https:\/\/uninomadasur.net\/index.php?rest_route=%2Fwp%2Fv2%2Fcomments&post=1841"}],"version-history":[{"count":1,"href":"https:\/\/uninomadasur.net\/index.php?rest_route=\/wp\/v2\/posts\/1841\/revisions"}],"predecessor-version":[{"id":1843,"href":"https:\/\/uninomadasur.net\/index.php?rest_route=\/wp\/v2\/posts\/1841\/revisions\/1843"}],"wp:featuredmedia":[{"embeddable":true,"href":"https:\/\/uninomadasur.net\/index.php?rest_route=\/wp\/v2\/media\/1842"}],"wp:attachment":[{"href":"https:\/\/uninomadasur.net\/index.php?rest_route=%2Fwp%2Fv2%2Fmedia&parent=1841"}],"wp:term":[{"taxonomy":"category","embeddable":true,"href":"https:\/\/uninomadasur.net\/index.php?rest_route=%2Fwp%2Fv2%2Fcategories&post=1841"},{"taxonomy":"post_tag","embeddable":true,"href":"https:\/\/uninomadasur.net\/index.php?rest_route=%2Fwp%2Fv2%2Ftags&post=1841"}],"curies":[{"name":"wp","href":"https:\/\/api.w.org\/{rel}","templated":true}]}}