{"id":1849,"date":"2019-07-08T14:15:49","date_gmt":"2019-07-08T14:15:49","guid":{"rendered":"http:\/\/uninomadasur.net\/?p=1849"},"modified":"2019-07-08T14:15:49","modified_gmt":"2019-07-08T14:15:49","slug":"un-dilema-falaz-naturaleza-o-desarrollo","status":"publish","type":"post","link":"https:\/\/uninomadasur.net\/?p=1849","title":{"rendered":"Un dilema falaz: \u00bfnaturaleza o \u201cdesarrollo\u201d?"},"content":{"rendered":"<p>La justicia social no es viable sin la justicia ecol\u00f3gica, y viceversa; y lo mismo sucede con los derechos humanos y ecol\u00f3gicos.<\/p>\n<p><strong>Por Alberto Acosta \/\/ Economista ecuatoriano. Exministro de Energ\u00eda y Minas. Expresidente de la Asamblea Constituyente.<\/strong><\/p>\n<div id=\"lx_604372\" class=\"__lxG__multi __lxG__multi_lx_604372\">\n<div data-lxpresource=\"1\">\n<p>La sentencia del Tribunal Internacional de Derechos de la Naturaleza, que rechaza \u00a0la construcci\u00f3n de una controvertida carretera en el coraz\u00f3n del TIPNIS (Territorio Ind\u00edgena Parque Nacional IsiboroS\u00e9cure) ha provocado diferentes reacciones de las autoridades del Estado boliviano. Mientras el presidente de la C\u00e1mara de Diputados, miembro del partido gobernante MAS, dijo que \u201ctomar\u00e1 debida atenci\u00f3n de las recomendaciones emergidas por este tribunal para que se pueda dar aplicabilidad a sus resoluciones\u201d, en un art\u00edculo de prensa la viceministra de Medio Ambiente arremeti\u00f3 en contra \u201cdel fallo de un supuesto Tribunal Internacional autonombrado\u201d (fake-tribunal en sus palabras), afirmando que la sentencia \u201cestablece que la naturaleza estar\u00e1 intocada y que condenaremos a las comunidades y poblaciones que viven en los bosques a no acceder a los derechos a un desarrollo digno y sustentable\u201d.<\/p>\n<p>Tal declaraci\u00f3n coincide con la simplona apreciaci\u00f3n del Vicepresidente boliviano quien, al hablar de la intangibilidad del TIPNIS, lleg\u00f3 a afirmar \u201cque usted no puede sacar una hoja. Eso es intangibilidad. Que usted no puede levantar una rama. Que usted no puede tocar nada. Es decir, no puede hacer una escuela. No puede perforar para agua potable. Eso es intangibilidad\u201d. A m\u00e1s de torpemente querer confundir a la sociedad boliviana, estos pronunciamientos reflejan un dilema falaz: \u00bfnaturaleza o \u201cdesarrollo\u201d?<\/p>\n<p>Vamos por partes. Sobre la viceministra, cabe indicar que sus palabras delatan la incomprensi\u00f3n de un tribunal de la sociedad civil global que no pertenece a Naciones Unidas, no es una ONG ni proviene de ning\u00fan acuerdo entre Estados u agrupaciones pol\u00edticas. Su aparecimiento es consecuencia de la Conferencia Mundial de los Pueblos sobre el Cambio Clim\u00e1tico y los Derechos de la Madre Tierra, parad\u00f3jicamente convocada por el presidente Evo Morales en abril de 2010.<\/p>\n<div id=\"lx_604372\" class=\"__lxG__multi __lxG__multi_lx_604372\" data-cnt=\"2\">\n<p>Sus miembros participan a t\u00edtulo individual: son personas de prestigio, de todos los continentes, motivadas solo por su conciencia y deseo de defender los Derechos de la Madre Tierra (y, por tanto, el derecho a la vida de sus hijas e hijos). Y es justo ese hecho de nacer desde abajo \u2013pero con grandes objetivos\u2013 lo que fortalece y distingue a este tribunal de cualquier entidad \u201cformal\u201d.<\/p>\n<p>Para entender la relevancia de este tipo de tribunales basta recordar al Tribunal Russell-Sartre, creado desde la sociedad civil para enfrentar los cr\u00edmenes de guerra del imperialismo yanqui en Indochina.<\/p>\n<p>\u00bfSe atrever\u00eda alguien a tildar de \u201cfake\u201d a un tribunal presidido por pensadores de gran \u00e9tica que buscaban juzgar los cr\u00edmenes cometidos por Estados Unidos en Vietnam? Y, por cierto, de ah\u00ed nacer\u00eda luego el Tribunal Permanente de los Pueblos, otro espacio de indudable fuerza \u00e9tica.<\/p>\n<p>Es claro que estos tribunales de la sociedad civil buscan precisamente incomodar al poder\u00a0\u2013pol\u00edtico, econ\u00f3mico y dem\u00e1s\u2013 cuando ha atropellado derechos (una de las especialidades de quienes ejercen el poder).<\/p>\n<p>Respecto a las palabras del Vicepresidente boliviano, recalquemos el principio de que la justicia social no es viable sin la justicia ecol\u00f3gica, y viceversa (lo mismo sucede con los derechos humanos y ecol\u00f3gicos), lo cual se debe a que seres humanos y naturaleza formamos una sola gran unidad: somos la vida misma de este mundo.<\/p>\n<p>Semejante principio choca con la pol\u00edtica de muchos gobiernos latinoamericanos \u2013como el boliviano\u2013 que falazmente hablan de superar los extractivismos profundiz\u00e1ndolos (incluso con megainfraestructuras).<\/p>\n<p>En realidad, a m\u00e1s de violar a la Madre Tierra y a los Derechos Humanos, en particular de los pueblos ind\u00edgenas, los extractivismos ahondan los conflictos, las violencias y hasta la dependencia de los pa\u00edses al capital transnacional.<\/p>\n<div id=\"lx_604372\" class=\"__lxG__multi __lxG__multi_lx_604372\" data-cnt=\"3\">\n<p>Duele que se siga vendiendo esa falacia de que se debe sacrificara la naturaleza para invocar al \u201cdesarrollo\u201d: un verdadero fantasma, responsable hasta del propio \u201csubdesarrollo\u201d.<\/p>\n<p>As\u00ed mismo, entristece que la incomprensi\u00f3n de que el Vivir Bien, establecido en la Constituci\u00f3n del Estado Plurinacional de Bolivia, no es una alternativa de \u201cdesarrollo\u201d \u2013sustentable o no\u2013, sino una alternativa al \u201cdesarrollo\u201d. El Vivir Bien es una forma muy diferente de entender la vida, propiciando la armon\u00eda entre los seres humanos y de \u00e9stos, en tanto comunidades e individuos, con la Pachamama.<\/p>\n<p>As\u00ed, la idea de que la atenci\u00f3n gubernamental a las poblaciones ind\u00edgenas y no ind\u00edgenas del TIPNIS no ser\u00e1 posible por cumplir con los Derechos de la Madre Tierra es aberrante. Aberraci\u00f3n sostenida desde una falsa dicotom\u00eda \u2013naturaleza o \u201cdesarrollo\u201d\u2013 que urge superar si queremos evitar que la vida termine subsumida por el poder.<\/p>\n<p>Fuente:\u00a0https:\/\/www.paginasiete.bo\/ideas\/2019\/7\/7\/un-dilema-falaz-naturaleza-desarrollo-223117.html<\/p>\n<\/div>\n<\/div>\n<\/div>\n<\/div>\n","protected":false},"excerpt":{"rendered":"<p>La justicia social no es viable sin la justicia ecol\u00f3gica, y viceversa; y lo mismo sucede con los derechos humanos y ecol\u00f3gicos. Por Alberto Acosta \/\/ Economista ecuatoriano. Exministro de Energ\u00eda y Minas. Expresidente de la Asamblea Constituyente. La sentencia del Tribunal Internacional de Derechos de la Naturaleza, que rechaza \u00a0la construcci\u00f3n de una controvertida [&hellip;]<\/p>\n","protected":false},"author":1,"featured_media":1850,"comment_status":"open","ping_status":"open","sticky":false,"template":"","format":"standard","meta":{"jetpack_post_was_ever_published":false,"_jetpack_newsletter_access":"","_jetpack_dont_email_post_to_subs":false,"_jetpack_newsletter_tier_id":0,"_jetpack_memberships_contains_paywalled_content":false,"_jetpack_memberships_contains_paid_content":false,"footnotes":"","jetpack_publicize_message":"","jetpack_publicize_feature_enabled":true,"jetpack_social_post_already_shared":true,"jetpack_social_options":{"image_generator_settings":{"template":"highway","enabled":false},"version":2}},"categories":[2],"tags":[],"class_list":["post-1849","post","type-post","status-publish","format-standard","has-post-thumbnail","hentry","category-blog"],"jetpack_publicize_connections":[],"yoast_head":"<!-- This site is optimized with the Yoast SEO plugin v23.4 - https:\/\/yoast.com\/wordpress\/plugins\/seo\/ -->\n<title>Un dilema falaz: \u00bfnaturaleza o \u201cdesarrollo\u201d? - UninomadaSUR<\/title>\n<meta name=\"robots\" content=\"index, follow, max-snippet:-1, max-image-preview:large, max-video-preview:-1\" \/>\n<link rel=\"canonical\" href=\"https:\/\/uninomadasur.net\/?p=1849\" \/>\n<meta property=\"og:locale\" content=\"es_ES\" \/>\n<meta property=\"og:type\" content=\"article\" \/>\n<meta property=\"og:title\" content=\"Un dilema falaz: \u00bfnaturaleza o \u201cdesarrollo\u201d? - UninomadaSUR\" \/>\n<meta property=\"og:description\" content=\"La justicia social no es viable sin la justicia ecol\u00f3gica, y viceversa; y lo mismo sucede con los derechos humanos y ecol\u00f3gicos. Por Alberto Acosta \/\/ Economista ecuatoriano. Exministro de Energ\u00eda y Minas. Expresidente de la Asamblea Constituyente. La sentencia del Tribunal Internacional de Derechos de la Naturaleza, que rechaza \u00a0la construcci\u00f3n de una controvertida [&hellip;]\" \/>\n<meta property=\"og:url\" content=\"https:\/\/uninomadasur.net\/?p=1849\" \/>\n<meta property=\"og:site_name\" content=\"UninomadaSUR\" \/>\n<meta property=\"article:published_time\" content=\"2019-07-08T14:15:49+00:00\" \/>\n<meta property=\"og:image\" content=\"https:\/\/uninomadasur.net\/wp-content\/uploads\/2019\/07\/alberto-acosta.jpg\" \/>\n\t<meta property=\"og:image:width\" content=\"678\" \/>\n\t<meta property=\"og:image:height\" content=\"380\" \/>\n\t<meta property=\"og:image:type\" content=\"image\/jpeg\" \/>\n<meta name=\"author\" content=\"admin\" \/>\n<meta name=\"twitter:card\" content=\"summary_large_image\" \/>\n<meta name=\"twitter:label1\" content=\"Escrito por\" \/>\n\t<meta name=\"twitter:data1\" content=\"admin\" \/>\n\t<meta name=\"twitter:label2\" content=\"Tiempo de lectura\" \/>\n\t<meta name=\"twitter:data2\" content=\"4 minutos\" \/>\n<script type=\"application\/ld+json\" class=\"yoast-schema-graph\">{\"@context\":\"https:\/\/schema.org\",\"@graph\":[{\"@type\":\"Article\",\"@id\":\"https:\/\/uninomadasur.net\/?p=1849#article\",\"isPartOf\":{\"@id\":\"https:\/\/uninomadasur.net\/?p=1849\"},\"author\":{\"name\":\"admin\",\"@id\":\"https:\/\/uninomadasur.net\/#\/schema\/person\/c7a35ca2374cf2966d7c68ad81604c21\"},\"headline\":\"Un dilema falaz: \u00bfnaturaleza o \u201cdesarrollo\u201d?\",\"datePublished\":\"2019-07-08T14:15:49+00:00\",\"dateModified\":\"2019-07-08T14:15:49+00:00\",\"mainEntityOfPage\":{\"@id\":\"https:\/\/uninomadasur.net\/?p=1849\"},\"wordCount\":812,\"commentCount\":2,\"publisher\":{\"@id\":\"https:\/\/uninomadasur.net\/#organization\"},\"image\":{\"@id\":\"https:\/\/uninomadasur.net\/?p=1849#primaryimage\"},\"thumbnailUrl\":\"https:\/\/uninomadasur.net\/wp-content\/uploads\/2019\/07\/alberto-acosta.jpg\",\"articleSection\":[\"Blog\"],\"inLanguage\":\"es\",\"potentialAction\":[{\"@type\":\"CommentAction\",\"name\":\"Comment\",\"target\":[\"https:\/\/uninomadasur.net\/?p=1849#respond\"]}]},{\"@type\":\"WebPage\",\"@id\":\"https:\/\/uninomadasur.net\/?p=1849\",\"url\":\"https:\/\/uninomadasur.net\/?p=1849\",\"name\":\"Un dilema falaz: \u00bfnaturaleza o \u201cdesarrollo\u201d? - UninomadaSUR\",\"isPartOf\":{\"@id\":\"https:\/\/uninomadasur.net\/#website\"},\"primaryImageOfPage\":{\"@id\":\"https:\/\/uninomadasur.net\/?p=1849#primaryimage\"},\"image\":{\"@id\":\"https:\/\/uninomadasur.net\/?p=1849#primaryimage\"},\"thumbnailUrl\":\"https:\/\/uninomadasur.net\/wp-content\/uploads\/2019\/07\/alberto-acosta.jpg\",\"datePublished\":\"2019-07-08T14:15:49+00:00\",\"dateModified\":\"2019-07-08T14:15:49+00:00\",\"breadcrumb\":{\"@id\":\"https:\/\/uninomadasur.net\/?p=1849#breadcrumb\"},\"inLanguage\":\"es\",\"potentialAction\":[{\"@type\":\"ReadAction\",\"target\":[\"https:\/\/uninomadasur.net\/?p=1849\"]}]},{\"@type\":\"ImageObject\",\"inLanguage\":\"es\",\"@id\":\"https:\/\/uninomadasur.net\/?p=1849#primaryimage\",\"url\":\"https:\/\/uninomadasur.net\/wp-content\/uploads\/2019\/07\/alberto-acosta.jpg\",\"contentUrl\":\"https:\/\/uninomadasur.net\/wp-content\/uploads\/2019\/07\/alberto-acosta.jpg\",\"width\":678,\"height\":380},{\"@type\":\"BreadcrumbList\",\"@id\":\"https:\/\/uninomadasur.net\/?p=1849#breadcrumb\",\"itemListElement\":[{\"@type\":\"ListItem\",\"position\":1,\"name\":\"Inicio\",\"item\":\"https:\/\/uninomadasur.net\/\"},{\"@type\":\"ListItem\",\"position\":2,\"name\":\"Un dilema falaz: \u00bfnaturaleza o \u201cdesarrollo\u201d?\"}]},{\"@type\":\"WebSite\",\"@id\":\"https:\/\/uninomadasur.net\/#website\",\"url\":\"https:\/\/uninomadasur.net\/\",\"name\":\"UninomadaSUR\",\"description\":\"UninomadaSUR\",\"publisher\":{\"@id\":\"https:\/\/uninomadasur.net\/#organization\"},\"potentialAction\":[{\"@type\":\"SearchAction\",\"target\":{\"@type\":\"EntryPoint\",\"urlTemplate\":\"https:\/\/uninomadasur.net\/?s={search_term_string}\"},\"query-input\":{\"@type\":\"PropertyValueSpecification\",\"valueRequired\":true,\"valueName\":\"search_term_string\"}}],\"inLanguage\":\"es\"},{\"@type\":\"Organization\",\"@id\":\"https:\/\/uninomadasur.net\/#organization\",\"name\":\"UninomadaSUR\",\"url\":\"https:\/\/uninomadasur.net\/\",\"logo\":{\"@type\":\"ImageObject\",\"inLanguage\":\"es\",\"@id\":\"https:\/\/uninomadasur.net\/#\/schema\/logo\/image\/\",\"url\":\"https:\/\/uninomadasur.net\/wp-content\/uploads\/2018\/09\/uni-logo.png\",\"contentUrl\":\"https:\/\/uninomadasur.net\/wp-content\/uploads\/2018\/09\/uni-logo.png\",\"width\":260,\"height\":94,\"caption\":\"UninomadaSUR\"},\"image\":{\"@id\":\"https:\/\/uninomadasur.net\/#\/schema\/logo\/image\/\"}},{\"@type\":\"Person\",\"@id\":\"https:\/\/uninomadasur.net\/#\/schema\/person\/c7a35ca2374cf2966d7c68ad81604c21\",\"name\":\"admin\",\"image\":{\"@type\":\"ImageObject\",\"inLanguage\":\"es\",\"@id\":\"https:\/\/uninomadasur.net\/#\/schema\/person\/image\/\",\"url\":\"https:\/\/secure.gravatar.com\/avatar\/36436a50c876208a9dab2a6cf1785c4f?s=96&d=mm&r=g\",\"contentUrl\":\"https:\/\/secure.gravatar.com\/avatar\/36436a50c876208a9dab2a6cf1785c4f?s=96&d=mm&r=g\",\"caption\":\"admin\"},\"url\":\"https:\/\/uninomadasur.net\/?author=1\"}]}<\/script>\n<!-- \/ Yoast SEO plugin. -->","yoast_head_json":{"title":"Un dilema falaz: \u00bfnaturaleza o \u201cdesarrollo\u201d? - UninomadaSUR","robots":{"index":"index","follow":"follow","max-snippet":"max-snippet:-1","max-image-preview":"max-image-preview:large","max-video-preview":"max-video-preview:-1"},"canonical":"https:\/\/uninomadasur.net\/?p=1849","og_locale":"es_ES","og_type":"article","og_title":"Un dilema falaz: \u00bfnaturaleza o \u201cdesarrollo\u201d? - UninomadaSUR","og_description":"La justicia social no es viable sin la justicia ecol\u00f3gica, y viceversa; y lo mismo sucede con los derechos humanos y ecol\u00f3gicos. Por Alberto Acosta \/\/ Economista ecuatoriano. Exministro de Energ\u00eda y Minas. Expresidente de la Asamblea Constituyente. La sentencia del Tribunal Internacional de Derechos de la Naturaleza, que rechaza \u00a0la construcci\u00f3n de una controvertida [&hellip;]","og_url":"https:\/\/uninomadasur.net\/?p=1849","og_site_name":"UninomadaSUR","article_published_time":"2019-07-08T14:15:49+00:00","og_image":[{"width":678,"height":380,"url":"https:\/\/uninomadasur.net\/wp-content\/uploads\/2019\/07\/alberto-acosta.jpg","type":"image\/jpeg"}],"author":"admin","twitter_card":"summary_large_image","twitter_misc":{"Escrito por":"admin","Tiempo de lectura":"4 minutos"},"schema":{"@context":"https:\/\/schema.org","@graph":[{"@type":"Article","@id":"https:\/\/uninomadasur.net\/?p=1849#article","isPartOf":{"@id":"https:\/\/uninomadasur.net\/?p=1849"},"author":{"name":"admin","@id":"https:\/\/uninomadasur.net\/#\/schema\/person\/c7a35ca2374cf2966d7c68ad81604c21"},"headline":"Un dilema falaz: \u00bfnaturaleza o \u201cdesarrollo\u201d?","datePublished":"2019-07-08T14:15:49+00:00","dateModified":"2019-07-08T14:15:49+00:00","mainEntityOfPage":{"@id":"https:\/\/uninomadasur.net\/?p=1849"},"wordCount":812,"commentCount":2,"publisher":{"@id":"https:\/\/uninomadasur.net\/#organization"},"image":{"@id":"https:\/\/uninomadasur.net\/?p=1849#primaryimage"},"thumbnailUrl":"https:\/\/uninomadasur.net\/wp-content\/uploads\/2019\/07\/alberto-acosta.jpg","articleSection":["Blog"],"inLanguage":"es","potentialAction":[{"@type":"CommentAction","name":"Comment","target":["https:\/\/uninomadasur.net\/?p=1849#respond"]}]},{"@type":"WebPage","@id":"https:\/\/uninomadasur.net\/?p=1849","url":"https:\/\/uninomadasur.net\/?p=1849","name":"Un dilema falaz: \u00bfnaturaleza o \u201cdesarrollo\u201d? - UninomadaSUR","isPartOf":{"@id":"https:\/\/uninomadasur.net\/#website"},"primaryImageOfPage":{"@id":"https:\/\/uninomadasur.net\/?p=1849#primaryimage"},"image":{"@id":"https:\/\/uninomadasur.net\/?p=1849#primaryimage"},"thumbnailUrl":"https:\/\/uninomadasur.net\/wp-content\/uploads\/2019\/07\/alberto-acosta.jpg","datePublished":"2019-07-08T14:15:49+00:00","dateModified":"2019-07-08T14:15:49+00:00","breadcrumb":{"@id":"https:\/\/uninomadasur.net\/?p=1849#breadcrumb"},"inLanguage":"es","potentialAction":[{"@type":"ReadAction","target":["https:\/\/uninomadasur.net\/?p=1849"]}]},{"@type":"ImageObject","inLanguage":"es","@id":"https:\/\/uninomadasur.net\/?p=1849#primaryimage","url":"https:\/\/uninomadasur.net\/wp-content\/uploads\/2019\/07\/alberto-acosta.jpg","contentUrl":"https:\/\/uninomadasur.net\/wp-content\/uploads\/2019\/07\/alberto-acosta.jpg","width":678,"height":380},{"@type":"BreadcrumbList","@id":"https:\/\/uninomadasur.net\/?p=1849#breadcrumb","itemListElement":[{"@type":"ListItem","position":1,"name":"Inicio","item":"https:\/\/uninomadasur.net\/"},{"@type":"ListItem","position":2,"name":"Un dilema falaz: \u00bfnaturaleza o \u201cdesarrollo\u201d?"}]},{"@type":"WebSite","@id":"https:\/\/uninomadasur.net\/#website","url":"https:\/\/uninomadasur.net\/","name":"UninomadaSUR","description":"UninomadaSUR","publisher":{"@id":"https:\/\/uninomadasur.net\/#organization"},"potentialAction":[{"@type":"SearchAction","target":{"@type":"EntryPoint","urlTemplate":"https:\/\/uninomadasur.net\/?s={search_term_string}"},"query-input":{"@type":"PropertyValueSpecification","valueRequired":true,"valueName":"search_term_string"}}],"inLanguage":"es"},{"@type":"Organization","@id":"https:\/\/uninomadasur.net\/#organization","name":"UninomadaSUR","url":"https:\/\/uninomadasur.net\/","logo":{"@type":"ImageObject","inLanguage":"es","@id":"https:\/\/uninomadasur.net\/#\/schema\/logo\/image\/","url":"https:\/\/uninomadasur.net\/wp-content\/uploads\/2018\/09\/uni-logo.png","contentUrl":"https:\/\/uninomadasur.net\/wp-content\/uploads\/2018\/09\/uni-logo.png","width":260,"height":94,"caption":"UninomadaSUR"},"image":{"@id":"https:\/\/uninomadasur.net\/#\/schema\/logo\/image\/"}},{"@type":"Person","@id":"https:\/\/uninomadasur.net\/#\/schema\/person\/c7a35ca2374cf2966d7c68ad81604c21","name":"admin","image":{"@type":"ImageObject","inLanguage":"es","@id":"https:\/\/uninomadasur.net\/#\/schema\/person\/image\/","url":"https:\/\/secure.gravatar.com\/avatar\/36436a50c876208a9dab2a6cf1785c4f?s=96&d=mm&r=g","contentUrl":"https:\/\/secure.gravatar.com\/avatar\/36436a50c876208a9dab2a6cf1785c4f?s=96&d=mm&r=g","caption":"admin"},"url":"https:\/\/uninomadasur.net\/?author=1"}]}},"jetpack_featured_media_url":"https:\/\/uninomadasur.net\/wp-content\/uploads\/2019\/07\/alberto-acosta.jpg","jetpack_sharing_enabled":true,"jetpack_shortlink":"https:\/\/wp.me\/paDeUS-tP","_links":{"self":[{"href":"https:\/\/uninomadasur.net\/index.php?rest_route=\/wp\/v2\/posts\/1849"}],"collection":[{"href":"https:\/\/uninomadasur.net\/index.php?rest_route=\/wp\/v2\/posts"}],"about":[{"href":"https:\/\/uninomadasur.net\/index.php?rest_route=\/wp\/v2\/types\/post"}],"author":[{"embeddable":true,"href":"https:\/\/uninomadasur.net\/index.php?rest_route=\/wp\/v2\/users\/1"}],"replies":[{"embeddable":true,"href":"https:\/\/uninomadasur.net\/index.php?rest_route=%2Fwp%2Fv2%2Fcomments&post=1849"}],"version-history":[{"count":1,"href":"https:\/\/uninomadasur.net\/index.php?rest_route=\/wp\/v2\/posts\/1849\/revisions"}],"predecessor-version":[{"id":1851,"href":"https:\/\/uninomadasur.net\/index.php?rest_route=\/wp\/v2\/posts\/1849\/revisions\/1851"}],"wp:featuredmedia":[{"embeddable":true,"href":"https:\/\/uninomadasur.net\/index.php?rest_route=\/wp\/v2\/media\/1850"}],"wp:attachment":[{"href":"https:\/\/uninomadasur.net\/index.php?rest_route=%2Fwp%2Fv2%2Fmedia&parent=1849"}],"wp:term":[{"taxonomy":"category","embeddable":true,"href":"https:\/\/uninomadasur.net\/index.php?rest_route=%2Fwp%2Fv2%2Fcategories&post=1849"},{"taxonomy":"post_tag","embeddable":true,"href":"https:\/\/uninomadasur.net\/index.php?rest_route=%2Fwp%2Fv2%2Ftags&post=1849"}],"curies":[{"name":"wp","href":"https:\/\/api.w.org\/{rel}","templated":true}]}}