{"id":2265,"date":"2019-10-26T14:12:23","date_gmt":"2019-10-26T14:12:23","guid":{"rendered":"http:\/\/uninomadasur.net\/?p=2265"},"modified":"2019-10-26T14:12:23","modified_gmt":"2019-10-26T14:12:23","slug":"chile-entre-madrugar-y-despertar","status":"publish","type":"post","link":"https:\/\/uninomadasur.net\/?p=2265","title":{"rendered":"Chile: entre madrugar y despertar"},"content":{"rendered":"<p>Por\u00a0Mart\u00edn Hopenhayn<\/p>\n<p>Regreso esta noche de mi\u00e9rcoles de la Plaza \u00d1u\u00f1oa, probablemente el punto m\u00e1s festivo donde tarde a tarde, durante los \u00faltimos cinco d\u00edas, se re\u00fanen unas 10,000 personas a protestar, bailar, corear consignas, encontrarse, tomar cerveza, fumarse sus porros e imaginar un pa\u00eds distinto. De cada 100, 99 son j\u00f3venes entre 18 y 35 a\u00f1os. Esta plaza es uno de los varios puntos donde se congrega la juventud desde el viernes pasado, y que hoy representan ese Chile s\u00fabito, iracundo e insospechado que sin aviso salt\u00f3 desde bajo el asfalto a tomarse Santiago, y en seguida todas las ciudades del pa\u00eds.<\/p>\n<p><img loading=\"lazy\" decoding=\"async\" class=\"aligncenter size-full wp-image-40225\" src=\"https:\/\/www.nexos.com.mx\/wp-content\/uploads\/2018\/11\/05-chile-1.jpg\" sizes=\"(max-width: 665px) 100vw, 665px\" srcset=\"https:\/\/www.nexos.com.mx\/wp-content\/uploads\/2018\/11\/05-chile-1.jpg 665w, https:\/\/www.nexos.com.mx\/wp-content\/uploads\/2018\/11\/05-chile-1-300x62.jpg 300w\" alt=\"\" width=\"665\" height=\"138\" \/><\/p>\n<p align=\"center\"><small>Ilustraci\u00f3n: Patricio Betteo<\/small><\/p>\n<p>La consigna que se impuso estos d\u00edas dice alude a un despertar y connota b\u00e1sicamente la exteriorizaci\u00f3n incontenida de un descontento larvado y masivo. Se entona como c\u00e1ntico de f\u00fatbol y dice as\u00ed:<\/p>\n<blockquote><p>\u201cOhhhhh, Chile despert\u00f3,<br \/>\nChile despert\u00f3<br \/>\nChile despert\u00f3<br \/>\nChile despert\u00f3\u201d.<\/p><\/blockquote>\n<p>Ese despertar parti\u00f3, como suele hacerlo, con una chispa que hoy resulta min\u00fascula en relaci\u00f3n a la magnitud de la revuelta: el aumento marginal en el precio del metro de Santiago que d\u00eda a d\u00eda mueve a casi tres millones de personas, o el 40% de la poblaci\u00f3n de la capital. Hace menos de dos semanas, en protesta por este aumento en la tarifa por un equivalente a menos de cinco centavos de d\u00f3lar, un grupo de estudiantes de la secundaria se decidi\u00f3 a emprender un acto simb\u00f3lico que ellos llamaron, con alguna imprecisi\u00f3n conceptual pero clara elocuencia sem\u00e1ntica, de \u201cdesobediencia civil\u201d: saltarse los torniquetes y evadir el pago. Curiosamente no fue el boleto estudiantil el que aument\u00f3 de precio, pero ellos lo hicieron expl\u00edcitamente en solidaridad con los dem\u00e1s. Primer gesto que despert\u00f3, en la ciudadan\u00eda, un sentimiento de simpat\u00eda.<\/p>\n<p>El gobierno la dej\u00f3 pasar confiando en que ser\u00eda un acto puntual y de r\u00e1pida evanescencia. Probablemente, muchos pensamos lo mismo. Y al d\u00eda siguiente, fueron m\u00e1s estudiantes. Efecto imitaci\u00f3n o efecto viral, como queramos llamarlo: esto se multiplic\u00f3 en toda la red del metro. Y el gobierno, supongo, pens\u00f3 que no hac\u00eda falta hacer olas para evitar darle prensa e importancia pol\u00edtica, limit\u00e1ndose a reforzar la vigilancia en los accesos del metro y en torno a los torniquetes.<\/p>\n<p>Este aumento en el costo del billete coincide con aumentos en tarifas el\u00e9ctricas y en muchos productos alimentarios, supuestamente alineados con el precio del d\u00f3lar. Entremedio aparecieron declaraciones de ministros de Estado que la gente percibi\u00f3 como una burla, aunque fueran expresados con candidez o humor, y sin af\u00e1n de provocaci\u00f3n. El ministro de hacienda sugiri\u00f3, al observar el aumento en el Indice de Precios al Consumidor, que los rom\u00e1nticos pod\u00edan aprovechar a comprar flores, producto cuyo precio hab\u00eda bajado. El ministro de econom\u00eda, en otra declaraci\u00f3n, mencion\u00f3 que madrugar tra\u00eda un beneficio complementario, a saber, la opci\u00f3n de aprovechar la hora de tarifa baja en el metro.<\/p>\n<p>Todo esto ocurre en un pa\u00eds con algunos rasgos que en este punto vale la pena destacar. Chile tiene hoy un PIB per capita en torno a los 25,000 d\u00f3lares anuales, y s\u00f3lo Panam\u00e1 puede competir con ese nivel en toda Am\u00e9rica Latina. Hace medio siglo era de los pa\u00edses pobres de la regi\u00f3n y hoy es el m\u00e1s rico. El \u00edndice de pobreza baj\u00f3 del 40% en 1990 a 8.6% en la \u00faltima medici\u00f3n, en el 2017. La indigencia, o extrema pobreza, baj\u00f3 en el mismo lapso del 20% al 2.8%. Un verdadero milagro. A eso se suma una expansi\u00f3n portentosa del consumo, del cr\u00e9dito, de a\u00f1os de escolaridad de nuevas generaciones. La expectativa de vida al nacer cruz\u00f3 el umbral de los 80 a\u00f1os, tambi\u00e9n lo m\u00e1s alto en la regi\u00f3n y por encima de Estados Unidos. La mortalidad infantil es baj\u00edsima, los servicios b\u00e1sicos llegan a todos los hogares y est\u00e1n desapareciendo los tugurios. Hay democracia, instituciones que se respetan, plenas libertades. Hasta aqu\u00ed, todo muy bien.<\/p>\n<p>Sigamos con los pormenores de estos d\u00edas. Al tercer d\u00eda de esta curiosa forma de desobediencia civil, ya no eran solo estudiantes salt\u00e1ndose los torniquetes. Se incorpor\u00f3 una masa importante de adultos, y los evasores se multiplicaban por hora. La cosa empez\u00f3 a cambiar de color. Llegaron las advertencias gubernamentales sobre la violaci\u00f3n de una norma que deb\u00eda parar. Pero estaban, a flor de piel, las declaraciones de los ministros, que hac\u00edan patente, por m\u00e1s que no fuera la intenci\u00f3n, algo que ellos ignoraban, pero que hab\u00eda aparecido en un informe sobre desigualdad publicado en el 2016 que tuvo bastante resonancia: la desigualdad que m\u00e1s irrita a los chilenos no es la de ingresos, sino la de trato y de salud. Es all\u00ed donde m\u00e1s se combina con la desigual distribuci\u00f3n de la dignidad de las personas: llega al alma y al cuerpo.<\/p>\n<p>Y el \u00e1nimo comenz\u00f3 a caldearse en serio. Y de aqu\u00ed en adelante todo se precipit\u00f3 en una sucesi\u00f3n de medidas de control, por parte del gobierno, que s\u00f3lo lograron atizar una marea que terminar\u00eda en tsunami. Primero, se cerraron algunas estaciones o accesos al metro como medida preventiva. La respuesta de la gente fue, correlativamente, en escalada. Primero presionando puertas cerradas. A esa altura la gente empezaba a manifestarse en la calle, primero en peque\u00f1os grupos pero r\u00e1pidamente en aumento y multiplicando lugares y calles. M\u00e1s tarde, las presiones a los accesos cerrados del metro se convierten en patadas. En esas circunstancias nos sorprende el viernes de la semana pasada. Todo hab\u00eda ocurrido en escasos cuatro o cinco d\u00edas. Pero a esa altura se produce una inesperada adhesi\u00f3n transversal, espont\u00e1nea, masiva, al movimiento de la evasi\u00f3n del pago del pasaje de metro. Todos miran con entusiasmo e indignaci\u00f3n, y el gobierno empieza a no entender nada. No capta el efecto meton\u00edmico del reclamo y la velocidad con que se recarga el significante: de un aumento marginal en la tarifa del metro, a la desigualdad hist\u00f3rica vivida como pisoteo a la dignidad de las mayor\u00edas.<\/p>\n<p>Retomo ahora la fiesta de los indicadores, para mostrar sus sombras. Chile est\u00e1 entre los cinco pa\u00edses con la peor distribuci\u00f3n del ingreso de Am\u00e9rica Latina, y es uno de los pa\u00edses con mayor concentraci\u00f3n de la riqueza en el mundo. Botones de muestra: el 1% m\u00e1s rico detenta el 26.5% de la riqueza, y el 10% m\u00e1s rico concentra el 66,5%, mientras el 50% m\u00e1s pobre accede a un magro 2.1% de la riqueza del pa\u00eds. Datos fresquitos, del 2017. Con un PIB per capita de 25,000 d\u00f3lares al a\u00f1o, la mitad de los trabajadores recibe un sueldo inferior a 400,000 pesos chilenos, que al tipo de cambio de hoy equivalen a 550 d\u00f3lares. Para ellos, el gasto diario en locomoci\u00f3n colectiva se come por lo menos el 10% de los ingresos, y eso si es que ning\u00fan dependiente en la familia se desplaza. Los servicios llegan a todos los hogares, pero Chile tiene las tarifas m\u00e1s altas de Am\u00e9rica Latina en electricidad y gas. Los alimentos han tenido una inflaci\u00f3n que no se refleja en los \u00edndices, y hoy tienen precios en los supermercados que superan a los de Espa\u00f1a. En medicamentos, batimos todos los r\u00e9cords, quintuplicando en precio a muchos de sus equivalentes en la mayor\u00eda de los pa\u00edses. Es, probablemente, el pa\u00eds de Am\u00e9rica Latina que m\u00e1s proporci\u00f3n del gasto en educaci\u00f3n y salud sale de los bolsillos de la gente, lo que produce una segregaci\u00f3n brutal en la calidad de los servicios y prestaciones.<\/p>\n<p>A esto se suman algunas gotas que rebasan el vaso, adem\u00e1s del aumento en la tarifa del metro. El presidente Pi\u00f1era, un liberal de derecha y multimillonario, anunci\u00f3 que en su gobierno se expandir\u00eda el consumo. Sin embargo, entre la subida del precio del d\u00f3lar y del petr\u00f3leo, y la baja en el precio del cobre que representa la principal entrada del comercio internacional del pa\u00eds, la cosa no fue tan as\u00ed. Esta combusti\u00f3n del consumo, que ha sido la fuente de legitimidad del poder en Chile por d\u00e9cadas, perdi\u00f3 \u00edmpetu. Muchas familias hoy est\u00e1n usando sus tarjetas de cr\u00e9dito del retail para comprar alimentos b\u00e1sicos en los supermercados. Nunca fue tan alta la deuda en las familias como porcentaje de sus ingresos.<\/p>\n<p>S\u00ed, Chile tiene pocos pobres, pero una proporci\u00f3n enorme de la poblaci\u00f3n vive bajo un nivel de estr\u00e9s brutal, sordo y soterrado, no reconocido pero s\u00ed percibido cuando se vive aqu\u00ed y se camina o se toma el metro m\u00e1s all\u00e1 de la zona Oriente de la ciudad. Los horarios de trabajo semanal efectivo superan las 45 horas, el promedio en tiempos de desplazamiento casa-trabajo-casa ronda las tres horas diarias para mucha gente (en \u201chorarios sardina\u201d que son verdaderos entrenamientos de convivencia ampliada), las familias est\u00e1n todas en crisis, y los n\u00facleos de pertenencia colectiva bastante pulverizados con un modelo que privilegia el consumo familiar y personal como pegamento social. La \u201cmodernidad l\u00edquida\u201d peg\u00f3 de lleno debilitando v\u00ednculos y sentido de futuro Los datos que proveen las instituciones de salud son alarmantes respecto de trastornos de salud mental, muy especialmente en la infancia y adolescencia pero tambi\u00e9n en adultos mayores. La obesidad aumenta a pasos agigantados, la inseguridad se ha convertido en la obsesi\u00f3n de todos, el mundo del trabajo est\u00e1 inundado de precariedad o incertidumbre. Muchos viven al l\u00edmite para llegar a fin de mes, expuestos a que una enfermedad catastr\u00f3fica o una p\u00e9rdida de empleo los exponga a la vulnerabilidad absoluta.<\/p>\n<p>Retomemos ahora los acontecimientos. El viernes por la tarde empez\u00f3 la explosi\u00f3n. De la desobediencia civil y el apoyo o simpat\u00eda de la gente, el movimiento se desplaza hacia otros frentes. Sin liderazgos. No hay voceros, ni representantes, ni interlocutores frente al gobierno, el Estado, los partidos y otras instituciones. Se viraliza y saltan desde todos los barrios grupos de j\u00f3venes que se distribuyen entre manifestaciones pac\u00edficas, tomas de estaciones de metro, destrucci\u00f3n de la infraestrucutra de las estaciones. Aparecen teor\u00edas conspirativas a\u00fan no confirmadas: grupos organizados que salen a la destrucci\u00f3n sistem\u00e1tica de la red de metros. Luego empiezan los saqueos a supermercados, las barricadas y los incendios. Se mezcla todo: <em>anarcos<\/em>, v\u00e1ndalos, encapuchados, narcos, gente que llega tranquilamente en autos y camiones a llevarse del supermercado lo que encuentran.<\/p>\n<p>El s\u00e1bado ya Chile est\u00e1 sumergido en el caos. Dej\u00f3 de ser el pa\u00eds que era una semana antes, tal vez para no volver a serlo. Con violencia y todo, el movimiento cuenta con una simpat\u00eda amplia. El sonido de las cacerolas vac\u00edas como s\u00edmbolo de protesta suena en toda la ciudad, luego en todo el pa\u00eds. Saqueos e incendios se replican, como rizomas, reticularmente, en todas partes al mismo tiempo.<\/p>\n<p>Sigo con un dato estructural. Chile tiene una de las pir\u00e1mides de edades m\u00e1s avanzadas de Am\u00e9rica Latina, junto a los otros pa\u00edses del Cono Sur, Cuba y tal vez Costa Rica. Es decir: la proporci\u00f3n de adultos mayores aumenta vertiginosamente. Pero por otro lado el sistema privado de pensiones y jubilaciones que rige desde la dictadura est\u00e1 mostrando efectos letales. Lo que recibe mensualmente como jubilaci\u00f3n la gran mayor\u00eda de pensionados es irrisorio: menos de 300 d\u00f3lares. Muchos de ellos, menos de 200. Todo esto, adem\u00e1s, en un pa\u00eds donde hace tiempo se debilitaron los lazos familiares que permit\u00edan a los ancianos apoyarse en su descendencia, siendo cada vez menos hijos por familia (una tasa de fecundidad en 1.8 hijos por mujer), y cada vez m\u00e1s mujeres en edad media dedicadas a trabajar. Muchos jubilados siguen pagando, adem\u00e1s, deudas hipotecarias que le comen m\u00e1s de la mitad de los ingresos jubilaci\u00f3n. Si no paga por unos meses, la soluci\u00f3n es simple: el banco les remata la vivienda.<\/p>\n<p>En la otra punta del hilo de clases, los \u00faltimos a\u00f1os se regaron con esc\u00e1ndalos de colusi\u00f3n de due\u00f1os de las grandes cadenas farmac\u00e9uticas para fijar precios de medicamentos, estafas a toda la sociedad en el precio del papel higi\u00e9nico, empresas que financiaron pol\u00edticos, intercambio de favores entre el poder econ\u00f3mico y el pol\u00edtico en todo el espectro ideol\u00f3gico. Bastante m\u00e1s grave, todo esto, que no pagar el cr\u00e9dito hipotecario. Los m\u00e1s <em>bullados<\/em>, entre empresarios sorprendidos en pagos de influencias, fueron castigados con clases obligatorias de \u00e9tica: una verdadera provocaci\u00f3n para el resto de la sociedad que no pod\u00eda creer c\u00f3mo se distribuyen faltas y sanciones en uno y otro lado. Suma y sigue.<\/p>\n<p>Retomo. El s\u00e1bado el presidente Pi\u00f1era declara el Estado de Excepci\u00f3n en medio de la confusi\u00f3n que rige en todo el territorio. Con una inflexi\u00f3n de voz y brazos casi beata, insiste en reconocer que este es el estallido de la desigualdad, tal como ya se ha consagrado en boca de todos, y que reconoce que es tiempo de enfrentar este grave problema. Hace un sentido mea culpa. Curioso que venga de uno de los hombres m\u00e1s ricos de Chile, quien tiene como uno de sus principales puntos program\u00e1ticos la reducci\u00f3n del impuesto a los ricos para fomentar la inversi\u00f3n productiva. Se\u00f1ala, tambi\u00e9n, como gran cosa, que elevar\u00e1 al congreso un proyecto de r\u00e1pida tramitaci\u00f3n para revertir el alza en el precio del transporte, en un gesto que a esta altura ya resulta irrelevante, considerando que el estallido se propag\u00f3 al cuestionamiento de la desigualdad en la sociedad chilena. Y agrega que, en calidad de presidente, y para velar por la seguridad en un momento de total alteraci\u00f3n del orden y da\u00f1o a infraestructura de todos los chilenos (cosa cierta), se ve obligado a declarar el estado de excepci\u00f3n (facultad constitucional), sacar a los militares a la calle, y declarar toque de queda por la noche.<\/p>\n<p>\u00bfQu\u00e9 pasa entonces? Pasa, simplemente, que la gente sigue en la calle, manifest\u00e1ndose, saqueando, incendiando. Unos piden m\u00e1s seguridad y acci\u00f3n de polic\u00eda y ej\u00e9rcito, de cara a un vecindario desbordado en saqueos y destrucci\u00f3n. Otros empiezan a denunciar los abusos como consecuencia del estado de emergencia y la acci\u00f3n de la fuerza p\u00fablica. Quienes enfrentan cara a cara a soldados y polic\u00eda son j\u00f3venes. No tienen miedo. Los enfrentan cara a cara. Nunca conocieron una dictadura. Tienen otra conciencia de sus derechos. Est\u00e1n indignados. Por otro lado, el gobierno sabe \u2014y la sociedad sabe que el gobierno sabe\u2014 que si se pasa de rosca en reprimir, la crisis de legitimidad se vuelve irreversible. Transita por una delgada cuerda y no quiere caerse. Es casi lo \u00fanico que quiere: no caerse.<\/p>\n<p>Retomo con consideraciones estructurales. Dije que este es un movimiento de j\u00f3venes. Son los j\u00f3venes de esta generaci\u00f3n quienes han accedido mayoritariamente a la educaci\u00f3n superior, tienen cuatro o cinco a\u00f1os m\u00e1s de escolaridad que sus padres, pero a la vez padecen las tasas m\u00e1s altas de desempleo. Los futuros prometidos se vuelven espejismos. La mentada meritocracia se lic\u00faa entre redes de influencia, capital cultural y calidad de la educaci\u00f3n muy segmentados. Son los j\u00f3venes quienes manejan m\u00e1s informaci\u00f3n sobre ellos y sobre como viven los dem\u00e1s, pero esa informaci\u00f3n no les da poder de negociaci\u00f3n ni presencia en el mundo pol\u00edtico o econ\u00f3mico. Son los j\u00f3venes idealizados como la generaci\u00f3n de la sociedad de la informaci\u00f3n, pero estigmatizados como irresponsables, no dignos de confianza, potencialmente an\u00f3micos. Son los j\u00f3venes los que crecieron en un Chile pr\u00f3spero, pero ven como a poco andar se ven estratificados por barrios, sistemas de relaciones, formas de ser tratados por la polic\u00eda o la justicia. Son los j\u00f3venes quienes tendr\u00e1n que cargar con los costos del cambio clim\u00e1tico y del envejecimiento de la poblaci\u00f3n. Son los j\u00f3venes los que est\u00e1n m\u00e1s dispuestos a arriesgar porque tienen menos y se conforman menos.<\/p>\n<p>Quisiera agregar dos consideraciones que se complementan, se tensan, y creo que terminan de explicar lo que pueda tener, hasta ahora, de explicable este estallido. La primera es que Chile cambi\u00f3, en tres d\u00e9cadas, de manera acelerada. Un pa\u00eds con una secular cultura del privilegio, y con ciudadanos de primera y segunda categor\u00eda, gener\u00f3 movilidad social como nunca antes, ensanch\u00f3 su clase media, difundi\u00f3 mayor conciencia sobre derechos ciudadanos, increment\u00f3 el bienestar general, produjo un salto cu\u00e1ntico en a\u00f1os de escolaridad y en conectividad digital. La segunda consideraci\u00f3n es que todo eso trajo, tambi\u00e9n, una espiral de expectativas que el mismo progreso alent\u00f3, y un sentido distinto sobre los derechos propios \u2013y, consecuentemente, progresiva exasperaci\u00f3n ante una cultura de privilegios que sigui\u00f3 imperando en una parte de la sociedad-. Se sabe que la movilidad trae expectativas de movilidad. El \u201cChile real\u201d acumul\u00f3 bronca porque la democracia no ha sido expediente ni de redistribuci\u00f3n del poder ni de redistribuci\u00f3n de la riqueza. Una cosa es bajar la pobreza, otra es reducir la desigualdad. El neoliberalismo apost\u00f3 siempre a que lo primero compensaba holgadamente la postergaci\u00f3n de lo segundo. Se equivoc\u00f3. Y le cuesta reconocerlo.<\/p>\n<p>Volvamos a los acontecimientos recientes. Las medidas de excepci\u00f3n con milicos en la calle no frenaron nada. El espiral de protestas, cacerolazos, marchas no autorizadas, calles cortadas por todos lados en todas las ciudades, saqueos a supermercados, tiendas y farmacias, destrucci\u00f3n edilicia, incendios\u2026 todo sigui\u00f3. Los partidos pol\u00edticos tomaron posiciones pero al mismo tiempo solo conversan o pelean entre ellos, abri\u00e9ndose a organizaciones de la sociedad civil consagradas, pero que tampoco representan el movimiento en las calles. Cierto, si la protesta no tiene l\u00edderes: \u00bfcon qui\u00e9n conversar? El gobierno ha dado bastonazos de ciego. El peor de todos, la declaraci\u00f3n desatinada de Pi\u00f1era el domingo pasado, sugiriendo que est\u00e1bamos en guerra. Mala cosa. Tuvo que desdecirse antes de que las consecuencias se multiplicaran. Luego se la ha pasado pidiendo perd\u00f3n, de su parte y de su gobierno, por la falta de sensibilidad ante las seculares desigualdades que ahora estallan como una olla a presi\u00f3n que no da m\u00e1s. Ese perd\u00f3n, m\u00e1s que despertar simpat\u00eda, exacerba la indignaci\u00f3n: \u00bfperd\u00f3n ahora, por una desigualdad secular, por falta de sensibilidad, por no haberlo reconocido antes?<\/p>\n<p>Finalmente el propio presidente anunci\u00f3\u00a0 el martes, al terminar el cuarto d\u00eda de caos y movilizaciones, las reformas que se han decidido de la noche a la ma\u00f1ana, en consulta con senadores y diputados, la mitad de los partidos, y algunos dirigentes sociales: alzas en pensiones b\u00e1sicas, seguros de salud para compensar gastos en medicamentos, aumento de ingreso m\u00ednimo, contenci\u00f3n al aumento de tarifas el\u00e9ctricas, un impuesto a sectores de m\u00e1s recursos, reducci\u00f3n de los alt\u00edsimos salarios de parlamentarios y en la administraci\u00f3n p\u00fablica. En seguida surgen las reacciones: algunos entusiastas, muchos cautos, unos pocos cr\u00edticos. Todos estas opiniones vienen de los partidos, el sistema parlamentario, los ministros. Pero falta un detalle\u2026 \u00a1la gente!<\/p>\n<p>Escribo el mi\u00e9rcoles, vale decir, estos anuncios fueron anoche. Anoche, tambi\u00e9n, el toque de queda en su tercera jornada empez\u00f3 a mostrar dientes m\u00e1s afilados. La represi\u00f3n se hizo sentir. Hasta el mediod\u00eda del mi\u00e9rcoles, 18 muertos , la mayor\u00eda en los propios saqueos. Pero ya apareci\u00f3 una v\u00edctima fatal por una golpiza de polic\u00edas y otro por disparos. Las redes se embriagan de denuncias, algunas filmadas, pero tambi\u00e9n es cierto que las noticias falsas est\u00e1n a la orden del d\u00eda y por tanto la verdad deja de ser verdad. No es f\u00e1cil apreciar los hechos objetivamente y se est\u00e1 a la espera de los informes del Instituto de Derechos Humanos. Al parecer ser\u00edan, hasta el mi\u00e9rcoles, 102 civiles heridos, dos por balazos en estado grave, y 95 miembros de fuerzas de seguridad lesionados. Las personas arrestadas por disturbios llegaron a 2205 y est\u00e1n bajando, y por violaci\u00f3n de toque de queda van en 592 los detenidos. Las manifestaciones siguen en aumento: se contaron 54 m\u00e1s el martes que el lunes, y los participantes se elevaron de 130 a 220 mil. Todav\u00eda no hay saldo al respecto de hoy mi\u00e9rcoles.<\/p>\n<p>Hasta ahora el balance de la destrucci\u00f3n tambi\u00e9n es enorme. Al mediod\u00eda de hoy mi\u00e9rcoles se contabilizaban 333 supermercados saqueados y 30 incendiados por completo, 16 buses incendiados, 77 estaciones de metro da\u00f1adas, de las cuales 41 destruidas parcialmente, 20 incendiadas y con da\u00f1os superiores a los 200 millones de d\u00f3lares. Gran parte de la red del metro, que es vital para el transporte diario en un Santiago cada vez m\u00e1s congestionado, tardar\u00e1 meses en repararse.<\/p>\n<p>Chile despert\u00f3. No madrug\u00f3, como sugiri\u00f3 el ministro de econom\u00eda, pero despert\u00f3. M\u00e1s bien, madrug\u00f3 al gobierno. Y al despertar, cambi\u00f3. Hoy en Plaza \u00d1u\u00f1oa, entre todas las pancartas una me llam\u00f3 la atenci\u00f3n: \u201cO vamos por todo, o no vamos por nada\u201d. Mientras tanto, un grupo de inmigrantes haitianos lleg\u00f3 con sus bombos y yemb\u00e9s y empez\u00f3 la fiesta de percusi\u00f3n y danza. La alegr\u00eda se volvi\u00f3 incontenible. De todo hay en esta explosi\u00f3n. Un desencanto brutal con toda la clase pol\u00edtica, una irritaci\u00f3n sin freno respecto de la desigualdad que se transforma en ofensa a la dignidad, una disposici\u00f3n de la juventud a repensarlo todo. Mientras tanto, parte de esa misma clase pol\u00edtica, o tecnopol\u00edtica, siente verg\u00fcenza de que en los medios internacionales Chile vuelva a hacer parte de este \u201cvecindario inc\u00f3modo\u201d de pa\u00edses inundados de crisis econ\u00f3micas, pol\u00edticas, sociales, institucionales. \u00bfBajar\u00e1 el indicador de confianza en la econom\u00eda chilena? La joyita de la regi\u00f3n que exhibe todos sus indicadores de \u00e9xito, la luminaria de la gobernabilidad, este rinc\u00f3n del mundo estable, prudente y pragm\u00e1tico, en fin, la sociedad tranquila y disciplinada, la idiosincracia contenida y respetuosa de las normas. \u00bfD\u00f3nde se fue todo con el correr de una sola semana?<\/p>\n<p>\u00bfQu\u00e9 pas\u00f3? En los hechos, m\u00e1s o menos lo que he resumido. En las causas, tal vez repartidas en lo que he querido aqu\u00ed recapitular. La bandera de lucha es la desigualdad. En general y en particular. Pero quien sabe qu\u00e9 m\u00e1s hay, cu\u00e1les son las pulsiones colectivas que se agitan. \u00bfPorqu\u00e9 de un d\u00eda para otro esta sociedad pas\u00f3 de su aspereza contenida a la total transgresi\u00f3n del orden, d\u00f3nde estaban estas energ\u00edas centr\u00edfugas la semana antepasada, c\u00f3mo fue que una generaci\u00f3n con m\u00e1s oportunidades que las precedentes, de repente se convirti\u00f3 en una masa desbordada, col\u00e9rica, pero a la vez movilizada, cr\u00edtica, valiente, festiva, dispuesta a todo? No me compro las apreciaciones que tienden a poner a esta juventud en el casillero estereotipado de millenial, puramente pulsional,\u00a0 investido con pastiches ideol\u00f3gicos atrabiliarios y comportamientos infantiles. No me compro, tampoco, las tesis conspirativas.<\/p>\n<p>Me preguntaban hoy en la Plaza \u00d1u\u00f1oa cu\u00e1l ser\u00e1 el desenlace de este movimiento y de este estallido si se sigue prolongando. Mi respuesta honesta y parca: no tengo la menor idea. No hay c\u00f3mo estimar la magnitud de la grieta, ni de sus consecuencias, ni de su impacto en el ordenamiento colectivo y en las pol\u00edticas. Me preguntaron, tambi\u00e9n, si el movimiento iba a dialogar con los partidos y el gobierno ante las nuevas propuestas program\u00e1ticas. Respond\u00ed, encogi\u00e9ndome de hombros y mirando a la multitud bailando al son de los tambores haitianos: \u00bfy qui\u00e9n, entre todos ellos, se sentar\u00e1 a conversar en la pr\u00f3xima mesa de di\u00e1logo con la institucionalidad pol\u00edtica?<\/p>\n<p>&nbsp;<\/p>\n<p><strong>Mart\u00edn Hopenhayn<\/strong><br \/>\nFil\u00f3sofo. Mag\u00edster en Filosof\u00eda de la Universidad de Par\u00eds VII. Ex Director Divisi\u00f3n de Desarrollo Social de la Comisi\u00f3n Econ\u00f3mica para Am\u00e9rica Latina y el Caribe (CEPAL).<\/p>\n<p>Fuente:\u00a0https:\/\/www.nexos.com.mx\/?p=45397#.XbQ-Qua45nU.whatsapp<\/p>\n","protected":false},"excerpt":{"rendered":"<p>Por\u00a0Mart\u00edn Hopenhayn Regreso esta noche de mi\u00e9rcoles de la Plaza \u00d1u\u00f1oa, probablemente el punto m\u00e1s festivo donde tarde a tarde, durante los \u00faltimos cinco d\u00edas, se re\u00fanen unas 10,000 personas a protestar, bailar, corear consignas, encontrarse, tomar cerveza, fumarse sus porros e imaginar un pa\u00eds distinto. De cada 100, 99 son j\u00f3venes entre 18 y [&hellip;]<\/p>\n","protected":false},"author":1,"featured_media":2266,"comment_status":"open","ping_status":"open","sticky":false,"template":"","format":"standard","meta":{"jetpack_post_was_ever_published":false,"_jetpack_newsletter_access":"","_jetpack_dont_email_post_to_subs":false,"_jetpack_newsletter_tier_id":0,"_jetpack_memberships_contains_paywalled_content":false,"_jetpack_memberships_contains_paid_content":false,"footnotes":"","jetpack_publicize_message":"","jetpack_publicize_feature_enabled":true,"jetpack_social_post_already_shared":true,"jetpack_social_options":{"image_generator_settings":{"template":"highway","enabled":false},"version":2}},"categories":[2],"tags":[],"class_list":["post-2265","post","type-post","status-publish","format-standard","has-post-thumbnail","hentry","category-blog"],"jetpack_publicize_connections":[],"yoast_head":"<!-- This site is optimized with the Yoast SEO plugin v23.4 - https:\/\/yoast.com\/wordpress\/plugins\/seo\/ -->\n<title>Chile: entre madrugar y despertar - UninomadaSUR<\/title>\n<meta name=\"robots\" content=\"index, follow, max-snippet:-1, max-image-preview:large, max-video-preview:-1\" \/>\n<link rel=\"canonical\" href=\"https:\/\/uninomadasur.net\/?p=2265\" \/>\n<meta property=\"og:locale\" content=\"es_ES\" \/>\n<meta property=\"og:type\" content=\"article\" \/>\n<meta property=\"og:title\" content=\"Chile: entre madrugar y despertar - UninomadaSUR\" \/>\n<meta property=\"og:description\" content=\"Por\u00a0Mart\u00edn Hopenhayn Regreso esta noche de mi\u00e9rcoles de la Plaza \u00d1u\u00f1oa, probablemente el punto m\u00e1s festivo donde tarde a tarde, durante los \u00faltimos cinco d\u00edas, se re\u00fanen unas 10,000 personas a protestar, bailar, corear consignas, encontrarse, tomar cerveza, fumarse sus porros e imaginar un pa\u00eds distinto. De cada 100, 99 son j\u00f3venes entre 18 y [&hellip;]\" \/>\n<meta property=\"og:url\" content=\"https:\/\/uninomadasur.net\/?p=2265\" \/>\n<meta property=\"og:site_name\" content=\"UninomadaSUR\" \/>\n<meta property=\"article:published_time\" content=\"2019-10-26T14:12:23+00:00\" \/>\n<meta property=\"og:image\" content=\"https:\/\/uninomadasur.net\/wp-content\/uploads\/2019\/10\/8224740064_1d31f9087f_b-545x436.jpg\" \/>\n\t<meta property=\"og:image:width\" content=\"545\" \/>\n\t<meta property=\"og:image:height\" content=\"436\" \/>\n\t<meta property=\"og:image:type\" content=\"image\/jpeg\" \/>\n<meta name=\"author\" content=\"admin\" \/>\n<meta name=\"twitter:card\" content=\"summary_large_image\" \/>\n<meta name=\"twitter:label1\" content=\"Escrito por\" \/>\n\t<meta name=\"twitter:data1\" content=\"admin\" \/>\n\t<meta name=\"twitter:label2\" content=\"Tiempo de lectura\" \/>\n\t<meta name=\"twitter:data2\" content=\"21 minutos\" \/>\n<script type=\"application\/ld+json\" class=\"yoast-schema-graph\">{\"@context\":\"https:\/\/schema.org\",\"@graph\":[{\"@type\":\"Article\",\"@id\":\"https:\/\/uninomadasur.net\/?p=2265#article\",\"isPartOf\":{\"@id\":\"https:\/\/uninomadasur.net\/?p=2265\"},\"author\":{\"name\":\"admin\",\"@id\":\"https:\/\/uninomadasur.net\/#\/schema\/person\/c7a35ca2374cf2966d7c68ad81604c21\"},\"headline\":\"Chile: entre madrugar y despertar\",\"datePublished\":\"2019-10-26T14:12:23+00:00\",\"dateModified\":\"2019-10-26T14:12:23+00:00\",\"mainEntityOfPage\":{\"@id\":\"https:\/\/uninomadasur.net\/?p=2265\"},\"wordCount\":4167,\"commentCount\":1,\"publisher\":{\"@id\":\"https:\/\/uninomadasur.net\/#organization\"},\"image\":{\"@id\":\"https:\/\/uninomadasur.net\/?p=2265#primaryimage\"},\"thumbnailUrl\":\"https:\/\/uninomadasur.net\/wp-content\/uploads\/2019\/10\/8224740064_1d31f9087f_b-545x436.jpg\",\"articleSection\":[\"Blog\"],\"inLanguage\":\"es\",\"potentialAction\":[{\"@type\":\"CommentAction\",\"name\":\"Comment\",\"target\":[\"https:\/\/uninomadasur.net\/?p=2265#respond\"]}]},{\"@type\":\"WebPage\",\"@id\":\"https:\/\/uninomadasur.net\/?p=2265\",\"url\":\"https:\/\/uninomadasur.net\/?p=2265\",\"name\":\"Chile: entre madrugar y despertar - UninomadaSUR\",\"isPartOf\":{\"@id\":\"https:\/\/uninomadasur.net\/#website\"},\"primaryImageOfPage\":{\"@id\":\"https:\/\/uninomadasur.net\/?p=2265#primaryimage\"},\"image\":{\"@id\":\"https:\/\/uninomadasur.net\/?p=2265#primaryimage\"},\"thumbnailUrl\":\"https:\/\/uninomadasur.net\/wp-content\/uploads\/2019\/10\/8224740064_1d31f9087f_b-545x436.jpg\",\"datePublished\":\"2019-10-26T14:12:23+00:00\",\"dateModified\":\"2019-10-26T14:12:23+00:00\",\"breadcrumb\":{\"@id\":\"https:\/\/uninomadasur.net\/?p=2265#breadcrumb\"},\"inLanguage\":\"es\",\"potentialAction\":[{\"@type\":\"ReadAction\",\"target\":[\"https:\/\/uninomadasur.net\/?p=2265\"]}]},{\"@type\":\"ImageObject\",\"inLanguage\":\"es\",\"@id\":\"https:\/\/uninomadasur.net\/?p=2265#primaryimage\",\"url\":\"https:\/\/uninomadasur.net\/wp-content\/uploads\/2019\/10\/8224740064_1d31f9087f_b-545x436.jpg\",\"contentUrl\":\"https:\/\/uninomadasur.net\/wp-content\/uploads\/2019\/10\/8224740064_1d31f9087f_b-545x436.jpg\",\"width\":545,\"height\":436},{\"@type\":\"BreadcrumbList\",\"@id\":\"https:\/\/uninomadasur.net\/?p=2265#breadcrumb\",\"itemListElement\":[{\"@type\":\"ListItem\",\"position\":1,\"name\":\"Inicio\",\"item\":\"https:\/\/uninomadasur.net\/\"},{\"@type\":\"ListItem\",\"position\":2,\"name\":\"Chile: entre madrugar y despertar\"}]},{\"@type\":\"WebSite\",\"@id\":\"https:\/\/uninomadasur.net\/#website\",\"url\":\"https:\/\/uninomadasur.net\/\",\"name\":\"UninomadaSUR\",\"description\":\"UninomadaSUR\",\"publisher\":{\"@id\":\"https:\/\/uninomadasur.net\/#organization\"},\"potentialAction\":[{\"@type\":\"SearchAction\",\"target\":{\"@type\":\"EntryPoint\",\"urlTemplate\":\"https:\/\/uninomadasur.net\/?s={search_term_string}\"},\"query-input\":{\"@type\":\"PropertyValueSpecification\",\"valueRequired\":true,\"valueName\":\"search_term_string\"}}],\"inLanguage\":\"es\"},{\"@type\":\"Organization\",\"@id\":\"https:\/\/uninomadasur.net\/#organization\",\"name\":\"UninomadaSUR\",\"url\":\"https:\/\/uninomadasur.net\/\",\"logo\":{\"@type\":\"ImageObject\",\"inLanguage\":\"es\",\"@id\":\"https:\/\/uninomadasur.net\/#\/schema\/logo\/image\/\",\"url\":\"https:\/\/uninomadasur.net\/wp-content\/uploads\/2018\/09\/uni-logo.png\",\"contentUrl\":\"https:\/\/uninomadasur.net\/wp-content\/uploads\/2018\/09\/uni-logo.png\",\"width\":260,\"height\":94,\"caption\":\"UninomadaSUR\"},\"image\":{\"@id\":\"https:\/\/uninomadasur.net\/#\/schema\/logo\/image\/\"}},{\"@type\":\"Person\",\"@id\":\"https:\/\/uninomadasur.net\/#\/schema\/person\/c7a35ca2374cf2966d7c68ad81604c21\",\"name\":\"admin\",\"image\":{\"@type\":\"ImageObject\",\"inLanguage\":\"es\",\"@id\":\"https:\/\/uninomadasur.net\/#\/schema\/person\/image\/\",\"url\":\"https:\/\/secure.gravatar.com\/avatar\/36436a50c876208a9dab2a6cf1785c4f?s=96&d=mm&r=g\",\"contentUrl\":\"https:\/\/secure.gravatar.com\/avatar\/36436a50c876208a9dab2a6cf1785c4f?s=96&d=mm&r=g\",\"caption\":\"admin\"},\"url\":\"https:\/\/uninomadasur.net\/?author=1\"}]}<\/script>\n<!-- \/ Yoast SEO plugin. -->","yoast_head_json":{"title":"Chile: entre madrugar y despertar - UninomadaSUR","robots":{"index":"index","follow":"follow","max-snippet":"max-snippet:-1","max-image-preview":"max-image-preview:large","max-video-preview":"max-video-preview:-1"},"canonical":"https:\/\/uninomadasur.net\/?p=2265","og_locale":"es_ES","og_type":"article","og_title":"Chile: entre madrugar y despertar - UninomadaSUR","og_description":"Por\u00a0Mart\u00edn Hopenhayn Regreso esta noche de mi\u00e9rcoles de la Plaza \u00d1u\u00f1oa, probablemente el punto m\u00e1s festivo donde tarde a tarde, durante los \u00faltimos cinco d\u00edas, se re\u00fanen unas 10,000 personas a protestar, bailar, corear consignas, encontrarse, tomar cerveza, fumarse sus porros e imaginar un pa\u00eds distinto. De cada 100, 99 son j\u00f3venes entre 18 y [&hellip;]","og_url":"https:\/\/uninomadasur.net\/?p=2265","og_site_name":"UninomadaSUR","article_published_time":"2019-10-26T14:12:23+00:00","og_image":[{"width":545,"height":436,"url":"https:\/\/uninomadasur.net\/wp-content\/uploads\/2019\/10\/8224740064_1d31f9087f_b-545x436.jpg","type":"image\/jpeg"}],"author":"admin","twitter_card":"summary_large_image","twitter_misc":{"Escrito por":"admin","Tiempo de lectura":"21 minutos"},"schema":{"@context":"https:\/\/schema.org","@graph":[{"@type":"Article","@id":"https:\/\/uninomadasur.net\/?p=2265#article","isPartOf":{"@id":"https:\/\/uninomadasur.net\/?p=2265"},"author":{"name":"admin","@id":"https:\/\/uninomadasur.net\/#\/schema\/person\/c7a35ca2374cf2966d7c68ad81604c21"},"headline":"Chile: entre madrugar y despertar","datePublished":"2019-10-26T14:12:23+00:00","dateModified":"2019-10-26T14:12:23+00:00","mainEntityOfPage":{"@id":"https:\/\/uninomadasur.net\/?p=2265"},"wordCount":4167,"commentCount":1,"publisher":{"@id":"https:\/\/uninomadasur.net\/#organization"},"image":{"@id":"https:\/\/uninomadasur.net\/?p=2265#primaryimage"},"thumbnailUrl":"https:\/\/uninomadasur.net\/wp-content\/uploads\/2019\/10\/8224740064_1d31f9087f_b-545x436.jpg","articleSection":["Blog"],"inLanguage":"es","potentialAction":[{"@type":"CommentAction","name":"Comment","target":["https:\/\/uninomadasur.net\/?p=2265#respond"]}]},{"@type":"WebPage","@id":"https:\/\/uninomadasur.net\/?p=2265","url":"https:\/\/uninomadasur.net\/?p=2265","name":"Chile: entre madrugar y despertar - UninomadaSUR","isPartOf":{"@id":"https:\/\/uninomadasur.net\/#website"},"primaryImageOfPage":{"@id":"https:\/\/uninomadasur.net\/?p=2265#primaryimage"},"image":{"@id":"https:\/\/uninomadasur.net\/?p=2265#primaryimage"},"thumbnailUrl":"https:\/\/uninomadasur.net\/wp-content\/uploads\/2019\/10\/8224740064_1d31f9087f_b-545x436.jpg","datePublished":"2019-10-26T14:12:23+00:00","dateModified":"2019-10-26T14:12:23+00:00","breadcrumb":{"@id":"https:\/\/uninomadasur.net\/?p=2265#breadcrumb"},"inLanguage":"es","potentialAction":[{"@type":"ReadAction","target":["https:\/\/uninomadasur.net\/?p=2265"]}]},{"@type":"ImageObject","inLanguage":"es","@id":"https:\/\/uninomadasur.net\/?p=2265#primaryimage","url":"https:\/\/uninomadasur.net\/wp-content\/uploads\/2019\/10\/8224740064_1d31f9087f_b-545x436.jpg","contentUrl":"https:\/\/uninomadasur.net\/wp-content\/uploads\/2019\/10\/8224740064_1d31f9087f_b-545x436.jpg","width":545,"height":436},{"@type":"BreadcrumbList","@id":"https:\/\/uninomadasur.net\/?p=2265#breadcrumb","itemListElement":[{"@type":"ListItem","position":1,"name":"Inicio","item":"https:\/\/uninomadasur.net\/"},{"@type":"ListItem","position":2,"name":"Chile: entre madrugar y despertar"}]},{"@type":"WebSite","@id":"https:\/\/uninomadasur.net\/#website","url":"https:\/\/uninomadasur.net\/","name":"UninomadaSUR","description":"UninomadaSUR","publisher":{"@id":"https:\/\/uninomadasur.net\/#organization"},"potentialAction":[{"@type":"SearchAction","target":{"@type":"EntryPoint","urlTemplate":"https:\/\/uninomadasur.net\/?s={search_term_string}"},"query-input":{"@type":"PropertyValueSpecification","valueRequired":true,"valueName":"search_term_string"}}],"inLanguage":"es"},{"@type":"Organization","@id":"https:\/\/uninomadasur.net\/#organization","name":"UninomadaSUR","url":"https:\/\/uninomadasur.net\/","logo":{"@type":"ImageObject","inLanguage":"es","@id":"https:\/\/uninomadasur.net\/#\/schema\/logo\/image\/","url":"https:\/\/uninomadasur.net\/wp-content\/uploads\/2018\/09\/uni-logo.png","contentUrl":"https:\/\/uninomadasur.net\/wp-content\/uploads\/2018\/09\/uni-logo.png","width":260,"height":94,"caption":"UninomadaSUR"},"image":{"@id":"https:\/\/uninomadasur.net\/#\/schema\/logo\/image\/"}},{"@type":"Person","@id":"https:\/\/uninomadasur.net\/#\/schema\/person\/c7a35ca2374cf2966d7c68ad81604c21","name":"admin","image":{"@type":"ImageObject","inLanguage":"es","@id":"https:\/\/uninomadasur.net\/#\/schema\/person\/image\/","url":"https:\/\/secure.gravatar.com\/avatar\/36436a50c876208a9dab2a6cf1785c4f?s=96&d=mm&r=g","contentUrl":"https:\/\/secure.gravatar.com\/avatar\/36436a50c876208a9dab2a6cf1785c4f?s=96&d=mm&r=g","caption":"admin"},"url":"https:\/\/uninomadasur.net\/?author=1"}]}},"jetpack_featured_media_url":"https:\/\/uninomadasur.net\/wp-content\/uploads\/2019\/10\/8224740064_1d31f9087f_b-545x436.jpg","jetpack_sharing_enabled":true,"jetpack_shortlink":"https:\/\/wp.me\/paDeUS-Ax","_links":{"self":[{"href":"https:\/\/uninomadasur.net\/index.php?rest_route=\/wp\/v2\/posts\/2265"}],"collection":[{"href":"https:\/\/uninomadasur.net\/index.php?rest_route=\/wp\/v2\/posts"}],"about":[{"href":"https:\/\/uninomadasur.net\/index.php?rest_route=\/wp\/v2\/types\/post"}],"author":[{"embeddable":true,"href":"https:\/\/uninomadasur.net\/index.php?rest_route=\/wp\/v2\/users\/1"}],"replies":[{"embeddable":true,"href":"https:\/\/uninomadasur.net\/index.php?rest_route=%2Fwp%2Fv2%2Fcomments&post=2265"}],"version-history":[{"count":1,"href":"https:\/\/uninomadasur.net\/index.php?rest_route=\/wp\/v2\/posts\/2265\/revisions"}],"predecessor-version":[{"id":2267,"href":"https:\/\/uninomadasur.net\/index.php?rest_route=\/wp\/v2\/posts\/2265\/revisions\/2267"}],"wp:featuredmedia":[{"embeddable":true,"href":"https:\/\/uninomadasur.net\/index.php?rest_route=\/wp\/v2\/media\/2266"}],"wp:attachment":[{"href":"https:\/\/uninomadasur.net\/index.php?rest_route=%2Fwp%2Fv2%2Fmedia&parent=2265"}],"wp:term":[{"taxonomy":"category","embeddable":true,"href":"https:\/\/uninomadasur.net\/index.php?rest_route=%2Fwp%2Fv2%2Fcategories&post=2265"},{"taxonomy":"post_tag","embeddable":true,"href":"https:\/\/uninomadasur.net\/index.php?rest_route=%2Fwp%2Fv2%2Ftags&post=2265"}],"curies":[{"name":"wp","href":"https:\/\/api.w.org\/{rel}","templated":true}]}}