{"id":2722,"date":"2020-06-06T22:31:00","date_gmt":"2020-06-06T22:31:00","guid":{"rendered":"http:\/\/uninomadasur.net\/?p=2722"},"modified":"2020-06-06T22:31:00","modified_gmt":"2020-06-06T22:31:00","slug":"estamos-viendo-la-convergencia-de-una-rebelion-de-clase-en-cuyo-centro-se-hallan-el-racismo-y-el-terrorismo-racial","status":"publish","type":"post","link":"https:\/\/uninomadasur.net\/?p=2722","title":{"rendered":"\u201cEstamos viendo la convergencia de una rebeli\u00f3n de clase en cuyo centro se hallan el racismo y el terrorismo racial\u201d"},"content":{"rendered":"<p><em>Intervenci\u00f3n de la escritora y profesora de estudios afroamericanos en la Universidad de Princeton Keeanga-Yamahtta Taylor<\/em><\/p>\n<p>En la mayor revuelta nacional desde la d\u00e9cada de 1960, los manifestantes han paralizado ciudades por todo Estados Unidos durante el fin de semana posterior al asesinato de George Floyd, un hombre afroamericano en Minneapolis, a manos de la polic\u00eda.\u00a0\u201cEsto no es solo la repetici\u00f3n de hechos pasados\u201d, dice la acad\u00e9mica y escritora estadounidense Keeanga-Yamahtta Taylor.\u00a0\u201cSon las consecuencias de los fracasos de este gobierno y del sistema pol\u00edtico&#8230; para resolver estas crisis\u201d. Taylor es profesora de estudios afroamericanos en la Universidad de Princeton.<\/p>\n<p><strong>AMY\u00a0GOODMAN:<\/strong>\u00a0\u00a1Esto es\u00a0<em>Democracy Now<\/em>!, democracianow.org,\u00a0<em>El Informe de Cuarentena<\/em>.\u00a0Les habla Amy Goodman desde la ciudad de Nueva York, y me acompa\u00f1a mi copresentadora Nermeen Shaikh desde su casa tambi\u00e9n en la ciudad de Nueva York.\u00a0Hola Nermeen.<\/p>\n<p><strong>NERMEEN\u00a0SHAIKH:<\/strong>\u00a0Buenos d\u00edas, Amy.\u00a0Y doy la bienvenida a nuestros oyentes y espectadores de todo el pa\u00eds y del mundo.<\/p>\n<p><strong>AMY\u00a0GOODMAN:<\/strong>\u00a0En la mayor revuelta nacional desde la d\u00e9cada de 1960, los manifestantes han cerrado ciudades por todo Estados Unidos durante el fin de semana posterior al asesinato de George Floyd, el hombre afroamericano de 46 a\u00f1os, a manos de la polic\u00eda en Minneapolis.<\/p>\n<p><strong>MANIFESTANTES:<\/strong>\u00a0\u00a1George Floyd!\u00a0\u00a1Di su nombre!\u00a0\u00a1George Floyd!\u00a0\u00a1Di su nombre!\u00a0\u00a1George Floyd!\u00a0\u00a1Di su nombre!\u00a0\u00a1George Floyd!<\/p>\n<p>\u00bfQu\u00e9 queremos?\u00a0\u00a1Justicia!\u00a0\u00bfCu\u00e1ndo la queremos?\u00a0\u00a1Ahora!\u00a0\u00bfQu\u00e9 queremos?\u00a0\u00a1Justicia!\u00a0\u00bfCu\u00e1ndo la queremos?\u00a0\u00a1Ahora!\u00a0\u00bfSi no lo obtenemos?\u00a0\u00a1Cierra!\u00a0\u00bfSi no lo obtenemos?\u00a0\u00a1Cierra! \u00bfSi no lo obtenemos?\u00a0\u00a1Cierra!\u00a0\u00bfQu\u00e9 queremos?\u00a0\u00a1Justicia!<\/p>\n<p><strong>AMY\u00a0GOODMAN:<\/strong>\u00a0George Floyd muri\u00f3 hace una semana, el D\u00eda de los Ca\u00eddos (Memorial Day), cuando el oficial de polic\u00eda de Minneapolis, Derek Chauvin, lo arrest\u00f3 y presion\u00f3 su rodilla contra el cuello de Floyd durante casi nueve minutos mientras Floyd exclamaba repetidas veces sin apenas aliento: \u201cNo puedo respirar\u201d; luego dej\u00f3 de moverse. El viernes 29 de mayo, Chauvin fue acusado de asesinato en tercer grado y homicidio involuntario en segundo grado.\u00a0Los otros tres polic\u00edas implicados han sido despedidos junto con Chauvin, pero no han sido arrestados.\u00a0El gobernador de Minnesota, Tim Walz, anunci\u00f3 que el fiscal general Keith Ellison asumir\u00e1 el mando de la investigaci\u00f3n y de cualquier acci\u00f3n judicial relacionada con el asesinato de George Floyd.\u00a0En el cruce de Minneapolis donde mataron a Floyd, la gente levant\u00f3 un monumento y lo declararon un espacio sagrado.<\/p>\n<p>Mientras tanto, las protestas continuaron durante todo el fin de semana de costa a costa.\u00a0La polic\u00eda reaccion\u00f3 con violencia ante las protestas generalizadas arrestando a m\u00e1s de 4.000 personas y atacando a los manifestantes con gases lacrim\u00f3genos y pelotas de goma en ciudades de todo el pa\u00eds.\u00a0Coches y edificios de la polic\u00eda ard\u00edan entre las llamas mientras miles de personas desafiaban el coronavirus y aumentaban la violencia policial al manifestarse. Las autoridades han dicho que, solo en la ciudad de Nueva York, resultaron da\u00f1ados 47 veh\u00edculos de la polic\u00eda.\u00a0Al menos 40 ciudades han impuesto el toque de queda.\u00a0La guardia nacional se ha desplegado en Minnesota, California, Illinois, Florida y otros estados.\u00a0Los departamentos de polic\u00eda cada vez reciben m\u00e1s cr\u00edticas por usar una fuerza excesiva contra los manifestantes y, en al menos 50 incidentes separados, atacar a periodistas.<\/p>\n<p>Las protestas se producen cuando el pa\u00eds se enfrenta a su mayor crisis de salud p\u00fablica en generaciones y al \u00edndice de desempleo m\u00e1s alto desde la Gran Depresi\u00f3n de 1929.\u00a0Durante las protestas del viernes el presidente Trump fue trasladado al b\u00fanker subterr\u00e1neo de la Casa Blanca.\u00a0El s\u00e1bado amenaz\u00f3 por Twitter a los manifestantes con enviarles \u201cperros viciosos\u201d y \u201carmas siniestras\u201d.\u00a0Tambi\u00e9n tuite\u00f3 que iba a declarar a Antifa \u201corganizaci\u00f3n terrorista\u201d, a pesar de que los expertos legales afirman que carece de autoridad para declarar a una agrupaci\u00f3n nacional \u201corganizaci\u00f3n terrorista\u201d, y advirtieron de que tal medida violar\u00eda la Primera Enmienda.<\/p>\n<p>La indignaci\u00f3n por la muerte de Floyd se produce despu\u00e9s de las protestas que llevaron al arresto de dos hombres blancos el mes pasado por la muerte a tiros en febrero de Ahmaud Arbery, un hombre negro que hac\u00eda\u00a0<em>footing<\/em>\u00a0en Georgia, y que posteriormente llevaron al arresto de un tercer hombre, y despu\u00e9s de que, en el mes de marzo, la polic\u00eda de Louisville matara a tiros a Breonna Taylor en su casa, caso que actualmente est\u00e1 en manos del\u00a0FBI.<\/p>\n<p>Las manifestaciones han sido en su mayor\u00eda en el exterior, con muchas personas con mascarillas, por lo que no est\u00e1 claro si provocar\u00e1n la propagaci\u00f3n del coronavirus.\u00a0Sin embargo, muchos manifestantes arrestados fueron trasladados a c\u00e1rceles que son focos de covid-19.<\/p>\n<p>Comenzamos con la profesora Keeanga-Yamahtta Taylor.\u00a0\u00bfQu\u00e9 opina del levantamiento popular que ha tenido lugar en todo el pa\u00eds y la reacci\u00f3n de la polic\u00eda, as\u00ed como a su espantoso origen el D\u00eda de los Ca\u00eddos, el asesinato de George Floyd?<\/p>\n<p><strong>KEEANGA\u00a0&#8211;\u00a0YAMAHTTA\u00a0TAYLOR:<\/strong>\u00a0Gracias, Amy, por dejarme venir a hablar esta ma\u00f1ana.<\/p>\n<p>Creo que parte de lo que estamos viendo son a\u00f1os y a\u00f1os de ira acumulada.\u00a0Muchas personas han hecho referencia a la d\u00e9cada de 1960, han hecho referencia al caso de Ferguson en 2014, pero creo que es importante decir que no se trata solo de la repetici\u00f3n de hechos pasados.\u00a0Son las consecuencias de los fracasos de este gobierno y del sistema pol\u00edtico, la incapacidad del sistema econ\u00f3mico de este pa\u00eds para resolver estas crisis, que se cimentan y acumulan con el tiempo.\u00a0Y estamos viendo la ebullici\u00f3n de eso.<\/p>\n<p>Imagine lo enfadada, desesperada y llena de rabia que tiene que estar una persona para protestar en la situaci\u00f3n de una pandemia hist\u00f3rica que ya ha matado a m\u00e1s de 103.000 estadounidenses, que ha tenido un impacto terrible y desproporcionado en las comunidades negras.\u00a0Creo que han muerto 23.000 o 24.000 negros.\u00a0Hablando claro, uno de cada 2.000 afroamericanos de Estados Unidos ha muerto por la covid-19. As\u00ed que imagine lo dif\u00edciles que deben de estar las cosas para que la gente salga en esas condiciones.\u00a0As\u00ed, creo que la tensi\u00f3n acumulada en torno a la brutalidad policial, la continuaci\u00f3n de la brutalidad policial, el abuso policial y la violencia y el asesinato han obligado a la gente a tener que soportar esas condiciones porque es obvio que, o bien nuestro gobierno no puede hacer nada al respecto, o bien el gobierno es c\u00f3mplice y elige no hacer nada.<\/p>\n<p>Y creo que tambi\u00e9n tenemos que a\u00f1adir a eso la crisis que se est\u00e1 desarrollando en el pa\u00eds, m\u00e1s all\u00e1 de la brutalidad policial, porque todos sabemos que los v\u00eddeos de palizas, abusos y asesinatos policiales han continuado existiendo.\u00a0De este modo, el movimiento que surgi\u00f3 de las revueltas en Ferguson, que deriv\u00f3 en Black Lives Matter, las condiciones que llevaron a eso nunca dejaron de existir.\u00a0Y creo que lo que lo ha reavivado, obviamente, es el linchamiento p\u00fablico de George Floyd hace una semana en Minneapolis, pero tambi\u00e9n las condiciones, el contexto m\u00e1s amplio dentro del cual se est\u00e1 extendiendo.\u00a0Y debido a esa situaci\u00f3n m\u00e1s amplia de desempleo masivo, de la muerte causada por la pandemia, esto no se trata solo de protestas contra la brutalidad policial.<\/p>\n<p>Sin embargo, vemos muchos, cientos, si no miles, de j\u00f3venes blancos en estas revueltas, lo que las convierte en verdaderas rebeliones multirraciales.\u00a0Y creo que es importante.\u00a0Algunos han llegado a describir la participaci\u00f3n de los blancos como agitadores externos, o me consta que hay informes de supremacistas blancos que se infiltran en algunas manifestaciones.\u00a0Y creo que son cosas a las que debemos prestar atenci\u00f3n, hacer un seguimiento e intentar comprenderlas.\u00a0Pero creo que no podemos descartar de manera generalizada la participaci\u00f3n de los j\u00f3venes blancos, porque tenemos que entender que lo que ha sucedido en la \u00faltima d\u00e9cada tambi\u00e9n ha destruido sus vidas.\u00a0Y se ha discutido sobre ello quiz\u00e1s con la generaci\u00f3n de sus padres, con la descripci\u00f3n de muertes por desesperaci\u00f3n.<\/p>\n<p>De este modo, sabemos que la esperanza de vida de los hombres y mujeres blancos corrientes se ha revertido, algo que, por cierto, no suele suceder en el mundo desarrollado.\u00a0Y est\u00e1 motivado por la adicci\u00f3n a los opioides, el alcoholismo y el suicidio.\u00a0Y as\u00ed, esta generaci\u00f3n, cuyas vidas verdaderamente&#8230; es decir, si te has graduado en la universidad, tu vida ha entrado en un par\u00e9ntesis por la guerra a comienzos del siglo XXI, por la recesi\u00f3n y ahora por una pandemia mortal.\u00a0Y de este modo, creo que estamos viendo la convergencia de una rebeli\u00f3n de clase en cuyo centro se hallan el racismo y el terrorismo racial.\u00a0Y, en muchos sentidos, nos encontramos en un terreno desconocido para Estados Unidos.<\/p>\n<p>&#8212;&#8212;&#8212;&#8212;&#8212;&#8212;&#8212;-<\/p>\n<p>Esta conversaci\u00f3n se public\u00f3 en<a href=\"https:\/\/www.democracynow.org\/2020\/6\/1\/keeanga_yamahtta_taylor_protests_class_rebellion\" target=\"_blank\" rel=\"noopener noreferrer\">\u00a0Democracy Now.<\/a><\/p>\n<p>Traducci\u00f3n de\u00a0<strong>Paloma Farr\u00e9 \/ ctxt.es<\/strong><\/p>\n","protected":false},"excerpt":{"rendered":"<p>Intervenci\u00f3n de la escritora y profesora de estudios afroamericanos en la Universidad de Princeton Keeanga-Yamahtta Taylor En la mayor revuelta nacional desde la d\u00e9cada de 1960, los manifestantes han paralizado ciudades por todo Estados Unidos durante el fin de semana posterior al asesinato de George Floyd, un hombre afroamericano en Minneapolis, a manos de la [&hellip;]<\/p>\n","protected":false},"author":1,"featured_media":2723,"comment_status":"open","ping_status":"open","sticky":false,"template":"","format":"standard","meta":{"jetpack_post_was_ever_published":false,"_jetpack_newsletter_access":"","_jetpack_dont_email_post_to_subs":false,"_jetpack_newsletter_tier_id":0,"_jetpack_memberships_contains_paywalled_content":false,"_jetpack_memberships_contains_paid_content":false,"footnotes":"","jetpack_publicize_message":"","jetpack_publicize_feature_enabled":true,"jetpack_social_post_already_shared":true,"jetpack_social_options":{"image_generator_settings":{"template":"highway","enabled":false},"version":2}},"categories":[2],"tags":[],"class_list":["post-2722","post","type-post","status-publish","format-standard","has-post-thumbnail","hentry","category-blog"],"jetpack_publicize_connections":[],"yoast_head":"<!-- This site is optimized with the Yoast SEO plugin v23.4 - https:\/\/yoast.com\/wordpress\/plugins\/seo\/ -->\n<title>\u201cEstamos viendo la convergencia de una rebeli\u00f3n de clase en cuyo centro se hallan el racismo y el terrorismo racial\u201d - UninomadaSUR<\/title>\n<meta name=\"robots\" content=\"index, follow, max-snippet:-1, max-image-preview:large, max-video-preview:-1\" \/>\n<link rel=\"canonical\" href=\"https:\/\/uninomadasur.net\/?p=2722\" \/>\n<meta property=\"og:locale\" content=\"es_ES\" \/>\n<meta property=\"og:type\" content=\"article\" \/>\n<meta property=\"og:title\" content=\"\u201cEstamos viendo la convergencia de una rebeli\u00f3n de clase en cuyo centro se hallan el racismo y el terrorismo racial\u201d - UninomadaSUR\" \/>\n<meta property=\"og:description\" content=\"Intervenci\u00f3n de la escritora y profesora de estudios afroamericanos en la Universidad de Princeton Keeanga-Yamahtta Taylor En la mayor revuelta nacional desde la d\u00e9cada de 1960, los manifestantes han paralizado ciudades por todo Estados Unidos durante el fin de semana posterior al asesinato de George Floyd, un hombre afroamericano en Minneapolis, a manos de la [&hellip;]\" \/>\n<meta property=\"og:url\" content=\"https:\/\/uninomadasur.net\/?p=2722\" \/>\n<meta property=\"og:site_name\" content=\"UninomadaSUR\" \/>\n<meta property=\"article:published_time\" content=\"2020-06-06T22:31:00+00:00\" \/>\n<meta property=\"og:image\" content=\"https:\/\/uninomadasur.net\/wp-content\/uploads\/2020\/06\/imagescms-image-000022826.jpg\" \/>\n\t<meta property=\"og:image:width\" content=\"800\" \/>\n\t<meta property=\"og:image:height\" content=\"533\" \/>\n\t<meta property=\"og:image:type\" content=\"image\/jpeg\" \/>\n<meta name=\"author\" content=\"admin\" \/>\n<meta name=\"twitter:card\" content=\"summary_large_image\" \/>\n<meta name=\"twitter:label1\" content=\"Escrito por\" \/>\n\t<meta name=\"twitter:data1\" content=\"admin\" \/>\n\t<meta name=\"twitter:label2\" content=\"Tiempo de lectura\" \/>\n\t<meta name=\"twitter:data2\" content=\"8 minutos\" \/>\n<script type=\"application\/ld+json\" class=\"yoast-schema-graph\">{\"@context\":\"https:\/\/schema.org\",\"@graph\":[{\"@type\":\"Article\",\"@id\":\"https:\/\/uninomadasur.net\/?p=2722#article\",\"isPartOf\":{\"@id\":\"https:\/\/uninomadasur.net\/?p=2722\"},\"author\":{\"name\":\"admin\",\"@id\":\"https:\/\/uninomadasur.net\/#\/schema\/person\/c7a35ca2374cf2966d7c68ad81604c21\"},\"headline\":\"\u201cEstamos viendo la convergencia de una rebeli\u00f3n de clase en cuyo centro se hallan el racismo y el terrorismo racial\u201d\",\"datePublished\":\"2020-06-06T22:31:00+00:00\",\"dateModified\":\"2020-06-06T22:31:00+00:00\",\"mainEntityOfPage\":{\"@id\":\"https:\/\/uninomadasur.net\/?p=2722\"},\"wordCount\":1561,\"commentCount\":0,\"publisher\":{\"@id\":\"https:\/\/uninomadasur.net\/#organization\"},\"image\":{\"@id\":\"https:\/\/uninomadasur.net\/?p=2722#primaryimage\"},\"thumbnailUrl\":\"https:\/\/uninomadasur.net\/wp-content\/uploads\/2020\/06\/imagescms-image-000022826.jpg\",\"articleSection\":[\"Blog\"],\"inLanguage\":\"es\",\"potentialAction\":[{\"@type\":\"CommentAction\",\"name\":\"Comment\",\"target\":[\"https:\/\/uninomadasur.net\/?p=2722#respond\"]}]},{\"@type\":\"WebPage\",\"@id\":\"https:\/\/uninomadasur.net\/?p=2722\",\"url\":\"https:\/\/uninomadasur.net\/?p=2722\",\"name\":\"\u201cEstamos viendo la convergencia de una rebeli\u00f3n de clase en cuyo centro se hallan el racismo y el terrorismo racial\u201d - UninomadaSUR\",\"isPartOf\":{\"@id\":\"https:\/\/uninomadasur.net\/#website\"},\"primaryImageOfPage\":{\"@id\":\"https:\/\/uninomadasur.net\/?p=2722#primaryimage\"},\"image\":{\"@id\":\"https:\/\/uninomadasur.net\/?p=2722#primaryimage\"},\"thumbnailUrl\":\"https:\/\/uninomadasur.net\/wp-content\/uploads\/2020\/06\/imagescms-image-000022826.jpg\",\"datePublished\":\"2020-06-06T22:31:00+00:00\",\"dateModified\":\"2020-06-06T22:31:00+00:00\",\"breadcrumb\":{\"@id\":\"https:\/\/uninomadasur.net\/?p=2722#breadcrumb\"},\"inLanguage\":\"es\",\"potentialAction\":[{\"@type\":\"ReadAction\",\"target\":[\"https:\/\/uninomadasur.net\/?p=2722\"]}]},{\"@type\":\"ImageObject\",\"inLanguage\":\"es\",\"@id\":\"https:\/\/uninomadasur.net\/?p=2722#primaryimage\",\"url\":\"https:\/\/uninomadasur.net\/wp-content\/uploads\/2020\/06\/imagescms-image-000022826.jpg\",\"contentUrl\":\"https:\/\/uninomadasur.net\/wp-content\/uploads\/2020\/06\/imagescms-image-000022826.jpg\",\"width\":800,\"height\":533},{\"@type\":\"BreadcrumbList\",\"@id\":\"https:\/\/uninomadasur.net\/?p=2722#breadcrumb\",\"itemListElement\":[{\"@type\":\"ListItem\",\"position\":1,\"name\":\"Inicio\",\"item\":\"https:\/\/uninomadasur.net\/\"},{\"@type\":\"ListItem\",\"position\":2,\"name\":\"\u201cEstamos viendo la convergencia de una rebeli\u00f3n de clase en cuyo centro se hallan el racismo y el terrorismo racial\u201d\"}]},{\"@type\":\"WebSite\",\"@id\":\"https:\/\/uninomadasur.net\/#website\",\"url\":\"https:\/\/uninomadasur.net\/\",\"name\":\"UninomadaSUR\",\"description\":\"UninomadaSUR\",\"publisher\":{\"@id\":\"https:\/\/uninomadasur.net\/#organization\"},\"potentialAction\":[{\"@type\":\"SearchAction\",\"target\":{\"@type\":\"EntryPoint\",\"urlTemplate\":\"https:\/\/uninomadasur.net\/?s={search_term_string}\"},\"query-input\":{\"@type\":\"PropertyValueSpecification\",\"valueRequired\":true,\"valueName\":\"search_term_string\"}}],\"inLanguage\":\"es\"},{\"@type\":\"Organization\",\"@id\":\"https:\/\/uninomadasur.net\/#organization\",\"name\":\"UninomadaSUR\",\"url\":\"https:\/\/uninomadasur.net\/\",\"logo\":{\"@type\":\"ImageObject\",\"inLanguage\":\"es\",\"@id\":\"https:\/\/uninomadasur.net\/#\/schema\/logo\/image\/\",\"url\":\"https:\/\/uninomadasur.net\/wp-content\/uploads\/2018\/09\/uni-logo.png\",\"contentUrl\":\"https:\/\/uninomadasur.net\/wp-content\/uploads\/2018\/09\/uni-logo.png\",\"width\":260,\"height\":94,\"caption\":\"UninomadaSUR\"},\"image\":{\"@id\":\"https:\/\/uninomadasur.net\/#\/schema\/logo\/image\/\"}},{\"@type\":\"Person\",\"@id\":\"https:\/\/uninomadasur.net\/#\/schema\/person\/c7a35ca2374cf2966d7c68ad81604c21\",\"name\":\"admin\",\"image\":{\"@type\":\"ImageObject\",\"inLanguage\":\"es\",\"@id\":\"https:\/\/uninomadasur.net\/#\/schema\/person\/image\/\",\"url\":\"https:\/\/secure.gravatar.com\/avatar\/36436a50c876208a9dab2a6cf1785c4f?s=96&d=mm&r=g\",\"contentUrl\":\"https:\/\/secure.gravatar.com\/avatar\/36436a50c876208a9dab2a6cf1785c4f?s=96&d=mm&r=g\",\"caption\":\"admin\"},\"url\":\"https:\/\/uninomadasur.net\/?author=1\"}]}<\/script>\n<!-- \/ Yoast SEO plugin. -->","yoast_head_json":{"title":"\u201cEstamos viendo la convergencia de una rebeli\u00f3n de clase en cuyo centro se hallan el racismo y el terrorismo racial\u201d - UninomadaSUR","robots":{"index":"index","follow":"follow","max-snippet":"max-snippet:-1","max-image-preview":"max-image-preview:large","max-video-preview":"max-video-preview:-1"},"canonical":"https:\/\/uninomadasur.net\/?p=2722","og_locale":"es_ES","og_type":"article","og_title":"\u201cEstamos viendo la convergencia de una rebeli\u00f3n de clase en cuyo centro se hallan el racismo y el terrorismo racial\u201d - UninomadaSUR","og_description":"Intervenci\u00f3n de la escritora y profesora de estudios afroamericanos en la Universidad de Princeton Keeanga-Yamahtta Taylor En la mayor revuelta nacional desde la d\u00e9cada de 1960, los manifestantes han paralizado ciudades por todo Estados Unidos durante el fin de semana posterior al asesinato de George Floyd, un hombre afroamericano en Minneapolis, a manos de la [&hellip;]","og_url":"https:\/\/uninomadasur.net\/?p=2722","og_site_name":"UninomadaSUR","article_published_time":"2020-06-06T22:31:00+00:00","og_image":[{"width":800,"height":533,"url":"https:\/\/uninomadasur.net\/wp-content\/uploads\/2020\/06\/imagescms-image-000022826.jpg","type":"image\/jpeg"}],"author":"admin","twitter_card":"summary_large_image","twitter_misc":{"Escrito por":"admin","Tiempo de lectura":"8 minutos"},"schema":{"@context":"https:\/\/schema.org","@graph":[{"@type":"Article","@id":"https:\/\/uninomadasur.net\/?p=2722#article","isPartOf":{"@id":"https:\/\/uninomadasur.net\/?p=2722"},"author":{"name":"admin","@id":"https:\/\/uninomadasur.net\/#\/schema\/person\/c7a35ca2374cf2966d7c68ad81604c21"},"headline":"\u201cEstamos viendo la convergencia de una rebeli\u00f3n de clase en cuyo centro se hallan el racismo y el terrorismo racial\u201d","datePublished":"2020-06-06T22:31:00+00:00","dateModified":"2020-06-06T22:31:00+00:00","mainEntityOfPage":{"@id":"https:\/\/uninomadasur.net\/?p=2722"},"wordCount":1561,"commentCount":0,"publisher":{"@id":"https:\/\/uninomadasur.net\/#organization"},"image":{"@id":"https:\/\/uninomadasur.net\/?p=2722#primaryimage"},"thumbnailUrl":"https:\/\/uninomadasur.net\/wp-content\/uploads\/2020\/06\/imagescms-image-000022826.jpg","articleSection":["Blog"],"inLanguage":"es","potentialAction":[{"@type":"CommentAction","name":"Comment","target":["https:\/\/uninomadasur.net\/?p=2722#respond"]}]},{"@type":"WebPage","@id":"https:\/\/uninomadasur.net\/?p=2722","url":"https:\/\/uninomadasur.net\/?p=2722","name":"\u201cEstamos viendo la convergencia de una rebeli\u00f3n de clase en cuyo centro se hallan el racismo y el terrorismo racial\u201d - UninomadaSUR","isPartOf":{"@id":"https:\/\/uninomadasur.net\/#website"},"primaryImageOfPage":{"@id":"https:\/\/uninomadasur.net\/?p=2722#primaryimage"},"image":{"@id":"https:\/\/uninomadasur.net\/?p=2722#primaryimage"},"thumbnailUrl":"https:\/\/uninomadasur.net\/wp-content\/uploads\/2020\/06\/imagescms-image-000022826.jpg","datePublished":"2020-06-06T22:31:00+00:00","dateModified":"2020-06-06T22:31:00+00:00","breadcrumb":{"@id":"https:\/\/uninomadasur.net\/?p=2722#breadcrumb"},"inLanguage":"es","potentialAction":[{"@type":"ReadAction","target":["https:\/\/uninomadasur.net\/?p=2722"]}]},{"@type":"ImageObject","inLanguage":"es","@id":"https:\/\/uninomadasur.net\/?p=2722#primaryimage","url":"https:\/\/uninomadasur.net\/wp-content\/uploads\/2020\/06\/imagescms-image-000022826.jpg","contentUrl":"https:\/\/uninomadasur.net\/wp-content\/uploads\/2020\/06\/imagescms-image-000022826.jpg","width":800,"height":533},{"@type":"BreadcrumbList","@id":"https:\/\/uninomadasur.net\/?p=2722#breadcrumb","itemListElement":[{"@type":"ListItem","position":1,"name":"Inicio","item":"https:\/\/uninomadasur.net\/"},{"@type":"ListItem","position":2,"name":"\u201cEstamos viendo la convergencia de una rebeli\u00f3n de clase en cuyo centro se hallan el racismo y el terrorismo racial\u201d"}]},{"@type":"WebSite","@id":"https:\/\/uninomadasur.net\/#website","url":"https:\/\/uninomadasur.net\/","name":"UninomadaSUR","description":"UninomadaSUR","publisher":{"@id":"https:\/\/uninomadasur.net\/#organization"},"potentialAction":[{"@type":"SearchAction","target":{"@type":"EntryPoint","urlTemplate":"https:\/\/uninomadasur.net\/?s={search_term_string}"},"query-input":{"@type":"PropertyValueSpecification","valueRequired":true,"valueName":"search_term_string"}}],"inLanguage":"es"},{"@type":"Organization","@id":"https:\/\/uninomadasur.net\/#organization","name":"UninomadaSUR","url":"https:\/\/uninomadasur.net\/","logo":{"@type":"ImageObject","inLanguage":"es","@id":"https:\/\/uninomadasur.net\/#\/schema\/logo\/image\/","url":"https:\/\/uninomadasur.net\/wp-content\/uploads\/2018\/09\/uni-logo.png","contentUrl":"https:\/\/uninomadasur.net\/wp-content\/uploads\/2018\/09\/uni-logo.png","width":260,"height":94,"caption":"UninomadaSUR"},"image":{"@id":"https:\/\/uninomadasur.net\/#\/schema\/logo\/image\/"}},{"@type":"Person","@id":"https:\/\/uninomadasur.net\/#\/schema\/person\/c7a35ca2374cf2966d7c68ad81604c21","name":"admin","image":{"@type":"ImageObject","inLanguage":"es","@id":"https:\/\/uninomadasur.net\/#\/schema\/person\/image\/","url":"https:\/\/secure.gravatar.com\/avatar\/36436a50c876208a9dab2a6cf1785c4f?s=96&d=mm&r=g","contentUrl":"https:\/\/secure.gravatar.com\/avatar\/36436a50c876208a9dab2a6cf1785c4f?s=96&d=mm&r=g","caption":"admin"},"url":"https:\/\/uninomadasur.net\/?author=1"}]}},"jetpack_featured_media_url":"https:\/\/uninomadasur.net\/wp-content\/uploads\/2020\/06\/imagescms-image-000022826.jpg","jetpack_sharing_enabled":true,"jetpack_shortlink":"https:\/\/wp.me\/paDeUS-HU","_links":{"self":[{"href":"https:\/\/uninomadasur.net\/index.php?rest_route=\/wp\/v2\/posts\/2722"}],"collection":[{"href":"https:\/\/uninomadasur.net\/index.php?rest_route=\/wp\/v2\/posts"}],"about":[{"href":"https:\/\/uninomadasur.net\/index.php?rest_route=\/wp\/v2\/types\/post"}],"author":[{"embeddable":true,"href":"https:\/\/uninomadasur.net\/index.php?rest_route=\/wp\/v2\/users\/1"}],"replies":[{"embeddable":true,"href":"https:\/\/uninomadasur.net\/index.php?rest_route=%2Fwp%2Fv2%2Fcomments&post=2722"}],"version-history":[{"count":1,"href":"https:\/\/uninomadasur.net\/index.php?rest_route=\/wp\/v2\/posts\/2722\/revisions"}],"predecessor-version":[{"id":2724,"href":"https:\/\/uninomadasur.net\/index.php?rest_route=\/wp\/v2\/posts\/2722\/revisions\/2724"}],"wp:featuredmedia":[{"embeddable":true,"href":"https:\/\/uninomadasur.net\/index.php?rest_route=\/wp\/v2\/media\/2723"}],"wp:attachment":[{"href":"https:\/\/uninomadasur.net\/index.php?rest_route=%2Fwp%2Fv2%2Fmedia&parent=2722"}],"wp:term":[{"taxonomy":"category","embeddable":true,"href":"https:\/\/uninomadasur.net\/index.php?rest_route=%2Fwp%2Fv2%2Fcategories&post=2722"},{"taxonomy":"post_tag","embeddable":true,"href":"https:\/\/uninomadasur.net\/index.php?rest_route=%2Fwp%2Fv2%2Ftags&post=2722"}],"curies":[{"name":"wp","href":"https:\/\/api.w.org\/{rel}","templated":true}]}}