{"id":2743,"date":"2020-06-27T13:39:52","date_gmt":"2020-06-27T13:39:52","guid":{"rendered":"http:\/\/uninomadasur.net\/?p=2743"},"modified":"2020-06-27T13:39:52","modified_gmt":"2020-06-27T13:39:52","slug":"capitalismo-al-filo-de-la-navaja","status":"publish","type":"post","link":"https:\/\/uninomadasur.net\/?p=2743","title":{"rendered":"Capitalismo al filo de la navaja"},"content":{"rendered":"<p><em><strong>Por Michel Husson<\/strong><\/em><\/p>\n<p class=\"has-text-align-right\"><em>La experiencia de nuestra generaci\u00f3n: el capitalismo no morir\u00e1 de muerte natural.<\/em> (Walter Benjamin)<a href=\"https:\/\/www.vientosur.info\/spip.php?article16102#sdfootnote1sym\">\u00a0<strong>1\/<\/strong><\/a><\/p>\n<p class=\"has-text-align-right\"><em>El futuro no tienes que preverlo, sino permitirlo<\/em>. (Antoine de Saint-Exup\u00e9ry)<a href=\"https:\/\/www.vientosur.info\/spip.php?article16102#sdfootnote2sym\">\u00a0<strong>2\/<\/strong><\/a><\/p>\n<p>Esta contribuci\u00f3n, cuyo t\u00edtulo est\u00e1 tomado de la OCDE<a href=\"https:\/\/www.vientosur.info\/spip.php?article16102#sdfootnote3sym\">\u00a0<strong>3\/<\/strong><\/a>, es en realidad (por seguir con la met\u00e1fora) una m\u00e1quina de afeitar de m\u00faltiples cuchillas. Intentamos mostrar, en primer lugar, que una recuperaci\u00f3n sincronizada est\u00e1 fuera de alcance, y que la forma que tomar\u00e1 es una cuesti\u00f3n eminentemente social<a href=\"https:\/\/www.vientosur.info\/spip.php?article16102#sdfootnote4sym\">\u00a0<strong>4\/<\/strong><\/a>.<\/p>\n<p><strong>\u00bfEstaba el virus en la fruta?<\/strong><\/p>\n<p>El coronavirus no ha venido a atacar a un cuerpo sano. Desde la crisis de 2008 el capitalismo funcionaba en un modo inestable que reproduc\u00eda casi todo lo que condujo a la crisis anterior, a falta de un modelo alternativo. Las se\u00f1ales de advertencia de una nueva recesi\u00f3n se estaban acumulando, la globalizaci\u00f3n cesaba de progresar, las ganancias de productividad estaban en su punto m\u00e1s bajo y el endeudamiento de las empresas privadas en su punto m\u00e1s alto, etc. Todo esto es cierto y no volveremos sobre ello aqu\u00ed.<\/p>\n<p>\u00bfPero es posible decir que \u201cel coronavirus precipita la crisis, no la causa\u201d como dicen Fr\u00e9d\u00e9ric Boccara y Alain Tournebise? Seg\u00fan ellos, se deber\u00eda \u201cdistinguir el factor acelerador o precipitante (el virus) y la causa (sobreacumulaci\u00f3n financiera)<a href=\"https:\/\/www.vientosur.info\/spip.php?article16102#sdfootnote5sym\">\u00a0<strong>5\/<\/strong><\/a>\u201d. Se encuentra casi la misma posici\u00f3n en Michael Roberts: \u201cEstoy seguro de que cuando termine este desastre, la econom\u00eda dominante y las autoridades alegar\u00e1n que fue una crisis ex\u00f3gena que no tiene nada que ver con los defectos inherentes al modo de producci\u00f3n capitalista y a la estructura social de la sociedad: \u00a1es culpa del virus! (\u2026) El Covid-19, como este colapso financiero, no es realmente un rayo: un llamado \u2018choque\u2019 que golpea a una econom\u00eda capitalista cuyo crecimiento fue en s\u00ed mismo armonioso<a href=\"https:\/\/www.vientosur.info\/spip.php?article16102#sdfootnote6sym\">\u00a0<strong>6\/<\/strong><\/a>\u201d. Por su parte, Eric Toussaint ha dicho: \u201cno, el coronavirus no es el responsable de la ca\u00edda de los mercados de valores<a href=\"https:\/\/www.vientosur.info\/spip.php?article16102#sdfootnote7sym\">\u00a0<strong>7\/<\/strong><\/a>\u201d.<\/p>\n<p>Estos autores, que se reclaman por otra parte del marxismo, probablemente hab\u00edan escrito demasiado r\u00e1pido (fue en marzo). Pero este reflejo es indicativo de la dificultad existente para tener en cuenta la especificidad de esta crisis. Ciertamente, la posibilidad misma de una pandemia reenv\u00eda a los efectos de la agricultura productivista en los ecosistemas<a href=\"https:\/\/www.vientosur.info\/spip.php?article16102#sdfootnote8sym\">\u00a0<strong>8\/<\/strong><\/a>\u00a0y al intenso movimiento de personas y mercanc\u00edas en todo el planeta. El hecho es que esta crisis no es una crisis\u00a0<em>cl\u00e1sica<\/em>. Por lo tanto, no se puede analizarla como tal, ni imaginar escenarios para el\u00a0<em>despu\u00e9s<\/em>\u00a0de la misma manera que lo podr\u00edamos hacer con la precedente crisis.<\/p>\n<p>Su caracter\u00edstica principal, sin precedentes, es la imbricaci\u00f3n entre una crisis sanitaria y una crisis econ\u00f3mica bajo el signo del confinamiento. Despu\u00e9s de la Gran Depresi\u00f3n, este es el\u00a0<em>Great Lockdown\u00a0<\/em>(Gran Bloqueo), por retomar el t\u00e9rmino del FMI<a href=\"https:\/\/www.vientosur.info\/spip.php?article16102#sdfootnote9sym\">\u00a0<strong>9\/<\/strong><\/a>, en otras palabras: el gran confinamiento. La clasificaci\u00f3n cara a los economistas tradicionales entre choques de oferta y choques de demanda pierde todo su significado, si alguna vez tuvo uno. Esta distinci\u00f3n es v\u00e1lida solo si razonamos sobre el peque\u00f1o esquema cl\u00e1sico, que los estudiantes de econom\u00eda conocen demasiado bien, en el que una curva de oferta se cruza con una curva de demanda. Esta representaci\u00f3n est\u00e1tica no corresponde a la realidad del capitalismo, que es un proceso de reproducci\u00f3n del capital. Es bastante divertido observar c\u00f3mo un premio\u00a0<em>Nobel<\/em>\u00a0en econom\u00eda, Paul Krugman<a href=\"https:\/\/www.vientosur.info\/spip.php?article16102#sdfootnote10sym\">\u00a0<strong>10\/<\/strong><\/a>, puede extasiarse ante un estudio<a href=\"https:\/\/www.vientosur.info\/spip.php?article16102#sdfootnote11sym\">\u00a0<strong>11\/<\/strong><\/a>\u00a0que\u00a0<em>descubre<\/em>\u00a0las interacciones entre la oferta y la demanda.<\/p>\n<p><strong>Desincronizaci\u00f3n de la crisis\u2026 y de la recuperaci\u00f3n<\/strong><\/p>\n<p>Una de las caracter\u00edsticas esenciales de esta crisis es difractar la econom\u00eda, en otras palabras, golpear a sus diferentes segmentos de manera desigual. Las medidas globales sobre la disminuci\u00f3n del PIB son, de hecho, solo un promedio de desarrollos muy diferenciados. Ciertos sectores se ven directamente afectados por medidas de cierre puro y simple, especialmente en el comercio minorista no esencial, otros lo son menos. Los c\u00e1lculos realizados por la OFCE<a href=\"https:\/\/www.vientosur.info\/spip.php?article16102#sdfootnote12sym\">\u00a0<strong>12\/<\/strong><\/a>\u00a0establecen que, a nivel mundial, la p\u00e9rdida de valor agregado oscilar\u00eda entre el 47% para la rama de alojamiento-restauraci\u00f3n hasta el 7% para la industria alimentaria y el 3% para la administraci\u00f3n p\u00fablica. Otro estudio<a href=\"https:\/\/www.vientosur.info\/spip.php?article16102#sdfootnote13sym\">\u00a0<strong>13\/<\/strong><\/a>\u00a0establece que son los sectores\u00a0<em>aguas arriba<\/em>\u00a0cuya actividad est\u00e1 disminuyendo m\u00e1s, en otras palabras, los sectores m\u00e1s alejados de la demanda final. Todo ocurre como si el virus\u00a0<em>remontaba las filiales<\/em>\u00a0pasando desde el r\u00edo abajo (<em>la demanda<\/em>) a las aguas arriba (<em>la oferta<\/em>).<\/p>\n<p>Por lo tanto, los da\u00f1os no se han infligido\u00a0<em>de manera justa<\/em>. Por ejemplo, los sectores de servicios m\u00e1s afectados generalmente emplean una gran mano de obra, a menudo a bajos salarios, con contratos precarios, para los cuales el trabajo a distancia a menudo es imposible. Seg\u00fan la OCDE, m\u00e1s de un tercio de las empresas se enfrentar\u00edan con problemas de tesorer\u00eda despu\u00e9s de tres meses de confinamiento<a href=\"https:\/\/www.vientosur.info\/spip.php?article16102#sdfootnote14sym\">\u00a0<strong>14\/<\/strong><\/a>. De ah\u00ed las medidas de apoyo (demora en el pago de impuestos, atraso de las deudas, toma a cargo de una parte de la masa salarial). Pero otra peque\u00f1a m\u00fasica comienza a amanecer: \u00bfno ser\u00eda la crisis una buena oportunidad para eliminar a las compa\u00f1\u00edas\u00a0<em>zombies<\/em>\u00a0que no merecen sobrevivir? Tres economistas<a href=\"https:\/\/www.vientosur.info\/spip.php?article16102#sdfootnote15sym\">\u00a0<strong>15\/<\/strong><\/a>\u00a0incluso han sugerido que corresponder\u00eda a los bancos decidir su destino, lo que, seg\u00fan ellos, permitir\u00eda \u201cuna selecci\u00f3n eficiente, preservando a las empresas socialmente viables, sin subvencionar a las empresas zombies\u201d.<\/p>\n<p>La misma heterogeneidad aparece entre pa\u00edses. El estudio ya citado de la OFCE muestra que la ca\u00edda del PIB var\u00eda desde el 36% para Espa\u00f1a al 12% para Jap\u00f3n. Pero aqu\u00ed es necesario tener en cuenta la transmisi\u00f3n a trav\u00e9s de las cadenas de valor. Un estudio estima en alrededor de un tercio la ca\u00edda del PIB resultante de los choques transmitidos por las cadenas de suministro mundiales. Como esta ca\u00edda ha sido de media de un 31.5%, \u201cun pa\u00eds que no habr\u00eda impuesto ning\u00fan confinamiento, habr\u00eda registrado una contracci\u00f3n media del 11% de su PIB debido a los confinamientos en los otros pa\u00edses<a href=\"https:\/\/www.vientosur.info\/spip.php?article16102#sdfootnote16sym\">\u00a0<strong>16\/<\/strong><\/a>\u201d. Por eso no se puede razonar pa\u00eds por pa\u00eds: la siguiente infograf\u00eda es particularmente esclarecedora en este punto. Da el origen y el valor de los componentes extranjeros incorporados a la producci\u00f3n de veh\u00edculos ensamblados en Francia. Existe una fuerte interdependencia regional (m\u00e1s del 75% de los componentes se producen en Europa) que hace que la producci\u00f3n sea imposible en un contexto de confinamiento-desconfinamiento no sincronizado. La interrupci\u00f3n de la producci\u00f3n en un punto de la cadena paraliza el resto de la producci\u00f3n, tanto m\u00e1s r\u00e1pidamente por que la industria opera con niveles de stocks muy bajos que no permiten absorber la menor desaceleraci\u00f3n de la producci\u00f3n<a href=\"https:\/\/www.vientosur.info\/spip.php?article16102#sdfootnote17sym\">\u00a0<strong>17\/<\/strong><\/a>.<\/p>\n<figure class=\"wp-block-image\"><img decoding=\"async\" src=\"https:\/\/www.vientosur.info\/IMG\/jpg\/1-11.jpg\" alt=\"\" \/><\/figure>\n<p><strong>El virus y las hambrunas golpean al sur<\/strong><\/p>\n<p>El n\u00famero de casos ha disminuido en Europa, al igual que el n\u00famero de muertes. Pero no es lo mismo a nivel mundial, donde otras regiones han tomado de alguna manera el relevo, especialmente Am\u00e9rica Latina y parte de Asia, como se muestra en el gr\u00e1fico de abajo que da el n\u00famero nuevos casos a nivel mundial<a href=\"https:\/\/www.vientosur.info\/spip.php?article16102#sdfootnote18sym\">\u00a0<strong>18\/<\/strong><\/a>.<\/p>\n<figure class=\"wp-block-image\"><img decoding=\"async\" src=\"https:\/\/www.vientosur.info\/IMG\/jpg\/2-12.jpg\" alt=\"\" \/><\/figure>\n<p>Esta extensi\u00f3n de la epidemia est\u00e1 afectando a muchos pa\u00edses que ya se enfrentan a dificultades econ\u00f3micas formidables, que se ven agravadas por la crisis actual: ca\u00edda de los precios de las materias primas, fuga de capitales, hundimiento de los tipos de cambio, aumento de la deuda. Por poner solo un ejemplo, los pa\u00edses africanos gastan m\u00e1s en el servicio de la deuda que en salud p\u00fablica. Adem\u00e1s, hay una crisis alimentaria y social desencadenada por la interrupci\u00f3n de actividades y agravada por la ausencia de ingresos adicionales, particularmente en el sector informal. Como dice la ONG Grain, millones de personas se ven obligadas a elegir entre el hambre y la Covid-19<a href=\"https:\/\/www.vientosur.info\/spip.php?article16102#sdfootnote19sym\">\u00a0<strong>19\/<\/strong><\/a>.<\/p>\n<p>La ofensiva diferenciada del virus proh\u00edbe considerar una recuperaci\u00f3n equilibrada, en otras palabras, una recuperaci\u00f3n en la que todos los sectores se reiniciar\u00edan al mismo tiempo y al mismo ritmo.<\/p>\n<p><strong>\u201cNo desperdiciar nunca una crisis grave\u201d<\/strong><\/p>\n<p>\u201c<em>No desperdiciar nunca una crisis grave<\/em>\u201d\u00a0<em>(Never Let a Seious Crisis Go to Waste)<\/em>, tal es el precepto establecido en 2008 por Rahm Emanuel, jefe de gabinete de Obama. Es, dijo, \u201cuna oportunidad para hacer cosas que antes cre\u00edas que no pod\u00edas hacer\u201d. Y estaba en su mente por una buena causa: \u201clo que antes se consideraban problemas a largo plazo, ya sea en el campo de la salud, la energ\u00eda, la educaci\u00f3n, los impuestos, la reforma regulatoria, tantas cosas que hab\u00edamos aplazado demasiado tiempo ahora est\u00e1n en la agenda\u201d<a href=\"https:\/\/www.vientosur.info\/spip.php?article16102#sdfootnote20sym\">\u00a0<strong>20\/<\/strong><\/a>. Milton Friedman dijo m\u00e1s o menos lo mismo: \u201cSolo una crisis, sea real o percibida como tal, conduce a un verdadero giro. Cuando se produce esta crisis, las medidas que se toman dependen de las ideas que est\u00e1n en sinton\u00eda con los tiempos<a href=\"https:\/\/www.vientosur.info\/spip.php?article16102#sdfootnote21sym\">\u00a0<strong>21\/<\/strong><\/a>\u201d.<\/p>\n<p>De hecho, se ha asistido a un verdadero giro. Los Estados y las instituciones han arrojado todos sus principios a la toalla, e incluso se puede decir que su reacci\u00f3n ha estado a la altura de la crisis: han actuado como si nuestras vidas valieran m\u00e1s que sus ganancias. Medimos el riesgo que asumimos con esta declaraci\u00f3n provocativa, y esperamos que no se cite independientemente de lo que sigue. Pero sigamos pegando ese clavo: una buena parte de la econom\u00eda se ha parado, la mayor\u00eda de los ingresos se han mantenido y todas las reglas de la ortodoxia presupuestaria se han abandonado. Es cierto que estas declaraciones deben ponerse en perspectiva: numerosos asalariados y asalariadas se han visto m\u00e1s o menos obligados a ir a trabajar y los precarios, algunos aut\u00f3nomos y comerciantes, han visto caer sus ingresos. Sin embargo no es menos cierto que se han invertido sumas considerables para compensar los efectos de la crisis. No hace falta decir tambi\u00e9n que la gesti\u00f3n de la crisis ha revelado enormes disfunciones que deber\u00e1n evaluarse y extraerse todas las consecuencias. Sin embargo, la observaci\u00f3n es clara: el\u00a0<em>capitalismo<\/em>\u00a0ha aceptado secar temporalmente sus fuentes de plusval\u00eda y las autoridades comerse sus discursos.<\/p>\n<p>Pero esta adopci\u00f3n incongruente de pol\u00edticas heterodoxas tiene su rev\u00e9s: se har\u00e1 todo, a su debido tiempo, para llenar el vac\u00edo. Por eso se debe esperar una reacci\u00f3n, donde la violencia de las medidas tomadas ser\u00e1 de un tama\u00f1o equivalente a los abandonos a los que el capitalismo tuvo que consentir. A riesgo de atribuirle una personalidad, se podr\u00eda decir que va a querer\u00a0<em>vengarse<\/em>\u00a0de lo que se vio obligado a sufrir. De hecho, habr\u00e1 una recuperaci\u00f3n\u00a0<em>en forma de V<\/em>, pero ser\u00e1 m\u00e1s bien de las pol\u00edticas neoliberales. Gilbert Achcar tiene toda la raz\u00f3n al invocar el pr\u00f3ximo intento de los gobiernos neoliberales de \u201cdescargar en la clase trabajadora la enorme deuda que se est\u00e1 contrayendo actualmente, como ya hicieron tras la Gran Recesi\u00f3n, reduciendo el poder adquisitivo de la gente y su propensi\u00f3n al gasto, llevando de este modo el mundo a una mayor agravaci\u00f3n del actual estancamiento secular<a href=\"https:\/\/www.vientosur.info\/spip.php?article16102#sdfootnote22sym\">\u00a0<strong>22\/<\/strong><\/a>\u201d.<\/p>\n<p><strong>Backlash<\/strong><\/p>\n<p>Achcar tiene especialmente raz\u00f3n al evocar las contradicciones inherentes a esta reacci\u00f3n violenta (<em>backlash\u00a0<\/em>por usar el t\u00e9rmino utilizado por las feministas). Las pol\u00edticas de retorno al\u00a0<em>business as usual\u00a0<\/em>corren el riesgo de autodestruirse y conducir a una trayectoria en zigzag de las econom\u00edas. En efecto, no hay simetr\u00eda garantizada entre las dos ramas de la recuperaci\u00f3n en forma de V. Una vez m\u00e1s, la\u00a0<em>ca\u00edda<\/em>\u00a0no ha tenido lugar de manera homot\u00e9tica: todos los sectores y zonas de la econom\u00eda mundial no se han visto afectados y no se reiniciar\u00e1n en las mismas proporciones. La reactivaci\u00f3n de las pol\u00edticas neoliberales no tendr\u00e1 lugar de manera coordinada y sin duda desencadenar\u00e1 reacciones en cadena que conducir\u00e1n a nuevas formas de recesi\u00f3n.<\/p>\n<p>Un primer ejemplo lo da el mercado de trabajo. No hay que olvidar que los beneficios tambi\u00e9n se han visto afectados, como explica el economista Eric Heyer: \u201clas empresas han sufrido p\u00e9rdidas de 40 mil millones de euros. Esto significa que en ocho semanas, perdieron el equivalente del Cr\u00e9dito Fiscal para la Competitividad y el Empleo (CICE) establecido bajo Fran\u00e7ois Hollande. Todo este esfuerzo econ\u00f3mico, esta transferencia del Estado a las empresas, desapareci\u00f3 durante el confinamiento. Eso corresponde a una ca\u00edda de 3 puntos en la tasa de margen de las empresas, es gigantesco<a href=\"https:\/\/www.vientosur.info\/spip.php?article16102#sdfootnote23sym\">\u00a0<strong>23\/<\/strong><\/a>\u201d.<\/p>\n<p>Todo apunta al hecho de que se avanza hacia sistemas que har\u00e1n de la masa salarial una de las principales variables de ajuste que permita restaurar la rentabilidad de las empresas. Reducci\u00f3n del desempleo parcial, acuerdos de mantenimiento del empleo, aumento de la jornada de trabajo, automatizaci\u00f3n acelerada<a href=\"https:\/\/www.vientosur.info\/spip.php?article16102#sdfootnote24sym\">\u00a0<strong>24\/<\/strong><\/a>: todas las se\u00f1ales ya est\u00e1n ah\u00ed. Ello significa que se tiende a una recuperaci\u00f3n sin empleo, es decir, a relanzar la econom\u00eda reduciendo al m\u00e1ximo los efectivos laborales. Pero el efecto de retorno es un freno a la reanudaci\u00f3n del consumo: de hecho, no se puede congelar, o incluso disminuir, la masa salarial y\u00a0<em>al mismo tiempo<\/em>\u00a0impulsar el consumo. A menos que se cuente con una reconversi\u00f3n del\u00a0<em>ahorro forzoso<\/em>\u00a0de los hogares cuyos ingresos se hayan preservado un poco, mientras que su consumo estaba\u00a0<em>confinado<\/em>.<\/p>\n<p>Este c\u00edrculo vicioso puede extenderse a toda la econom\u00eda europea, incluso mundial. La desincronizaci\u00f3n de las econom\u00edas plantea la cuesti\u00f3n de la coordinaci\u00f3n de las respuestas. En t\u00e9rminos de salud, est\u00e1 claro que la coordinaci\u00f3n ha sido casi inexistente: cada pa\u00eds ha reaccionado a su manera, y como ha podido, a pesar de que el virus no parece conocer fronteras. Esta pregunta se plantear\u00e1 de nuevo de forma aguda cuando se disponga de una vacuna (o de vacunas) y hay que estar preocupado por ello, ya que la Uni\u00f3n Europea hasta ahora ha dependido de la investigaci\u00f3n en partenariado con empresas privadas guiadas por criterios distintos del inter\u00e9s p\u00fablico<a href=\"https:\/\/www.vientosur.info\/spip.php?article16102#sdfootnote25sym\">\u00a0<strong>25\/<\/strong><\/a>.<\/p>\n<p>Con la recuperaci\u00f3n econ\u00f3mica, todos los pa\u00edses buscar\u00e1n, con posibilidades muy desiguales de \u00e9xito, capturar la mayor fracci\u00f3n posible de la reanudaci\u00f3n del comercio de mercanc\u00edas. A corto plazo, la forma m\u00e1s adecuada es ganar competitividad reduciendo el\u00a0<em>coste salarial<\/em>: ciertamente, la competitividad depende de muchos otros factores, pero sobre los que no se puede intervenir r\u00e1pidamente. Entonces nos encontrar\u00edamos con una configuraci\u00f3n, completamente cl\u00e1sica, donde todos o casi pierden en este peque\u00f1o juego: en el pasado reciente ya se han visto recesiones\u00a0<em>autoinfligidas<\/em>\u00a0por tales pol\u00edticas.<\/p>\n<p>Hay, por cierto, un correctivo poderoso a los progresos, ciertamente t\u00edmidos, en la coordinaci\u00f3n de las pol\u00edticas fiscales europeas. Los mismos pa\u00edses que, en el lado del patio, acuerdan, incluso arrastrando los pies, pedir prestado juntos para cubrir sus deudas, se enfrentar\u00e1n, en el lado del jard\u00edn, a una competencia exacerbada por la conquista o la preservaci\u00f3n de sus cuotas de mercado. Esta competencia bien podr\u00eda combinarse con una tendencia al proteccionismo, invocando la necesidad de recuperar una soberan\u00eda socavada por la globalizaci\u00f3n. El tema de la reubicaci\u00f3n, aunque leg\u00edtimo, plantea importantes problemas, ya que puede utilizarse para recuperaciones soberanistas. Lo demuestra una encuesta reciente que muestra que una abrumadora mayor\u00eda de los encuestados est\u00e1 a favor de promover la autonom\u00eda agr\u00edcola de Francia, la reubicaci\u00f3n de empresas industriales y la investigaci\u00f3n y producci\u00f3n de laboratorios farmac\u00e9uticos en Francia<a href=\"https:\/\/www.vientosur.info\/spip.php?article16102#sdfootnote26sym\">\u00a0<strong>26\/<\/strong><\/a>. Muchos pa\u00edses han tomado medidas proteccionistas, y el enfrentamiento de Trump contra China se intensificar\u00e1. Independientemente de su legitimidad, e incluso de su viabilidad, tales medidas ejercer\u00e1n una presi\u00f3n recesiva sobre la din\u00e1mica de la econom\u00eda mundial, que tambi\u00e9n tendr\u00e1 efectos muy diferenciados.<\/p>\n<p>Esta combinaci\u00f3n parad\u00f3jica de competitividad ofensiva y proteccionismo defensivo es un factor duradero en la desorganizaci\u00f3n de la econom\u00eda mundial. Pero en \u00faltima instancia es bastante coherente con la mezcla de neoliberalismo y autoritarismo que caracteriza a la\u00a0<em>gobernanza<\/em>\u00a0de muchos pa\u00edses en la actualidad.<\/p>\n<p><strong>El boomerang de la consolidaci\u00f3n financiera<\/strong><\/p>\n<p>Por el momento, los pa\u00edses europeos avanzan lentamente hacia la mutualizaci\u00f3n y la monetizaci\u00f3n de las deudas p\u00fablicas, en cualquier caso de la deuda adicional vinculada a la crisis<a href=\"https:\/\/www.vientosur.info\/spip.php?article16102#sdfootnote27sym\">\u00a0<strong>27\/<\/strong><\/a>. Pero se debe esperar el regreso de los argumentos ortodoxos. Dadas las tasas de inter\u00e9s muy bajas, incluso negativas, hoy tienen poca resonancia. Algunos han blandido el espantap\u00e1jaros de la inflaci\u00f3n sin mucha convicci\u00f3n. Dos economistas de la Banque de France (probablemente en servicios solicitados a instigaci\u00f3n de su gobernador Fran\u00e7ois Villeroy de Galhau) han tratado de hacer un trabajo educativo demostrando que no hay \u201cdinero m\u00e1gico\u201d y advirtiendo del riesgo de una \u201cespiral inflacionista\u201d<a href=\"https:\/\/www.vientosur.info\/spip.php?article16102#sdfootnote28sym\">\u00a0<strong>28\/<\/strong><\/a>. Este es el \u00fanico argumento que queda para los defensores de la ortodoxia contra las pol\u00edticas no convencionales.<\/p>\n<p>No resistimos la tentaci\u00f3n de reproducir el siguiente gr\u00e1fico, que es suficiente para ridiculizar este argumento: se ve que, desde 2010, las previsiones sucesivas del BCE (l\u00ednea punteada) anticipaban sistem\u00e1ticamente una recuperaci\u00f3n de la inflaci\u00f3n (hacia su objetivo del 2%) y que todas han sido desmentidas.<\/p>\n<figure class=\"wp-block-image\"><img decoding=\"async\" src=\"https:\/\/www.vientosur.info\/IMG\/jpg\/3-10.jpg\" alt=\"\" \/><\/figure>\n<p>Por el momento, los mercados financieros est\u00e1n jugando al juego comprando bonos de deuda p\u00fablica que el BCE recompra inmediatamente. Pero estos\u00a0<em>mercados<\/em>\u00a0no son pura abstracci\u00f3n: est\u00e1n constituidos, como recuerda Adam Tooze, \u201cde un grupo discreto de actores m\u00e1s o menos importantes, unidos por redes especializadas de informaci\u00f3n e intercambio<a href=\"https:\/\/www.vientosur.info\/spip.php?article16102#sdfootnote29sym\">\u00a0<strong>29\/<\/strong><\/a>\u201d. Y Tooze evoca en t\u00e9rminos violentos sus intervenciones anteriores: \u201cdesempe\u00f1aron menos el papel de guardianes de la libre competencia que el de los escuadrones de la muerte paramilitares que act\u00faan con la complicidad de las autoridades\u201d. Las pol\u00edticas no convencionales se toleran en el contexto actual, pero si se extendieran m\u00e1s all\u00e1 de lo que los mercados aceptan hoy, se asistir\u00eda a la vuelta de la \u201cdisciplina de mercado\u201d y los Estados deber\u00edan de nuevo someterse a lo que Wolfgang Streeck<a href=\"https:\/\/www.vientosur.info\/spip.php?article16102#sdfootnote30sym\">\u00a0<strong>30\/<\/strong><\/a>\u00a0llama el \u201cpueblo de los mercados\u201d (<em>Marktvolk<\/em>).<\/p>\n<p>Las distorsiones significativas hechas a la ortodoxia presupuestaria europea sin duda han dejado un sabor amargo entre sus defensores m\u00e1s convencidos. \u00bfCu\u00e1nto tiempo pasar\u00e1 antes de que se den cuenta de que han ido demasiado lejos y que es necesario, tan pronto como sea posible, volver a las pol\u00edticas de\u00a0<em>consolidaci\u00f3n<\/em>, en otras palabras, de austeridad? Es una nueva espada de Damocles que pesa sobre la trayectoria econ\u00f3mica por venir, incluso aunque se puede pensar que el retorno a la ortodoxia no ser\u00e1 inmediato.<\/p>\n<p><strong>\u00bfCorregir al capitalismo?<\/strong><\/p>\n<p>Todas las incertidumbres que se ciernen sobre el regreso a la normalidad conducen a volver a la idea de que la pandemia solo ha desencadenado una crisis que ya estaba en proceso. Si este an\u00e1lisis puede ser criticado, es cierto que la recuperaci\u00f3n ser\u00e1 a\u00fan m\u00e1s ca\u00f3tica, ya que deber\u00eda hacerse desde un sistema que ya estaba en muy mal estado de salud. La crisis de 2008 podr\u00eda ya analizarse como la crisis de respuestas a crisis anteriores. La crisis actual es, por lo tanto,\u00a0<em>una crisis al cuadrado<\/em>.<\/p>\n<p>\u00bfSer\u00e1 una oportunidad para que el capitalismo se regenere? Seg\u00fan el historiador Walter Scheidel<a href=\"https:\/\/www.vientosur.info\/spip.php?article16102#sdfootnote31sym\">\u00a0<strong>31\/<\/strong><\/a>, los episodios de reducci\u00f3n de las desigualdades se han desencadenado hist\u00f3ricamente por un choque inicial que tom\u00f3 cuatro formas: guerra, revoluci\u00f3n, colapso de un Estado o\u2026 pandemia mortal. Son para \u00e9l los \u201ccuatro jinetes de la nivelaci\u00f3n\u201d, en resumen, los \u201cCuatro Jinetes del Apocalipsis\u201d (para los ricos).<\/p>\n<p>\u00bfEstamos en este escenario con la pandemia actual? Tras la Segunda Guerra Mundial, el capitalismo se transform\u00f3, con una mayor regulaci\u00f3n del mercado de trabajo y el establecimiento, en diversas formas, de un Estado del bienestar. Pero las circunstancias fueron particulares en varios puntos: parte del aparato productivo hab\u00eda sido destruido, los activos financieros se hab\u00edan derrumbado, las ganancias potenciales de productividad eran significativas y una amenaza interna o externa se cern\u00eda sobre el orden social.<\/p>\n<p>Hoy no est\u00e1n reunidos los ingredientes, al menos en esta fase inicial de consideraci\u00f3n. Por ahora los dominantes tienen cierto inter\u00e9s en soltar el lastre, incluso desde su punto de vista. Adem\u00e1s de eventuales consideraciones \u00e9ticas (o la toma en consideraci\u00f3n del grado de aceptabilidad social), no era posible enviar a todo el mundo al interruptor sin poner en peligro la reproducci\u00f3n general del sistema.<\/p>\n<p>El hecho es que al abandonar los dogmas que rigen el funcionamiento de la econom\u00eda, los gobiernos han socavado toda la ideolog\u00eda neoliberal. Signo de los tiempos, sin duda, Olivier Passet elige llamar \u201cprogresista\u201d (sin las comillas) a este pensamiento. Pero se\u00f1ala la \u201cbancarrota\u201d del mismo: \u201ctodo lo que forjaba nuestra [sic] representaci\u00f3n de una econom\u00eda eficiente es derrotado: no, la abolici\u00f3n de las distancias, el alargamiento de las cadenas de valor, la divisi\u00f3n del trabajo cada vez mayor, no son el indiscutible Alfa y Omega de la eficiencia econ\u00f3mica, etc.<a href=\"https:\/\/www.vientosur.info\/spip.php?article16102#sdfootnote32sym\">\u00a0<strong>32\/<\/strong><\/a>\u201d.<\/p>\n<p>Quiz\u00e1s deber\u00eda recordarse aqu\u00ed que el capitalismo es un sistema econ\u00f3mico pero tambi\u00e9n una relaci\u00f3n social. Dicho de otra forma, es un sistema que funciona en beneficio de una capa social. Corregir su funcionamiento actual implicar\u00eda modificar los mecanismos econ\u00f3micos espec\u00edficamente econ\u00f3micos, pero tambi\u00e9n atacar en \u00faltima instancia los privilegios de las clases dominantes.<\/p>\n<p>Por lo tanto, es f\u00e1cil prever que el capitalismo resistir\u00e1. Resistencia a una revalorizaci\u00f3n de los salarios, a la regulaci\u00f3n del mercado de trabajo y a las restricciones ambientales: porque es necesario restablecer la tasa de ganancia. Resistencia tambi\u00e9n a las relocalizaciones: porque el beneficio de las multinacionales depende de la explotaci\u00f3n de la mano de obra de los pa\u00edses perif\u00e9ricos y de sus recursos naturales.<\/p>\n<p>Pong\u00e1monos, por un momento, en el lugar de la burgues\u00eda frente a la pandemia. Ella descubre que necesita mano de obra en el trabajo pero que no puede (pol\u00edticamente) enviar a la gente al rompehielos; que no ha previsto las mascarillas, los test y que ha suprimido demasiadas camas de hospital para ofrecer algo m\u00e1s que confinamiento. Por lo tanto, se ve obligada a renunciar parcialmente a sus reglas y tab\u00faes para acompa\u00f1ar la situaci\u00f3n.<\/p>\n<p>Despu\u00e9s de un tiempo, toma la medida del impacto en sus intereses y avanza sus peones para el\u00a0<em>d\u00eda siguiente<\/em>. El principio general es afirmar que las medidas excepcionales tomadas en la tormenta son provisionales. Adem\u00e1s, se lanzan globos de prueba para decir que deber\u00e1n tomarse medidas de\u00a0<em>recuperaci\u00f3n<\/em>.<\/p>\n<p><strong>La gran revelaci\u00f3n<\/strong><\/p>\n<p>Una de las propiedades notables de esta crisis es haber generado efectos de revelaci\u00f3n. Se ha descubierto, o redescubierto, que los trabajos\u00a0<em>esenciales<\/em>\u00a0para un m\u00ednimo de vida social y econ\u00f3mica estaban ocupados por aquellos que Macron dec\u00eda que no eran\u00a0<em>nada<\/em>. Se ha descubierto, o redescubierto, que no hab\u00eda correspondencia entre los salarios otorgados a estas trabajadoras y trabajadores y su utilidad social. Tambi\u00e9n se ha constatado que numerosos empleadores rapaces estaban dispuestos a exponer a sus asalariados al riesgo de la epidemia, mientras que algunos de ellos estaban inscritos en el desempleo parcial.<\/p>\n<p>Una de las grandes contribuciones de Marx es su an\u00e1lisis del fetichismo de la mercanc\u00eda de la cual Antoine Artous dio una definici\u00f3n sint\u00e9tica; es \u201cel hecho de que una relaci\u00f3n social entre hombres se presenta como una relaci\u00f3n entre cosas; en este caso, el valor de los bienes, a trav\u00e9s del cual se organiza el intercambio, se percibe socialmente como su atributo natural, mientras que es generado por relaciones de producci\u00f3n espec\u00edficas<a href=\"https:\/\/www.vientosur.info\/spip.php?article16102#sdfootnote33sym\">\u00a0<strong>33\/<\/strong><\/a>\u201d.<\/p>\n<p>Es en la Secci\u00f3n Primera del Libro Primero de\u00a0<em>El<\/em>\u00a0<em>Capital\u00a0<\/em>donde Marx trata de \u201cEl fetichismo de la mercanc\u00eda y su secreto\u201d para mostrar que \u201ces solo la determinada relaci\u00f3n social de los hombres lo que aqu\u00ed toma para ellos la forma fantasmag\u00f3rica de una relaci\u00f3n entre las cosas\u201d (ver recuadro). Agrega un poco m\u00e1s adelante que el \u201cmovimiento social\u00bb de valores (las fluctuaciones econ\u00f3micas) \u201clas relaciones de los productores, en las cuales se afirman caracteres sociales de sus trabajos adquieren la forma de una relaci\u00f3n social entre los productos del trabajo\u201d. Estos desarrollos, de los cuales se dan algunos extractos en el recuadro a continuaci\u00f3n, son de actualidad. A pesar de su enunciado abstracto, arrojan luz sobre uno de los desaf\u00edos de la coyuntura abierta por la crisis. Esta \u00faltima ha recordado que es el trabajo de las mujeres y de los hombres el verdadero motor de la vida social. Tambi\u00e9n nos hemos dado cuenta de que, en su mayor parte, las actividades esenciales, vitales, no pueden hacerse por teletrabajo.<\/p>\n<p>Pero hay m\u00e1s. La experiencia que se podr\u00eda, al menos temporalmente, prescindir de ciertos consumos; la constataci\u00f3n de la vulnerabilidad de la organizaci\u00f3n globalizada de la producci\u00f3n; la puesta al desnudo de las desigualdades; la manera en que las leyes econ\u00f3micas han debido y podido ser violadas de forma arrogante, todo esto contribuye a plantear formidables interrogaciones sobre los beneficios del orden social existente y su car\u00e1cter inmutable. En resumen, se ha levantado una esquina del velo y, para usar los t\u00e9rminos de Marx, los seres humanos pueden querer recuperar el control sobre las cosas.<\/p>\n<p><strong>El car\u00e1cter fetiche de las mercanc\u00edas y su secreto (extractos<a href=\"https:\/\/www.vientosur.info\/spip.php?article16102#sdfootnote34sym\">\u00a034\/<\/a>)<\/strong><\/p>\n<p>\u00bfDe d\u00f3nde viene la naturaleza enigm\u00e1tica del producto del trabajo tan pronto como reviste la forma de una mercanc\u00eda? Proviene, evidentemente de esta misma forma.<\/p>\n<p>El car\u00e1cter de igualdad de los trabajos humanos adquiere la forma de los productos del trabajo; la medida de los trabajos individuales seg\u00fan su duraci\u00f3n, adquiere la forma de la magnitud del valor de los productos del trabajo; finalmente, las relaciones de los productores, en las cuales se afirman caracteres sociales de sus trabajos adquieren la forma de una relaci\u00f3n social entre los productos del trabajo. He aqu\u00ed por qu\u00e9 estos productos se convierten en mercanc\u00edas, es decir, en objetos que se aprecian y no se aprecian con los sentidos, en objetos sociales.<\/p>\n<p>Por lo tanto, lo que es misterioso en la forma mercantil consiste simplemente en que devuelve a los hombres la imagen de las caracter\u00edsticas sociales de su propio trabajo como caracteres objetivos de los productos del trabajo, como cualidades sociales que estas cosas poseer\u00edan por naturaleza: as\u00ed les devuelve la imagen de la relaci\u00f3n social de los productores con el trabajo global, como una relaci\u00f3n social que existe fuera de ellos, entre los objetos. Es este malentendido lo que hace que los productos del trabajo se conviertan en bienes, cosas sensibles que son suprasensibles, cosas sociales.<\/p>\n<p>(\u2026) La forma valor y la relaci\u00f3n de valor de los productos del trabajo no tienen absolutamente nada que ver con su naturaleza f\u00edsica. Es solamente una relaci\u00f3n social determinada de los hombres entre s\u00ed lo que reviste para ellos la forma fantasmag\u00f3rica de una relaci\u00f3n entre las cosas. (\u2026) Esto da lugar a que\u2026 las relaciones entre sus trabajos privados aparezcan como lo que son; es decir, no como relaciones sociales inmediatas entre las personas en sus trabajos, sino m\u00e1s bien como relaciones sociales entre las cosas.<\/p>\n<p>(\u2026) De hecho, el car\u00e1cter de valor de los productos laborales solo se pone de manifiesto cuando se determinan como cantidades de valor. Estas \u00faltimas cambian sin cesar, independientemente de la voluntad y las previsiones de los productores, a los ojos de los cuales su propio movimiento social toma, de este modo la forma de un movimiento de las cosas, movimiento que les controla y al que ellos no pueden dirigir.<\/p>\n<p><strong>\u00bfSer\u00e1n felices los pr\u00f3ximos d\u00edas?<\/strong><\/p>\n<p>El efecto de revelaci\u00f3n deber\u00eda conducir a una conciencia como esta: \u201cma\u00f1ana tendremos que aprender desde el momento en que estamos pasando, cuestionar el modelo de desarrollo en el que nuestro mundo se ha involucrado durante d\u00e9cadas y que revela sus fallas a plena luz del d\u00eda, cuestionando las debilidades de nuestras democracias. (\u2026) Lo que revela esta pandemia es que hay bienes y servicios que deben colocarse fuera de las leyes del mercado\u201d. O tambi\u00e9n: \u201ccierta idea de la globalizaci\u00f3n termina con el fin de un capitalismo financiero que hab\u00eda impuesto su l\u00f3gica a toda la econom\u00eda y hab\u00eda contribuido a pervertirla. La idea de la omnipotencia del mercado que no deber\u00eda ser frustrada por ninguna regla, por ninguna intervenci\u00f3n pol\u00edtica, era una idea loca. La idea de que los mercados siempre tienen raz\u00f3n era una idea loca\u201d.<\/p>\n<p>Sin duda habremos reconocido la primera proclamaci\u00f3n, que es de Macron<a href=\"https:\/\/www.vientosur.info\/spip.php?article16102#sdfootnote35sym\">\u00a0<strong>35\/<\/strong><\/a>. \u00bfPero se pensar seriamente que tendr\u00e1 m\u00e1s efectos que la anterior, extra\u00edda del famoso discurso de Toulon pronunciado por Nicolas Sarkozy en 2008<a href=\"https:\/\/www.vientosur.info\/spip.php?article16102#sdfootnote36sym\">\u00a0<strong>36\/<\/strong><\/a>? En realidad, los dominantes har\u00e1n todo para garantizar que volvamos a los\u00a0<em>business as usual<\/em>. Se har\u00e1 todo lo posible para mostrar que el destino de los individuos est\u00e1 vinculado al del sistema, que la reanudaci\u00f3n de la actividad como antes es, por lo tanto, la condici\u00f3n para la vuelta al empleo. Y si la convicci\u00f3n no es suficiente, el chantaje al empleo, ya iniciado, har\u00e1 el resto<a href=\"https:\/\/www.vientosur.info\/spip.php?article16102#sdfootnote37sym\">\u00a0<strong>37\/<\/strong><\/a>. Esta aspiraci\u00f3n de volver a la normalidad tambi\u00e9n es compartida por muchos que desean olvidar los traumas relacionados con el confinamiento y\/o que necesitan compensar sus ingresos perdidos, en resumen, de curar las heridas de todo tipo infligidas por la epidemia.<\/p>\n<p>\u00bfQu\u00e9 se necesita para evitar que se caiga el velo? Primero, por supuesto, una perspectiva de transformaci\u00f3n social, alimentada por las lecciones aprendidas de la crisis. Y no faltan propuestas: se ha escuchado la consigna del presidente Mao: \u201c\u00a1Que florezcan cien flores, que compitan cien escuelas!\u201d A pesar de todo, es obligado constatar que este trabajo de elaboraci\u00f3n se lleva a cabo en desorden, que est\u00e1 d\u00e9bilmente coordinado y que a menudo se atasca en controversias acerbas o muy t\u00e9cnicas. En lugar de entrar en estos debates, al menos aqu\u00ed, nos gustar\u00eda enfatizar aqu\u00ed en el enfoque emprendido en el plan para poner fin a la crisis<a href=\"https:\/\/www.vientosur.info\/spip.php?article16102#sdfootnote38sym\">\u00a0<strong>38\/<\/strong><\/a>\u00a0propuesto por un arco de fuerzas relativamente nuevo. Esboza la formaci\u00f3n de un bloque que re\u00fane a sindicatos (CGT, Solidaires, Confederaci\u00f3n Campesina, FSU), organizaciones medioambientales (Greenpeace, Oxfam, Amigos de la Tierra) o altermundialistas como Attac. Este es su primer inter\u00e9s, el de combinar objetivos sociales y ambientales: este es un punto esencial, ya que la crisis va a ser tomada como un pretexto para posponer las inversiones necesarias para la transici\u00f3n ecol\u00f3gica (el corte \u2013 presupuestario \u2013 est\u00e1 lleno) o para relajar las regulaciones, en nombre del empleo.<\/p>\n<p>Pero este texto tiene otro inter\u00e9s, el de articular los diferentes\u00a0<em>pisos<\/em><a href=\"https:\/\/www.vientosur.info\/spip.php?article16102#sdfootnote39sym\">\u00a0<strong>39\/<\/strong><\/a>\u00a0de un proyecto de transformaci\u00f3n social: medidas inmediatas relacionadas con las modalidades de desconfinamiento, medidas sociales m\u00e1s estructurales (y los medios de\u00a0<em>financiarlas<\/em>), todo lo cual forma parte de un proyecto de\u00a0<em>reconversi\u00f3n ecol\u00f3gica y social de las actividades<\/em>.<\/p>\n<p>Este llamamiento es ciertamente incompleto, a veces evasivo y sin duda insuficientemente radical, pero no se puede m\u00e1s que estar de acuerdo con su orientaci\u00f3n general. En cualquier caso, hay que profundizar este tipo de elaboraci\u00f3n. \u00bfQuiz\u00e1s habr\u00eda que agregar propuestas fuertes y sint\u00e9ticas como la de un \u201cimpuesto de emergencia covid-19\u201d presentado por un colectivo europeo<a href=\"https:\/\/www.vientosur.info\/spip.php?article16102#sdfootnote40sym\">\u00a0<strong>40\/<\/strong><\/a>? \u00bfQuiz\u00e1s deber\u00edamos tambi\u00e9n hacer del tema de la condicionalidad un eje transversal? Mariana Mazzucato, una economista que hace campa\u00f1a por la rehabilitaci\u00f3n de la intervenci\u00f3n p\u00fablica, ha insistido acertadamente en este punto: esta vez, dice, \u201clas medidas de rescate deben estar absolutamente acompa\u00f1adas de condiciones. Dado que el Estado, una vez m\u00e1s, est\u00e1 desempe\u00f1ando un papel principal, debe ser visto como un h\u00e9roe en lugar de un ingenuo (<em>patsy<\/em>). Por lo tanto, se deben proporcionar soluciones inmediatas, pero dise\u00f1adas para servir al inter\u00e9s p\u00fablico a largo plazo. Por ejemplo (\u2026) se debe pedir a las empresas que se benefician de un plan de rescate que mantengan a sus trabajadores y asegurarse de que, una vez que termine la crisis, inviertan en formaci\u00f3n y en mejorar las condiciones de trabajo<a href=\"https:\/\/www.vientosur.info\/spip.php?article16102#sdfootnote41sym\">\u00a0<strong>41\/<\/strong><\/a>\u201d.<\/p>\n<p>El gobierno franc\u00e9s ha gestionado la crisis evitando cuidadosamente cualquier forma de control democr\u00e1tico, parlamentario o institucional. Ha preferido la infantilizaci\u00f3n de los ciudadanos, junto con una represi\u00f3n muy caracter\u00edstica del neoliberalismo autoritario de Macron. Pero las aspiraciones de cambio tambi\u00e9n podr\u00edan desconfinarse, y eso es lo que teme este gobierno. En este deseo de recuperar el control reside la posibilidad de ver un nuevo bloque social capaz de imponer transformaciones radicales.<\/p>\n<p><strong>Notas<\/strong>:<\/p>\n<p><a href=\"https:\/\/www.vientosur.info\/spip.php?article16102#sdfootnote1anc\">1\/\u00a0<\/a>Walter Benjamin,\u00a0<a href=\"http:\/\/posgradocsh.azc.uam.mx\/cuadernos\/d_espacio\/Benjamin_PARIS_CAPITAL_XIX-introd.pdf\">Par\u00eds, capital del siglo XIX<\/a>, citado en Razmig Keucheyan,\u00a0<em>La nature est un champ de bataille<\/em>, 2018.<\/p>\n<p><a href=\"https:\/\/www.vientosur.info\/spip.php?article16102#sdfootnote2anc\">2\/\u00a0<\/a>Antoine de Saint-Exup\u00e9ry,\u00a0<strong><em>Citadelle<\/em><\/strong>\u00a0, 1948.<\/p>\n<p><a href=\"https:\/\/www.vientosur.info\/spip.php?article16102#sdfootnote3anc\">3\/\u00a0<\/a>OCDE,\u00a0<a href=\"https:\/\/www.oecd.org\/perspectives-economiques\/juin-2020\/\"><strong><em>Economic Outlook<\/em><\/strong><\/a>\u00a0, junio de 2020.<\/p>\n<p><a href=\"https:\/\/www.vientosur.info\/spip.php?article16102#sdfootnote4anc\">4\/\u00a0<\/a>Solo retomamos muy parcialmente los desarrollos propuestos en precedentes contribuciones<em>:\u00a0<\/em>\u201cEl caos de la econom\u00eda mundial\u201d,\u00a0<em>Viento Sur,\u00a0<\/em>n\u00ba 170, 2020; disponibles en la web de Viento Sur,\u00a0<a href=\"https:\/\/vientosur.info\/spip.php?article15936\">\u201cRepunte o ca\u00edda\u201d<\/a>, 29 de abril de 2020;\u00a0<a href=\"https:\/\/vientosur.info\/spip.php?article15929\">\u201cSobre la vacuidad de la ciencia econ\u00f3mica oficial: el arbitraje entre actividad econ\u00f3mica y riesgos para la salud\u201d<\/a>, 14 de abril de 2020;\u00a0<a href=\"https:\/\/vientosur.info\/spip.php?article15793\">\u201cNeoliberalismo contaminado\u201d<\/a>, 31 de marzo de 2020. V\u00e9ase tambi\u00e9n \u201cUne reprise \u00e9conomique en \u2018V\u2019, vraiment?\u201d,\u00a0<em>Alternatives \u00e9conomiques,\u00a0<\/em>3 de junio de 2020.<\/p>\n<p><a href=\"https:\/\/www.vientosur.info\/spip.php?article16102#sdfootnote5anc\">5\/\u00a0<\/a>Fr\u00e9d\u00e9ric Boccara y Alain Tournebise, \u201c\u00a1<strong>Le coronavirus pr\u00e9cipite la crise, ne la cause pas<\/strong>!\u201d, Les \u00e9conomistes atterr\u00e9s, marzo de 2020.<\/p>\n<p><a href=\"https:\/\/www.vientosur.info\/spip.php?article16102#sdfootnote6anc\">6\/\u00a0<\/a>Michael Roberts \u201cIt was the virus that did it\u201d, 15 de marzo de 2020.<\/p>\n<p><a href=\"https:\/\/www.vientosur.info\/spip.php?article16102#sdfootnote7anc\">7\/\u00a0<\/a>Eric Toussaint,\u00a0<a href=\"https:\/\/vientosur.info\/spip.php?article15699\">\u201cNo, el coronavirus no el responsable de la ca\u00edda del precio de las acciones\u201d<\/a>, 4 de marzo de 2020.<\/p>\n<p><a href=\"https:\/\/www.vientosur.info\/spip.php?article16102#sdfootnote8anc\">8\/\u00a0<\/a>Sobre este punto, v\u00e9ase: Robert G. Wallace,\u00a0<a href=\"http:\/\/acdc2007.free.fr\/wallace2016.pdf\"><em>Big Farms Make Big Flu: Dispatches on Infectious Disease, Agribusiness, and the Nature of Science<\/em><\/a>, Monthly Review Press, New York, 2016; Sonia Shah, \u201c<a href=\"http:\/\/acdc2007.free.fr\/shah320.pdf\">Contre les pand\u00e9mies, l\u2019\u00e9cologie<\/a>\u201d,\u00a0<em>Le Monde diplomatique<\/em>, marzo de 2020.<\/p>\n<p><a href=\"https:\/\/www.vientosur.info\/spip.php?article16102#sdfootnote9anc\">9\/\u00a0<\/a>FMI,\u00a0<a href=\"https:\/\/www.imf.org\/en\/Publications\/WEO\/Issues\/2020\/04\/14\/weo-april-2020\"><em>The Great Lockdown<\/em><\/a>, World Economic Outlook, Abril de 2020.<\/p>\n<p><a href=\"https:\/\/www.vientosur.info\/spip.php?article16102#sdfootnote10anc\">10\/\u00a0<\/a>Paul Krugman, \u201c<a href=\"https:\/\/twitter.com\/paulkrugman\/status\/1246152855456755713\">https:\/\/twitter.com\/paulkrugman\/status\/1246152855456755713<\/a>\u2026 \u201c, twitter, 3 de abril de 2020.<\/p>\n<p><a href=\"https:\/\/www.vientosur.info\/spip.php?article16102#sdfootnote11anc\">11\/\u00a0<\/a>Veronica Guerrieri, Guido Lorenzoni, Ludwig Straub, Iv\u00e1n Werning, \u201c<a href=\"http:\/\/acdc2007.free.fr\/guerrieri20.pdf\">Macroeconomic Implications of COVID-19: Can Negative Supply Shocks Cause Demand Shortages<\/a>?\u201d, 2 de abril de 2020.<\/p>\n<p><a href=\"https:\/\/www.vientosur.info\/spip.php?article16102#sdfootnote12anc\">12\/\u00a0<\/a>OFCE, \u201c<a href=\"http:\/\/acdc2007.free.fr\/ofcepbrief69.pdf\">\u00c9valuation de l\u2019impact \u00e9conomique de la pand\u00e9mie sur l\u2019\u00e9conomie mondiale en avril 2020<\/a>\u201d, 5 de junio de 2020.<\/p>\n<p><a href=\"https:\/\/www.vientosur.info\/spip.php?article16102#sdfootnote13anc\">13\/\u00a0<\/a>Jean-No\u00ebl Barrot, Basile Grassi, Julien Sauvagnat, \u201c<a href=\"http:\/\/acdc2007.free.fr\/barrot420.pdf\">Sectoral effects of social distancing<\/a>\u201d, Marzo de 2020.<\/p>\n<p><a href=\"https:\/\/www.vientosur.info\/spip.php?article16102#sdfootnote14anc\">14\/\u00a0<\/a>Lilas Demmou\u00a0<em>et al<\/em>., \u201c<a href=\"http:\/\/acdc2007.free.fr\/demmou520.pdf\">Corporate sector vulnerabilities during the Covid-19 outbreak: assessment and policy responses<\/a>\u201d, OECD, 5 de mayo de 2020.<\/p>\n<p><a href=\"https:\/\/www.vientosur.info\/spip.php?article16102#sdfootnote15anc\">15\/\u00a0<\/a>Olivier Blanchard, Thomas Philippon, Jean Pisani-Ferry, \u201c<a href=\"http:\/\/acdc2007.free.fr\/pisablanchard620.pdf\">A New Policy Toolkit Is Needed as Countries Exit COVID-19 Lockdowns<\/a>\u201d, Peterson Institute for International Economics, Junio de 2020.<\/p>\n<p><a href=\"https:\/\/www.vientosur.info\/spip.php?article16102#sdfootnote16anc\">16\/\u00a0<\/a>Barth\u00e9l\u00e9my Bonadio, Zhen Huo, Andrei Levchenko, Nitya Pandalai-Nayar, \u201c<a href=\"http:\/\/acdc2007.free.fr\/nber27224-.pdf\">The role of global supply chains in the COVID-19 pandemic and beyond<\/a>\u201d,\u00a0<em>voxeu<\/em>, 25 de mayo de 2020.<\/p>\n<p><a href=\"https:\/\/www.vientosur.info\/spip.php?article16102#sdfootnote17anc\">17\/\u00a0<\/a>Elie Gerschel, Robin Lenoir, Isabelle Mejean, \u201c<a href=\"http:\/\/acdc2007.free.fr\/ipp520.pdf\">Coordonner le d\u00e9confinement de l\u2019Europe, un enjeu \u00e9conomique fort<\/a>\u201d, IPP, 5 de junio de 2020. La infograf\u00eda est\u00e1 extra\u00edda de la web\u00a0<a href=\"https:\/\/worldview.stratfor.com\/\">worldview. stratfor.com<\/a>.<\/p>\n<p><a href=\"https:\/\/www.vientosur.info\/spip.php?article16102#sdfootnote18anc\">18\/\u00a0<\/a>Emma Reynolds and Henrik Pettersson, \u201c<a href=\"http:\/\/acdc2007.free.fr\/cnn620.pdf\">Confirmed coronavirus cases are rising faster than ever<\/a>\u201d, CNN, 5 de junio de 2020.<\/p>\n<p><a href=\"https:\/\/www.vientosur.info\/spip.php?article16102#sdfootnote19anc\">19\/\u00a0<\/a><em>Grain<\/em>, \u201c<a href=\"http:\/\/acdc2007.free.fr\/grain520.pdf\">Des millions de personnes forc\u00e9es de choisir entre la faim ou le Covid-19<\/a>\u201d, 19 de mayo de 2020.<\/p>\n<p><a href=\"https:\/\/www.vientosur.info\/spip.php?article16102#sdfootnote20anc\">20\/\u00a0<\/a>Rahm Emanuel, \u201c<a href=\"http:\/\/acdc2007.free.fr\/rahm2018.webm\">You never want a serious crisis to go to waste<\/a>\u201d,\u00a0<em>The Wall Street Journal<\/em>, video, November 18, 2008. Esta f\u00f3rmula ha sido retomada ir\u00f3nicamente por Philip Mirowski, como t\u00edtulo de su notable obra,\u00a0<a href=\"http:\/\/digamo.free.fr\/mirow13.pdf\"><em>Never Let a Serious Crisis Go to Waste<\/em><\/a>, 2013, cuyo subt\u00edtulo es elocuente: \u201cComo el neoliberalismo ha sobrevivido al hundimiento financiero\u201d (<em>How Neoliberalism Survived the Financial Meltdown<\/em>).<\/p>\n<p><a href=\"https:\/\/www.vientosur.info\/spip.php?article16102#sdfootnote21anc\">21\/\u00a0<\/a>Milton Friedman,\u00a0<a href=\"http:\/\/pombo.free.fr\/friedman1962.pdf\"><em>Capitalisme et libert\u00e9<\/em><\/a>, 1971 [en castellano\u00a0<em>Capitalismo y libertad,\u00a0<\/em>ed. S\u00edntesis, 2012].<\/p>\n<p><a href=\"https:\/\/www.vientosur.info\/spip.php?article16102#sdfootnote22anc\">22\/\u00a0<\/a>Gilbert Achcar,\u00a0<a href=\"https:\/\/vientosur.info\/spip.php?article15917\">\u201c\u00bfAutoextinci\u00f3n del neoliberalismo? \u00a1Ni lo sue\u00f1es!\u201d<\/a>, 30 de abril de 2020.<\/p>\n<p><a href=\"https:\/\/www.vientosur.info\/spip.php?article16102#sdfootnote23anc\">23\/\u00a0<\/a>Eric Heyer, \u201c<a href=\"http:\/\/acdc2007.free.fr\/heyeraoc520.pdf\">La crise sanitaire acc\u00e9l\u00e8re la transition vers une croissance soutenable<\/a>\u201d,\u00a0<em>AOC<\/em>, 22 de mayo de 2020.<\/p>\n<p><a href=\"https:\/\/www.vientosur.info\/spip.php?article16102#sdfootnote24anc\">24\/\u00a0<\/a>Patrick Artus, \u201c<a href=\"http:\/\/acdc2007.free.fr\/flas20622.pdf\">Il va falloir soutenir la robotisation des entreprises fran\u00e7aises<\/a>\u201d, 22 de mayo de 2020.<\/p>\n<p><a href=\"https:\/\/www.vientosur.info\/spip.php?article16102#sdfootnote25anc\">25\/\u00a0<\/a>Global Health Advocates \u2013 Corporate Europe Observatory, \u201c<a href=\"http:\/\/acdc2007.free.fr\/ghaceo520.pdf\">Au nom de l\u2019innovation. L\u2019industrie contr\u00f4le l\u2019usage des fonds europ\u00e9ens pour la recherche et n\u00e9glige l\u2019int\u00e9r\u00eat public<\/a>\u201d, mayo de 2020.<\/p>\n<p><a href=\"https:\/\/www.vientosur.info\/spip.php?article16102#sdfootnote26anc\">26\/\u00a0<\/a>Sondage Odoxa, \u201c<a href=\"http:\/\/acdc2007.free.fr\/odoxa420.pdf\">Coronavirus : les Fran\u00e7ais font des relocalisations la priorit\u00e9 de l\u2019apr\u00e8s-crise<\/a>\u201d,\u00a0<em>Les Echos<\/em>, 13 de abril de 2020.<\/p>\n<p><a href=\"https:\/\/www.vientosur.info\/spip.php?article16102#sdfootnote27anc\">27\/\u00a0<\/a>Hemos abordado este punto en\u201cEl caos de la econom\u00eda mundial\u201d,\u00a0<em>Viento Sur,\u00a0<\/em>n\u00ba 170, 2020.<\/p>\n<p><a href=\"https:\/\/www.vientosur.info\/spip.php?article16102#sdfootnote28anc\">28\/\u00a0<\/a>Jean Barth\u00e9lemy et Adrian Penalver, \u201c<a href=\"http:\/\/acdc2007.free.fr\/penalver520.pdf\">La monnaie de banque centrale n\u2019a rien de magique<\/a>\u201d,\u00a0<em>Bloc-notes Eco<\/em>, Banque de France, 20 de mayo de 2020.<\/p>\n<p><a href=\"https:\/\/www.vientosur.info\/spip.php?article16102#sdfootnote29anc\">29\/\u00a0<\/a>Adam Tooze, \u201c<a href=\"http:\/\/acdc2007.free.fr\/tooze520e.pdf\">Time to expose the reality of \u2018debt market discipline<\/a>\u2018\u201d,\u00a0<em>Social Europe<\/em>, 25 de mayo de 2020.<\/p>\n<p><a href=\"https:\/\/www.vientosur.info\/spip.php?article16102#sdfootnote30anc\">30\/\u00a0<\/a>Wolfgang Streeck,\u00a0<em>Comprando tiempo. La crisis pospuesta del capitalismo democr\u00e1tico,<\/em>\u00a0Argentina, 2016.<\/p>\n<p><a href=\"https:\/\/www.vientosur.info\/spip.php?article16102#sdfootnote31anc\">31\/\u00a0<\/a>Walter Scheidel,\u00a0<a href=\"http:\/\/pinguet.free.fr\/scheidel17.pdf\"><em>The Great Leveler. Violence and the History of Inequality from the Stone Age to the Twenty-First Century<\/em><\/a>, 2017; ver tambi\u00e9n este resumen de su libro: Walter Scheidel, \u201c<a href=\"http:\/\/acdc2007.free.fr\/scheidel17-.pdf\">What Tames Inequality? Violence and Mayhem The Chronicles of Higher Education<\/a>\u201d, febrero de 2017.<\/p>\n<p><a href=\"https:\/\/www.vientosur.info\/spip.php?article16102#sdfootnote32anc\">32\/\u00a0<\/a>Olivier Passet, \u201c<a href=\"http:\/\/acdc2007.free.fr\/opfaillite420.pdf\">La faillite financi\u00e8re de la pens\u00e9e progressiste<\/a>\u201d, Xerfi, 15 de abril de 2020.<\/p>\n<p><a href=\"https:\/\/www.vientosur.info\/spip.php?article16102#sdfootnote33anc\">33\/\u00a0<\/a>Antoine Artous,\u00a0<a href=\"https:\/\/www.syllepse.net\/le-fetichisme-chez-marx-_r_60_i_293.html\"><em>Le f\u00e9tichisme chez Marx. Le marxisme comme th\u00e9orie critique<\/em><\/a>, \u00c9ditions Syllepse, 2006.<\/p>\n<p><a href=\"https:\/\/www.vientosur.info\/spip.php?article16102#sdfootnote34anc\">34\/\u00a0<\/a>Karl Marx,\u00a0<em>El Capital<\/em>, E.D.A.F, Madrid, 1967, pp. 74-77.<\/p>\n<p><a href=\"https:\/\/www.vientosur.info\/spip.php?article16102#sdfootnote35anc\">35\/\u00a0<\/a>Emmanuel Macron, \u201c<a href=\"http:\/\/acdc2007.free.fr\/macron320.pdf\">Adresse aux Fran\u00e7ais<\/a>\u201d, 12 de marzo de 2020.<\/p>\n<p><a href=\"https:\/\/www.vientosur.info\/spip.php?article16102#sdfootnote36anc\">36\/\u00a0<\/a>Nicolas Sarkozy, \u201c<a href=\"http:\/\/gesd.free.fr\/sarkotoulon.pdf\">Discours de Toulon<\/a>\u201d, 25 de septiembre de 2008.<\/p>\n<p><a href=\"https:\/\/www.vientosur.info\/spip.php?article16102#sdfootnote37anc\">37\/\u00a0<\/a>Romaric Godin, \u201c<a href=\"http:\/\/acdc2007.free.fr\/godin620.pdf\">Le chantage \u00e0 l\u2019emploi s\u2019impose comme politique \u00e9conomique<\/a>\u201d,\u00a0<em>Mediapart<\/em>, 2 de junio de 2020.<\/p>\n<p><a href=\"https:\/\/www.vientosur.info\/spip.php?article16102#sdfootnote38anc\">38\/\u00a0<\/a>CGT, Attac\u00a0<em>et al<\/em>., \u201c<a href=\"http:\/\/acdc2007.free.fr\/plansortie520.pdf\">Plan de sortie de crise<\/a>\u201d, 26 de mayo de 2020.<\/p>\n<p><a href=\"https:\/\/www.vientosur.info\/spip.php?article16102#sdfootnote39anc\">39\/\u00a0<\/a>Nos permitimos reenviar a un peque\u00f1o texto proveniente de un grupo de economistas franceses vinculados con el<em>\u00a0Front de Gauche\u00a0<\/em>en el que participamos: \u201c<a href=\"http:\/\/gesd.free.fr\/fusee2011.pdf\">Transformation sociale: une fus\u00e9e \u00e0 trois \u00e9tages<\/a>\u201d, 28 de noviembre de 2011. Los tres \u201cpisos\u201d eran los siguientes: 1. Retomar el control: emprender la ruptura, asentar la legitimidad de la experiencia; 2. Bifurcar: enraizar el proceso de transformaci\u00f3n; 3. Reestructurar: esbozar un nuevo modo de desarrollo.<\/p>\n<p><a href=\"https:\/\/www.vientosur.info\/spip.php?article16102#sdfootnote40anc\">40\/\u00a0<\/a>Colectivo, \u201c<a href=\"https:\/\/ctxt.es\/es\/20200601\/Firmas\/32539\/tasa-covid-impuestos-europa-ayudas-riqueza-susan-george-miguel-urban.htm\">Por una tasa Covid-19 en Europa<\/a>\u201d, 12 de junio de 2020 (Susan George, Miguel Urb\u00e1n y 45 firmas m\u00e1s).<\/p>\n<p><a href=\"https:\/\/www.vientosur.info\/spip.php?article16102#sdfootnote41anc\">41\/\u00a0<\/a>Mariana Mazzucato, \u201c<a href=\"http:\/\/acdc2007.free.fr\/mazzucato420.pdf\">Capitalism\u2019s triple crisis<\/a>\u201d,\u00a0<em>Social Europe<\/em>, 9 de abril de 2020.<\/p>\n<p>Texto original: <a href=\"https:\/\/alencontre.org\/laune\/le-capitalisme-sur-le-fil-du-rasoir.html\">Le capitalisme sur le fil du rasoir<\/a><\/p>\n<p><em>Traducci\u00f3n Viento Sur<\/em><\/p>\n<p>Fuente: <a href=\"https:\/\/www.vientosur.info\/spip.php?article16102\">https:\/\/www.vientosur.info\/spip.php?article16102<\/a><\/p>\n<div class=\"vortex-container-vote vortex-align-right\">\n<div class=\"vortex-container-like\"><\/div>\n<\/div>\n","protected":false},"excerpt":{"rendered":"<p>Por Michel Husson La experiencia de nuestra generaci\u00f3n: el capitalismo no morir\u00e1 de muerte natural. (Walter Benjamin)\u00a01\/ El futuro no tienes que preverlo, sino permitirlo. (Antoine de Saint-Exup\u00e9ry)\u00a02\/ Esta contribuci\u00f3n, cuyo t\u00edtulo est\u00e1 tomado de la OCDE\u00a03\/, es en realidad (por seguir con la met\u00e1fora) una m\u00e1quina de afeitar de m\u00faltiples cuchillas. Intentamos mostrar, en [&hellip;]<\/p>\n","protected":false},"author":1,"featured_media":2744,"comment_status":"open","ping_status":"open","sticky":false,"template":"","format":"standard","meta":{"jetpack_post_was_ever_published":false,"_jetpack_newsletter_access":"","_jetpack_dont_email_post_to_subs":false,"_jetpack_newsletter_tier_id":0,"_jetpack_memberships_contains_paywalled_content":false,"_jetpack_memberships_contains_paid_content":false,"footnotes":"","jetpack_publicize_message":"","jetpack_publicize_feature_enabled":true,"jetpack_social_post_already_shared":true,"jetpack_social_options":{"image_generator_settings":{"template":"highway","enabled":false},"version":2}},"categories":[2],"tags":[],"class_list":["post-2743","post","type-post","status-publish","format-standard","has-post-thumbnail","hentry","category-blog"],"jetpack_publicize_connections":[],"yoast_head":"<!-- This site is optimized with the Yoast SEO plugin v23.4 - https:\/\/yoast.com\/wordpress\/plugins\/seo\/ -->\n<title>Capitalismo al filo de la navaja - UninomadaSUR<\/title>\n<meta name=\"robots\" content=\"index, follow, max-snippet:-1, max-image-preview:large, max-video-preview:-1\" \/>\n<link rel=\"canonical\" href=\"https:\/\/uninomadasur.net\/?p=2743\" \/>\n<meta property=\"og:locale\" content=\"es_ES\" \/>\n<meta property=\"og:type\" content=\"article\" \/>\n<meta property=\"og:title\" content=\"Capitalismo al filo de la navaja - UninomadaSUR\" \/>\n<meta property=\"og:description\" content=\"Por Michel Husson La experiencia de nuestra generaci\u00f3n: el capitalismo no morir\u00e1 de muerte natural. (Walter Benjamin)\u00a01\/ El futuro no tienes que preverlo, sino permitirlo. (Antoine de Saint-Exup\u00e9ry)\u00a02\/ Esta contribuci\u00f3n, cuyo t\u00edtulo est\u00e1 tomado de la OCDE\u00a03\/, es en realidad (por seguir con la met\u00e1fora) una m\u00e1quina de afeitar de m\u00faltiples cuchillas. Intentamos mostrar, en [&hellip;]\" \/>\n<meta property=\"og:url\" content=\"https:\/\/uninomadasur.net\/?p=2743\" \/>\n<meta property=\"og:site_name\" content=\"UninomadaSUR\" \/>\n<meta property=\"article:published_time\" content=\"2020-06-27T13:39:52+00:00\" \/>\n<meta property=\"og:image\" content=\"https:\/\/uninomadasur.net\/wp-content\/uploads\/2020\/06\/Michel-Husson.jpg\" \/>\n\t<meta property=\"og:image:width\" content=\"640\" \/>\n\t<meta property=\"og:image:height\" content=\"364\" \/>\n\t<meta property=\"og:image:type\" content=\"image\/jpeg\" \/>\n<meta name=\"author\" content=\"admin\" \/>\n<meta name=\"twitter:card\" content=\"summary_large_image\" \/>\n<meta name=\"twitter:label1\" content=\"Escrito por\" \/>\n\t<meta name=\"twitter:data1\" content=\"admin\" \/>\n\t<meta name=\"twitter:label2\" content=\"Tiempo de lectura\" \/>\n\t<meta name=\"twitter:data2\" content=\"33 minutos\" \/>\n<script type=\"application\/ld+json\" class=\"yoast-schema-graph\">{\"@context\":\"https:\/\/schema.org\",\"@graph\":[{\"@type\":\"Article\",\"@id\":\"https:\/\/uninomadasur.net\/?p=2743#article\",\"isPartOf\":{\"@id\":\"https:\/\/uninomadasur.net\/?p=2743\"},\"author\":{\"name\":\"admin\",\"@id\":\"https:\/\/uninomadasur.net\/#\/schema\/person\/c7a35ca2374cf2966d7c68ad81604c21\"},\"headline\":\"Capitalismo al filo de la navaja\",\"datePublished\":\"2020-06-27T13:39:52+00:00\",\"dateModified\":\"2020-06-27T13:39:52+00:00\",\"mainEntityOfPage\":{\"@id\":\"https:\/\/uninomadasur.net\/?p=2743\"},\"wordCount\":6562,\"commentCount\":0,\"publisher\":{\"@id\":\"https:\/\/uninomadasur.net\/#organization\"},\"image\":{\"@id\":\"https:\/\/uninomadasur.net\/?p=2743#primaryimage\"},\"thumbnailUrl\":\"https:\/\/uninomadasur.net\/wp-content\/uploads\/2020\/06\/Michel-Husson.jpg\",\"articleSection\":[\"Blog\"],\"inLanguage\":\"es\",\"potentialAction\":[{\"@type\":\"CommentAction\",\"name\":\"Comment\",\"target\":[\"https:\/\/uninomadasur.net\/?p=2743#respond\"]}]},{\"@type\":\"WebPage\",\"@id\":\"https:\/\/uninomadasur.net\/?p=2743\",\"url\":\"https:\/\/uninomadasur.net\/?p=2743\",\"name\":\"Capitalismo al filo de la navaja - UninomadaSUR\",\"isPartOf\":{\"@id\":\"https:\/\/uninomadasur.net\/#website\"},\"primaryImageOfPage\":{\"@id\":\"https:\/\/uninomadasur.net\/?p=2743#primaryimage\"},\"image\":{\"@id\":\"https:\/\/uninomadasur.net\/?p=2743#primaryimage\"},\"thumbnailUrl\":\"https:\/\/uninomadasur.net\/wp-content\/uploads\/2020\/06\/Michel-Husson.jpg\",\"datePublished\":\"2020-06-27T13:39:52+00:00\",\"dateModified\":\"2020-06-27T13:39:52+00:00\",\"breadcrumb\":{\"@id\":\"https:\/\/uninomadasur.net\/?p=2743#breadcrumb\"},\"inLanguage\":\"es\",\"potentialAction\":[{\"@type\":\"ReadAction\",\"target\":[\"https:\/\/uninomadasur.net\/?p=2743\"]}]},{\"@type\":\"ImageObject\",\"inLanguage\":\"es\",\"@id\":\"https:\/\/uninomadasur.net\/?p=2743#primaryimage\",\"url\":\"https:\/\/uninomadasur.net\/wp-content\/uploads\/2020\/06\/Michel-Husson.jpg\",\"contentUrl\":\"https:\/\/uninomadasur.net\/wp-content\/uploads\/2020\/06\/Michel-Husson.jpg\",\"width\":640,\"height\":364},{\"@type\":\"BreadcrumbList\",\"@id\":\"https:\/\/uninomadasur.net\/?p=2743#breadcrumb\",\"itemListElement\":[{\"@type\":\"ListItem\",\"position\":1,\"name\":\"Inicio\",\"item\":\"https:\/\/uninomadasur.net\/\"},{\"@type\":\"ListItem\",\"position\":2,\"name\":\"Capitalismo al filo de la navaja\"}]},{\"@type\":\"WebSite\",\"@id\":\"https:\/\/uninomadasur.net\/#website\",\"url\":\"https:\/\/uninomadasur.net\/\",\"name\":\"UninomadaSUR\",\"description\":\"UninomadaSUR\",\"publisher\":{\"@id\":\"https:\/\/uninomadasur.net\/#organization\"},\"potentialAction\":[{\"@type\":\"SearchAction\",\"target\":{\"@type\":\"EntryPoint\",\"urlTemplate\":\"https:\/\/uninomadasur.net\/?s={search_term_string}\"},\"query-input\":{\"@type\":\"PropertyValueSpecification\",\"valueRequired\":true,\"valueName\":\"search_term_string\"}}],\"inLanguage\":\"es\"},{\"@type\":\"Organization\",\"@id\":\"https:\/\/uninomadasur.net\/#organization\",\"name\":\"UninomadaSUR\",\"url\":\"https:\/\/uninomadasur.net\/\",\"logo\":{\"@type\":\"ImageObject\",\"inLanguage\":\"es\",\"@id\":\"https:\/\/uninomadasur.net\/#\/schema\/logo\/image\/\",\"url\":\"https:\/\/uninomadasur.net\/wp-content\/uploads\/2018\/09\/uni-logo.png\",\"contentUrl\":\"https:\/\/uninomadasur.net\/wp-content\/uploads\/2018\/09\/uni-logo.png\",\"width\":260,\"height\":94,\"caption\":\"UninomadaSUR\"},\"image\":{\"@id\":\"https:\/\/uninomadasur.net\/#\/schema\/logo\/image\/\"}},{\"@type\":\"Person\",\"@id\":\"https:\/\/uninomadasur.net\/#\/schema\/person\/c7a35ca2374cf2966d7c68ad81604c21\",\"name\":\"admin\",\"image\":{\"@type\":\"ImageObject\",\"inLanguage\":\"es\",\"@id\":\"https:\/\/uninomadasur.net\/#\/schema\/person\/image\/\",\"url\":\"https:\/\/secure.gravatar.com\/avatar\/36436a50c876208a9dab2a6cf1785c4f?s=96&d=mm&r=g\",\"contentUrl\":\"https:\/\/secure.gravatar.com\/avatar\/36436a50c876208a9dab2a6cf1785c4f?s=96&d=mm&r=g\",\"caption\":\"admin\"},\"url\":\"https:\/\/uninomadasur.net\/?author=1\"}]}<\/script>\n<!-- \/ Yoast SEO plugin. -->","yoast_head_json":{"title":"Capitalismo al filo de la navaja - UninomadaSUR","robots":{"index":"index","follow":"follow","max-snippet":"max-snippet:-1","max-image-preview":"max-image-preview:large","max-video-preview":"max-video-preview:-1"},"canonical":"https:\/\/uninomadasur.net\/?p=2743","og_locale":"es_ES","og_type":"article","og_title":"Capitalismo al filo de la navaja - UninomadaSUR","og_description":"Por Michel Husson La experiencia de nuestra generaci\u00f3n: el capitalismo no morir\u00e1 de muerte natural. (Walter Benjamin)\u00a01\/ El futuro no tienes que preverlo, sino permitirlo. (Antoine de Saint-Exup\u00e9ry)\u00a02\/ Esta contribuci\u00f3n, cuyo t\u00edtulo est\u00e1 tomado de la OCDE\u00a03\/, es en realidad (por seguir con la met\u00e1fora) una m\u00e1quina de afeitar de m\u00faltiples cuchillas. Intentamos mostrar, en [&hellip;]","og_url":"https:\/\/uninomadasur.net\/?p=2743","og_site_name":"UninomadaSUR","article_published_time":"2020-06-27T13:39:52+00:00","og_image":[{"width":640,"height":364,"url":"https:\/\/uninomadasur.net\/wp-content\/uploads\/2020\/06\/Michel-Husson.jpg","type":"image\/jpeg"}],"author":"admin","twitter_card":"summary_large_image","twitter_misc":{"Escrito por":"admin","Tiempo de lectura":"33 minutos"},"schema":{"@context":"https:\/\/schema.org","@graph":[{"@type":"Article","@id":"https:\/\/uninomadasur.net\/?p=2743#article","isPartOf":{"@id":"https:\/\/uninomadasur.net\/?p=2743"},"author":{"name":"admin","@id":"https:\/\/uninomadasur.net\/#\/schema\/person\/c7a35ca2374cf2966d7c68ad81604c21"},"headline":"Capitalismo al filo de la navaja","datePublished":"2020-06-27T13:39:52+00:00","dateModified":"2020-06-27T13:39:52+00:00","mainEntityOfPage":{"@id":"https:\/\/uninomadasur.net\/?p=2743"},"wordCount":6562,"commentCount":0,"publisher":{"@id":"https:\/\/uninomadasur.net\/#organization"},"image":{"@id":"https:\/\/uninomadasur.net\/?p=2743#primaryimage"},"thumbnailUrl":"https:\/\/uninomadasur.net\/wp-content\/uploads\/2020\/06\/Michel-Husson.jpg","articleSection":["Blog"],"inLanguage":"es","potentialAction":[{"@type":"CommentAction","name":"Comment","target":["https:\/\/uninomadasur.net\/?p=2743#respond"]}]},{"@type":"WebPage","@id":"https:\/\/uninomadasur.net\/?p=2743","url":"https:\/\/uninomadasur.net\/?p=2743","name":"Capitalismo al filo de la navaja - UninomadaSUR","isPartOf":{"@id":"https:\/\/uninomadasur.net\/#website"},"primaryImageOfPage":{"@id":"https:\/\/uninomadasur.net\/?p=2743#primaryimage"},"image":{"@id":"https:\/\/uninomadasur.net\/?p=2743#primaryimage"},"thumbnailUrl":"https:\/\/uninomadasur.net\/wp-content\/uploads\/2020\/06\/Michel-Husson.jpg","datePublished":"2020-06-27T13:39:52+00:00","dateModified":"2020-06-27T13:39:52+00:00","breadcrumb":{"@id":"https:\/\/uninomadasur.net\/?p=2743#breadcrumb"},"inLanguage":"es","potentialAction":[{"@type":"ReadAction","target":["https:\/\/uninomadasur.net\/?p=2743"]}]},{"@type":"ImageObject","inLanguage":"es","@id":"https:\/\/uninomadasur.net\/?p=2743#primaryimage","url":"https:\/\/uninomadasur.net\/wp-content\/uploads\/2020\/06\/Michel-Husson.jpg","contentUrl":"https:\/\/uninomadasur.net\/wp-content\/uploads\/2020\/06\/Michel-Husson.jpg","width":640,"height":364},{"@type":"BreadcrumbList","@id":"https:\/\/uninomadasur.net\/?p=2743#breadcrumb","itemListElement":[{"@type":"ListItem","position":1,"name":"Inicio","item":"https:\/\/uninomadasur.net\/"},{"@type":"ListItem","position":2,"name":"Capitalismo al filo de la navaja"}]},{"@type":"WebSite","@id":"https:\/\/uninomadasur.net\/#website","url":"https:\/\/uninomadasur.net\/","name":"UninomadaSUR","description":"UninomadaSUR","publisher":{"@id":"https:\/\/uninomadasur.net\/#organization"},"potentialAction":[{"@type":"SearchAction","target":{"@type":"EntryPoint","urlTemplate":"https:\/\/uninomadasur.net\/?s={search_term_string}"},"query-input":{"@type":"PropertyValueSpecification","valueRequired":true,"valueName":"search_term_string"}}],"inLanguage":"es"},{"@type":"Organization","@id":"https:\/\/uninomadasur.net\/#organization","name":"UninomadaSUR","url":"https:\/\/uninomadasur.net\/","logo":{"@type":"ImageObject","inLanguage":"es","@id":"https:\/\/uninomadasur.net\/#\/schema\/logo\/image\/","url":"https:\/\/uninomadasur.net\/wp-content\/uploads\/2018\/09\/uni-logo.png","contentUrl":"https:\/\/uninomadasur.net\/wp-content\/uploads\/2018\/09\/uni-logo.png","width":260,"height":94,"caption":"UninomadaSUR"},"image":{"@id":"https:\/\/uninomadasur.net\/#\/schema\/logo\/image\/"}},{"@type":"Person","@id":"https:\/\/uninomadasur.net\/#\/schema\/person\/c7a35ca2374cf2966d7c68ad81604c21","name":"admin","image":{"@type":"ImageObject","inLanguage":"es","@id":"https:\/\/uninomadasur.net\/#\/schema\/person\/image\/","url":"https:\/\/secure.gravatar.com\/avatar\/36436a50c876208a9dab2a6cf1785c4f?s=96&d=mm&r=g","contentUrl":"https:\/\/secure.gravatar.com\/avatar\/36436a50c876208a9dab2a6cf1785c4f?s=96&d=mm&r=g","caption":"admin"},"url":"https:\/\/uninomadasur.net\/?author=1"}]}},"jetpack_featured_media_url":"https:\/\/uninomadasur.net\/wp-content\/uploads\/2020\/06\/Michel-Husson.jpg","jetpack_sharing_enabled":true,"jetpack_shortlink":"https:\/\/wp.me\/paDeUS-If","_links":{"self":[{"href":"https:\/\/uninomadasur.net\/index.php?rest_route=\/wp\/v2\/posts\/2743"}],"collection":[{"href":"https:\/\/uninomadasur.net\/index.php?rest_route=\/wp\/v2\/posts"}],"about":[{"href":"https:\/\/uninomadasur.net\/index.php?rest_route=\/wp\/v2\/types\/post"}],"author":[{"embeddable":true,"href":"https:\/\/uninomadasur.net\/index.php?rest_route=\/wp\/v2\/users\/1"}],"replies":[{"embeddable":true,"href":"https:\/\/uninomadasur.net\/index.php?rest_route=%2Fwp%2Fv2%2Fcomments&post=2743"}],"version-history":[{"count":1,"href":"https:\/\/uninomadasur.net\/index.php?rest_route=\/wp\/v2\/posts\/2743\/revisions"}],"predecessor-version":[{"id":2745,"href":"https:\/\/uninomadasur.net\/index.php?rest_route=\/wp\/v2\/posts\/2743\/revisions\/2745"}],"wp:featuredmedia":[{"embeddable":true,"href":"https:\/\/uninomadasur.net\/index.php?rest_route=\/wp\/v2\/media\/2744"}],"wp:attachment":[{"href":"https:\/\/uninomadasur.net\/index.php?rest_route=%2Fwp%2Fv2%2Fmedia&parent=2743"}],"wp:term":[{"taxonomy":"category","embeddable":true,"href":"https:\/\/uninomadasur.net\/index.php?rest_route=%2Fwp%2Fv2%2Fcategories&post=2743"},{"taxonomy":"post_tag","embeddable":true,"href":"https:\/\/uninomadasur.net\/index.php?rest_route=%2Fwp%2Fv2%2Ftags&post=2743"}],"curies":[{"name":"wp","href":"https:\/\/api.w.org\/{rel}","templated":true}]}}