{"id":4182,"date":"2024-05-10T15:08:35","date_gmt":"2024-05-10T15:08:35","guid":{"rendered":"http:\/\/uninomadasur.net\/?p=4182"},"modified":"2024-05-10T15:08:35","modified_gmt":"2024-05-10T15:08:35","slug":"judith-butler-filosofa-las-feministas-que-no-repudian-a-la-derecha-antigenero-son-sus-complices","status":"publish","type":"post","link":"https:\/\/uninomadasur.net\/?p=4182","title":{"rendered":"Judith Butler, fil\u00f3sofa: \u201cLas feministas que no repudian a la derecha antig\u00e9nero son sus c\u00f3mplices\u201d"},"content":{"rendered":"<p class=\"a_st\">La intelectual estadounidense, una de las m\u00e1s influyentes de nuestro tiempo, regresa a su tema bandera con \u2018\u00bfQui\u00e9n teme al g\u00e9nero?\u2019, libro en el que acusa a las feministas antitrans de formar \u201cuna alianza inconsciente\u201d con las corrientes conservadoras, que han hecho del g\u00e9nero una batalla cultural<\/p>\n<p><strong>Por Marc Bassets<\/strong> \/ El Pa\u00eds<\/p>\n<p class=\"\">De lejos, impone. El impacto de su obra en el debate p\u00fablico, raro en alguien de la academia. La prosa cr\u00edptica. El estatus de s\u00edmbolo en el que adoradores y enemigos proyectan sus fantasmas. <a href=\"https:\/\/elpais.com\/ideas\/2022-04-30\/judith-butler-luchamos-contra-la-dominacion-social-no-contra-los-hombres-y-su-anatomia.html\" target=\"_blank\" rel=\"noopener noreferrer\" data-link-track-dtm=\"\" data-mrf-link=\"https:\/\/elpais.com\/ideas\/2022-04-30\/judith-butler-luchamos-contra-la-dominacion-social-no-contra-los-hombres-y-su-anatomia.html\">Judith Butler (Cleveland, 68 a\u00f1os) es una de las figuras intelectuales m\u00e1s influyentes de nuestro tiempo<\/a>. De cerca, es otra cosa. Aparece una persona menuda y de aspecto fr\u00e1gil en la puerta de <a href=\"https:\/\/elpais.com\/elviajero\/2023-02-05\/por-el-montparnasse-que-nunca-se-apaga-siguiendo-el-rastro-de-sus-artistas.html\" target=\"_blank\" rel=\"noopener noreferrer\" data-link-track-dtm=\"\" data-mrf-link=\"https:\/\/elpais.com\/elviajero\/2023-02-05\/por-el-montparnasse-que-nunca-se-apaga-siguiendo-el-rastro-de-sus-artistas.html\">La Coupole, la vieja <i>brasserie<\/i> de escritores y artistas en el parisiense bulevar<i> <\/i>Montparnasse<\/a>. En la conversaci\u00f3n se descubre como una mente de acero, implacable: no deja pasar una. Tambi\u00e9n ir\u00f3nica, sarc\u00e1stica. Ligereza y sesuda seriedad. La profesora de la Universidad de Berkeley, California, que est\u00e1 en Par\u00eds porque ha participado en un ciclo en el Centre Pompidou, adem\u00e1s de abrir el g\u00e9nero, ha escrito ensayos sobre la violencia por parte de los Estados, la resistencia o el dolor, entre otros temas.<\/p>\n<p class=\"\">Butler, que <a href=\"https:\/\/elpais.com\/babelia\/2022-03-09\/bienvenida-m-butler.html\" target=\"_blank\" rel=\"noopener noreferrer\" data-link-track-dtm=\"\" data-mrf-link=\"https:\/\/elpais.com\/babelia\/2022-03-09\/bienvenida-m-butler.html\">se registr\u00f3 hace unos a\u00f1os como persona no binaria en California<\/a>, explica cuando se le pregunta por los pronombres: \u201cEs una forma de solidaridad con los otros <i>elles<\/i> <i>(theys, <\/i>en ingl\u00e9s) del mundo\u201d. Cuando le decimos que la Real Academia Espa\u00f1ola no admite el pronombre elle, y le preguntamos qu\u00e9 hacer, responde: \u201cMencione esta norma, si EL PA\u00cdS quiere estar en conformidad con la Real Academia, pero ponga que es consciente de que no es correcto respecto a m\u00ed. Depende de usted. No soy la polic\u00eda. No voy a decir: \u2018Haga esto\u201d.<\/p>\n<p class=\"\">Elle, pues, acaba de publicar <i>\u00bfQui\u00e9n teme al g\u00e9nero?<\/i> (Paid\u00f3s, 2024, traducci\u00f3n de Alicia Martorell Linares), quiz\u00e1 el m\u00e1s accesible de sus libros desde que irrumpi\u00f3 en 1990 con <i>El g\u00e9nero en disputa,<\/i> escrito en una jerga que espantaba a muchos lectores, un estilo que defend\u00eda diciendo que \u201cser\u00eda un error pensar que la gram\u00e1tica heredada es el mejor veh\u00edculo para expresar ideas radicales\u201d. Ahora opta por una mayor claridad: \u201cSi hubiese sabido que <i>El g\u00e9nero en disputa<\/i> tendr\u00eda una audiencia amplia, probablemente lo habr\u00eda escrito de otra manera.\u201d<\/p>\n<p class=\"\"><b>PREGUNTA.<\/b> Hablaba en <a href=\"https:\/\/elpais.com\/ideas\/2020-10-17\/la-pensadora-que-imaginaba-otros-mundos.html\" target=\"_blank\" rel=\"noopener noreferrer\" data-link-track-dtm=\"\" data-mrf-link=\"https:\/\/elpais.com\/ideas\/2020-10-17\/la-pensadora-que-imaginaba-otros-mundos.html\"><i>El g\u00e9nero en disputa<\/i><\/a> de su t\u00edo, \u201cencarcelado debido a su cuerpo anat\u00f3micamente an\u00f3malo\u201d. \u00bfC\u00f3mo influy\u00f3 en su manera de entender el g\u00e9nero?<\/p>\n<p class=\"\"><b>RESPUESTA. <\/b>Yo no era consciente, cuando crec\u00eda, de que ten\u00eda este t\u00edo. Nunca le vi. Mi madre nos dec\u00eda que le mandaron a otro lugar, que no era capaz de pensar ni hablar, que no era comunicativo y que no podr\u00edamos visitarlo. Cuando muri\u00f3, un primo m\u00edo descubri\u00f3 que de hecho s\u00ed hablaba y que podr\u00edamos haberlo conocido. Con mi primo investigamos y preguntamos a mi madre, que ahora lamenta c\u00f3mo se gestion\u00f3 la vida de su hermano. Mi t\u00edo no desarroll\u00f3 rasgos sexuales y mentales considerados normativos, y mi familia, al parecer, se sent\u00eda avergonzada de \u00e9l, y le mandaron a una instituci\u00f3n para personas desafiadas psicol\u00f3gicamente. \u00bfEstaba desafiado psicol\u00f3gicamente? \u00bfO respond\u00eda al rechazo por parte de su familia? La pregunta est\u00e1 abierta.<\/p>\n<p class=\"\"><b>P.<\/b> \u00bfC\u00f3mo era su familia?<\/p>\n<p class=\"\"><b>R. <\/b>Mis padres y abuelos, especialmente mis abuelos, se esforzaban por asimilarse a las normas culturales de Estados Unidos. Ven\u00edan de Europa oriental y, al menos en el lado de mi madre, muchas personas en su familia eran jud\u00edos que fueron asesinados por los nazis. As\u00ed que a mi familia les preocupaban las apariencias. Copiaban las figuras de Hollywood y quer\u00edan tener un aspecto muy americano, muy chic y elegante. El g\u00e9nero era importante. Uno deb\u00eda aparentar bien su g\u00e9nero: ser un hombre guapo y una bella mujer. Crec\u00ed en este mundo de secretos e ideales de g\u00e9nero. Y supongo que as\u00ed empec\u00e9 a pensar en la crueldad de las normas de g\u00e9nero y en lo importante que es la libertad de g\u00e9nero, la libertad de producir un mundo en el que las personas que no siempre encajan en la norma son libres de vivir y respirar, y ser aceptadas y amadas y reconocidas por ser quienes son, sin discriminaci\u00f3n ni patolog\u00eda.<\/p>\n<p class=\"\"><b>P.<\/b> La idea del libro <i>\u00bfQui\u00e9n teme al g\u00e9nero?<\/i> parte de <a href=\"https:\/\/elpais.com\/cultura\/2020\/07\/07\/babelia\/1594150567_495046.html\" target=\"_blank\" rel=\"noopener noreferrer\" data-link-track-dtm=\"\" data-mrf-link=\"https:\/\/elpais.com\/cultura\/2020\/07\/07\/babelia\/1594150567_495046.html\">una experiencia de acoso y violencia en Brasil<\/a>. \u00bfQu\u00e9 ocurri\u00f3? \u00bfY qu\u00e9 aprendi\u00f3?<\/p>\n<p class=\"\"><b>R.<\/b> Quemaron una efigie m\u00eda en el exterior del centro cultural Sesc Pompeia en S\u00e3o Paulo, yo lo vi por internet, estaba escondida dentro. Era 2017. Despu\u00e9s me acosaron en el aeropuerto cuando estaba march\u00e1ndome con mi novia, mi pareja [la polit\u00f3loga Wendy Brown], no mi mujer porque no quiere casarse conmigo. Llevamos 33 a\u00f1os en pareja y no quiere casarse conmigo, es marxista, no cree en esto [se r\u00ede].<\/p>\n<p class=\"\"><b>P. <\/b>\u00bfLe gustar\u00eda a usted?<\/p>\n<p class=\"\"><b>R.<\/b> No, pero me gusta ped\u00edrselo, se lo pido siempre, es como una broma. Dice que deber\u00eda divorciarse de m\u00ed si me casase con ella. Puede ponerlo en la entrevista.<\/p>\n<figure class=\"a_m a_m-h \"><span class=\"_db a_m_w _pr lb_btn\"><img loading=\"lazy\" decoding=\"async\" class=\"_re lazyload a_m-h\" src=\"https:\/\/imagenes.elpais.com\/resizer\/v2\/UG6YYCVXCJHL3MLJCTLPGGL7PI.jpg?auth=eb9b68c53ef7ec4683afc22dc42289462ab72c87c3bc612b66c7185b644c0533&amp;width=414\" sizes=\"(min-width:1199px) 1155px,(min-width:1001px) calc(100vw - 44px),(min-width:768px) 767px, 100vw\" srcset=\"https:\/\/imagenes.elpais.com\/resizer\/v2\/UG6YYCVXCJHL3MLJCTLPGGL7PI.jpg?auth=eb9b68c53ef7ec4683afc22dc42289462ab72c87c3bc612b66c7185b644c0533&amp;width=414 414w,https:\/\/imagenes.elpais.com\/resizer\/v2\/UG6YYCVXCJHL3MLJCTLPGGL7PI.jpg?auth=eb9b68c53ef7ec4683afc22dc42289462ab72c87c3bc612b66c7185b644c0533&amp;width=828 640w,https:\/\/imagenes.elpais.com\/resizer\/v2\/UG6YYCVXCJHL3MLJCTLPGGL7PI.jpg?auth=eb9b68c53ef7ec4683afc22dc42289462ab72c87c3bc612b66c7185b644c0533&amp;width=980 1000w,https:\/\/imagenes.elpais.com\/resizer\/v2\/UG6YYCVXCJHL3MLJCTLPGGL7PI.jpg?auth=eb9b68c53ef7ec4683afc22dc42289462ab72c87c3bc612b66c7185b644c0533&amp;width=1960 1960w\" alt=\"Judith Butler\" width=\"414\" height=\"311\" \/><\/span><figcaption class=\"a_m_p\">Judith Butler en la rosaleda del Jard\u00edn de Luxemburgo, Par\u00eds, este 30 de abril. <span class=\"a_m_m\">Samuel Aranda<\/span><\/figcaption><\/figure>\n<p class=\"\"><b>P. <\/b>Contaba que les acosaron en el aeropuerto.<\/p>\n<p class=\"\"><b>R.<\/b> S\u00ed. Me dec\u00edan: \u2018\u00a1Eres ped\u00f3fila!\u2019. O: \u2018\u2019\u00a1Quite sus manos de nuestros hijos!\u2019. Me confundi\u00f3 profundamente. Yo no hab\u00eda entendido que, al menos para algunas personas que forman parte del movimiento antig\u00e9nero, si quitas la prohibici\u00f3n contra la homosexualidad, entonces se derrumba la prohibici\u00f3n de la sexualidad con los animales, con los menores, y te conviertes en una peligrosa y ca\u00f3tica criatura sexual sin restricciones morales. Es una fantasmagor\u00eda. Y me pregunt\u00e9: \u2018<a href=\"https:\/\/elpais.com\/salud-y-bienestar\/2024-05-01\/como-el-genero-moldea-la-salud-ellas-viven-mas-anos-pero-en-peor-estado.html\" target=\"_blank\" rel=\"noopener noreferrer\" data-link-track-dtm=\"\" data-mrf-link=\"https:\/\/elpais.com\/salud-y-bienestar\/2024-05-01\/como-el-genero-moldea-la-salud-ellas-viven-mas-anos-pero-en-peor-estado.html\">\u00bfQu\u00e9 creer\u00e1 esta gente que es el g\u00e9nero?\u2019<\/a>. No es un movimiento depredador ni adoctrinador, y, sin embargo, se nos atribuy\u00f3 la depredaci\u00f3n y el adoctrinamiento.<\/p>\n<p class=\"\"><b>P. <\/b>Entonces, \u00bfqui\u00e9n teme al g\u00e9nero?<\/p>\n<p class=\"\"><b>R.<\/b> Todo el mundo.<\/p>\n<p class=\"\"><b>P. <\/b>\u00bfTodo el mundo? \u00bfDe verdad?<\/p>\n<p class=\"\"><b>R. <\/b>S\u00ed, eso creo [estalla en una carcajada]. Disculpe, se supone que soy intelectual y hablo con seriedad. Lo soy, por cierto.<\/p>\n<p class=\"\"><b>P. <\/b>\u00bfPor qu\u00e9 dice que todo el mundo lo teme?<\/p>\n<p class=\"\"><b>R. <\/b>Si Giorgia Meloni dice que estos ide\u00f3logos del g\u00e9nero te quitar\u00e1n tu identidad sexual, suena terror\u00edfico. La mayor\u00eda de las personas quiere saber que su identidad sexual es firme y que nadie le puede quitar su estatus legal como hombre o mujer. <a href=\"https:\/\/elpais.com\/sociedad\/2023-06-28\/una-ofensiva-en-todo-el-mundo-contra-los-derechos-de-las-personas-lgtbi.html\" target=\"_blank\" rel=\"noopener noreferrer\" data-link-track-dtm=\"\" data-mrf-link=\"https:\/\/elpais.com\/sociedad\/2023-06-28\/una-ofensiva-en-todo-el-mundo-contra-los-derechos-de-las-personas-lgtbi.html\">Meloni lo dice porque quiere quitar la identidad sexual de las personas trans<\/a>, les quiere quitar el derecho legal de autoasignarse una identidad sexual. Hay que producir un fantasma, un relato ficticio que asuste a la gente para atraerlo a su bando y atacar a comunidades trans, <i>queer<\/i>, que son, en una parte mayoritaria, comunidades vulnerables. Pero la verdad es que a todos, en relaci\u00f3n con nuestro sexo o g\u00e9nero, sea cual sea el lenguaje que usemos, se nos puede hacer sentir ansiedad al respecto. El psicoan\u00e1lisis va de eso.<\/p>\n<p class=\"\"><b>P. <\/b>\u00bfUsted siente esta ansiedad?<\/p>\n<p class=\"\"><b>R.<\/b> Probablemente tanto como usted.<\/p>\n<p class=\"\"><b>P.<\/b> As\u00ed que todos tenemos miedo del g\u00e9nero\u2026<\/p>\n<p class=\"\"><b>R.<\/b> Pueden lograr que tengas miedo, o que experimentes una inestabilidad. Los ni\u00f1os, \u00bfdeben actuar as\u00ed, o jugar as\u00ed? El g\u00e9nero siempre va acompa\u00f1ado de normas, y hay que aprenderlas, no son naturales. Y se aprenden, en parte, con errores, y cuando dicen: \u201cQu\u00edtate este lazo del cabello\u201d, o \u201cel color rosa, no, querido\u201d. Aunque Rafa puede llevar rosa.<\/p>\n<p class=\"\"><b>P. <\/b>\u00bfQui\u00e9n?<\/p>\n<p class=\"\"><b>R.<\/b> Rafael Nadal. \u00bfC\u00f3mo puede Rafa llevar el color rosa? Siempre va de rosa. Es el tipo de masculinidad definitiva. \u00c9l est\u00e1 c\u00f3modo con su masculinidad: \u201cDadme rosa, dadme violeta\u201d. \u00a1Me encanta!<\/p>\n<p class=\"\"><b>P. <\/b>La ansiedad, \u00bfc\u00f3mo la explica?<\/p>\n<p class=\"\"><b>R. <\/b>\u00bfLo estoy haciendo bien? \u00bfC\u00f3mo se me percibe? \u00bfSoy un hombre suficientemente fuerte? Si no lo soy, \u00bfno soy un hombre? Si no llevo seg\u00fan qu\u00e9 cosa, \u00bfno soy una mujer? Hay muchas normas sociales que nos pueden hacer sentir ansiedad por el g\u00e9nero. Los padres, las religiones, las instituciones educativas o estatales. Esta ansiedad la explotan las fuerzas de extrema derecha, la amplifican.<\/p>\n<p class=\"\"><b>P.<\/b> \u00bfVotar\u00e1 a Joe Biden <a href=\"https:\/\/elpais.com\/internacional\/elecciones-usa\/2024-04-16\/que-pasara-con-trump-asi-se-mueven-las-encuestas-durante-su-periplo-judicial.html\" target=\"_blank\" rel=\"noopener noreferrer\" data-link-track-dtm=\"\" data-mrf-link=\"https:\/\/elpais.com\/internacional\/elecciones-usa\/2024-04-16\/que-pasara-con-trump-asi-se-mueven-las-encuestas-durante-su-periplo-judicial.html\">para evitar que gane Donald Trump<\/a>?<\/p>\n<p class=\"\"><b>R. <\/b>No. Le dir\u00e9 lo que pienso. Rechazamos votar por Biden hasta el \u00faltimo minuto. Presionamos a la Administraci\u00f3n de Biden, porque todos los j\u00f3venes que se oponen a Biden hace bien en oponerse. As\u00ed que no dir\u00e9 nada en favor de Biden.<\/p>\n<p class=\"\"><b>P. <\/b>Pero en el \u00faltimo minuto lo dir\u00e1.<\/p>\n<p class=\"\"><b>R. <\/b>Probablemente, pero depender\u00e1 de c\u00f3mo est\u00e9n las cosas. Al votar en California [un Estado no decisivo, donde la victoria dem\u00f3crata ya est\u00e1 garantizada], no es necesario que vote.<\/p>\n<p class=\"\"><b>P. <\/b>Su voz tiene peso.<\/p>\n<p class=\"\"><b>R.<\/b> No apoyar\u00e9 a Biden. Criticar\u00e9 a Trump. Los criticar\u00e9 a ambos, francamente.<\/p>\n<p class=\"\"><b>P. <\/b>\u00bfPor qu\u00e9 no apoyar\u00e1 a Biden?<\/p>\n<p class=\"\"><b>R.<\/b> Porque <a href=\"https:\/\/elpais.com\/internacional\/2024-03-01\/biden-anuncia-la-entrega-aerea-de-ayuda-humanitaria-a-gaza.html\" target=\"_blank\" rel=\"noopener noreferrer\" data-link-track-dtm=\"\" data-mrf-link=\"https:\/\/elpais.com\/internacional\/2024-03-01\/biden-anuncia-la-entrega-aerea-de-ayuda-humanitaria-a-gaza.html\">est\u00e1 apoyando este genocidio horrible en Gaza<\/a>, y porque ha continuado con las pol\u00edticas de Trump en la frontera sur de EE UU dejando a una enorme cantidad de personas en una condici\u00f3n de detenci\u00f3n indefinida. La frontera sur viola cualquier ley de derechos humanos posible. Prometi\u00f3 que lo cambiar\u00eda y no lo ha hecho.<\/p>\n<p class=\"\"><b>P.<\/b> Llama genocidio a lo que ocurre en Gaza. \u00bfNo es un t\u00e9rmino legal, algo que los tribunales decidir\u00e1n?<\/p>\n<p class=\"\"><b>R. <\/b><a href=\"https:\/\/elpais.com\/ideas\/2024-02-29\/el-concepto-de-genocidio-vio-la-luz-en-una-conferencia-en-madrid-en-1933-y-sigue-de-actualidad.html\" target=\"_blank\" rel=\"noopener noreferrer\" data-link-track-dtm=\"\" data-mrf-link=\"https:\/\/elpais.com\/ideas\/2024-02-29\/el-concepto-de-genocidio-vio-la-luz-en-una-conferencia-en-madrid-en-1933-y-sigue-de-actualidad.html\">Es un genocidio<\/a>. Centenares y centenares de juristas han confirmado que lo que est\u00e1 ocurriendo en Gaza est\u00e1 conforme con lo que dice la Convenci\u00f3n contra el genocidio. Esto est\u00e1 establecido.<\/p>\n<p class=\"\"><b>P.<\/b> Se ha metido en problemas por sus opiniones sobre esta cuesti\u00f3n.<\/p>\n<p class=\"\"><b>R. <\/b><a href=\"https:\/\/elpais.com\/ideas\/2024-03-24\/una-feroz-division-academica-entre-butler-e-ilouz.html\" target=\"_blank\" rel=\"noopener noreferrer\" data-link-track-dtm=\"\" data-mrf-link=\"https:\/\/elpais.com\/ideas\/2024-03-24\/una-feroz-division-academica-entre-butler-e-ilouz.html\">Siempre me meto en problemas<\/a>.<\/p>\n<p class=\"\"><b>P. <\/b>Ahora nos apartamos del g\u00e9nero, pero volveremos\u2026<\/p>\n<p class=\"\"><b>R. <\/b>\u2026puede que se trate del g\u00e9nero. La manera en que se me trata puede que tenga que ver con el g\u00e9nero. Quiz\u00e1, no lo s\u00e9. \u00bfSe me habr\u00eda tratado igual si fuese un hombre? Es una pregunta.<\/p>\n<p class=\"\"><b>P. <\/b>En todo caso, para usted est\u00e1 claro que lo que sucede en Gaza es un genocidio. El ataque de Ham\u00e1s del 7 de octubre, \u00bfdir\u00eda que fue genocida?<\/p>\n<p class=\"\"><b>R. <\/b>No. Hubo atrocidades, pero no buscaban la muerte de todas las personas en la regi\u00f3n sobre la base de su religi\u00f3n o de su nacionalidad.<\/p>\n<p class=\"\"><b>P. <\/b>\u00bfLamenta haber dicho que lo que Ham\u00e1s hizo el 7 de octubre fue un \u201clevantamiento\u201d y un \u201cacto de resistencia\u201d?<\/p>\n<p class=\"\"><b>R.<\/b> Debemos hacer una distinci\u00f3n. He condenado a Ham\u00e1s desde el principio y contin\u00fao conden\u00e1ndolo. Yo defiendo una \u00e9tica y pol\u00edtica de la no violencia. Las organizaciones palestinas a las que apoyo son todas no violentas. La resistencia, para m\u00ed, no es algo rom\u00e1ntico ni un ideal, es descriptivo. Entiendo que resisten, combaten la ocupaci\u00f3n, pero nunca he apoyado a Ham\u00e1s y sigo condenando sus atrocidades.<\/p>\n<p class=\"\"><b>P. <\/b>Volvamos al g\u00e9nero. Hay algo que se le ha criticado en el nuevo libro y puede sorprender a los lectores, y es que pone en el mismo saco a la extrema derecha, al Vaticano y a las feministas progresistas\u2026<\/p>\n<p class=\"\"><b>R. <\/b>\u2026 \u00a1Oh! \u00bfFeministas progresistas? \u00bfO bien feministas regresivas? \u00a1Wow!<\/p>\n<p class=\"\"><b>P. <\/b>Se consideran progresistas.<\/p>\n<p class=\"\"><b>R. <\/b>No lo creo. \u00bfUsan esa palabra? Me sorprender\u00eda. Si me lo puede usted documentar\u2026<\/p>\n<p class=\"\"><b>P. <\/b>As\u00ed que no son progresistas.<\/p>\n<p class=\"\"><b>R. <\/b>Regresan al reduccionismo biol\u00f3gico, que es aquello contra lo que el feminismo siempre luch\u00f3. La biolog\u00eda no es el destino: <a href=\"https:\/\/elpais.com\/elpais\/2019\/07\/05\/ideas\/1562337766_757567.html\" target=\"_blank\" rel=\"noopener noreferrer\" data-link-track-dtm=\"\" data-mrf-link=\"https:\/\/elpais.com\/elpais\/2019\/07\/05\/ideas\/1562337766_757567.html\">Simone de Beauvoir<\/a>.<\/p>\n<p class=\"\"><b>P.<\/b> Simone de Beauvoir tambi\u00e9n dice que la biolog\u00eda existe, habla de hembras y machos.<\/p>\n<p class=\"\"><b>R. <\/b>Y yo tambi\u00e9n lo digo. Yo acepto que la biolog\u00eda existe, no niego la biolog\u00eda. Una cosa es decir que la biolog\u00eda te determina y otra distinta decir que la biolog\u00eda existe. Puede existir sin determinarte. Yo afirmo que la biolog\u00eda existe, pero lo interesante es que las ciencias biol\u00f3gicas constantemente est\u00e1n cambiando el marco en el interior del cual decidir la determinaci\u00f3n del sexo. \u00bfLeemos toda la biolog\u00eda, y vemos los debates internos, los estudios biol\u00f3gicos sobre el sexo y la sexualidad? \u00bfO solo elegimos los que nos gustan y los conectamos a nuestra teor\u00eda para decir \u201cesto es lo que dice la biolog\u00eda\u201d?<\/p>\n<p class=\"\"><b>P. <\/b>Pone a estas feministas en el mismo saco que los fascistas.<\/p>\n<p class=\"\"><b>R.<\/b> No el mismo saco. Son sacos muy distintos. Lea con atenci\u00f3n. Lo que digo es que es una alianza inconsciente. Me pregunto por qu\u00e9 feministas que deber\u00edan estar aliadas con gais, lesbianas, trans y con movimientos sociales a veces rompen estas alianzas y se hacen eco de los mismos argumentos de la derecha.<\/p>\n<p class=\"\"><b>P.<\/b> Las llama \u201cc\u00f3mplices\u201d.<\/p>\n<p class=\"\"><b>R. <\/b>Si no repudian el ataque de la derecha contra el g\u00e9nero, entonces son c\u00f3mplices. Deber\u00edan repudiarlo, luchar en contra. \u00bfLes importa la violencia basada en el g\u00e9nero? <a href=\"https:\/\/elpais.com\/podcasts\/hoy-en-el-pais\/2024-03-18\/podcast-el-aborto-un-derecho-de-ida-y-vuelta-formas-de-blindarlo-mas-alla-de-la-constitucion.html\" target=\"_blank\" rel=\"noopener noreferrer\" data-link-track-dtm=\"\" data-mrf-link=\"https:\/\/elpais.com\/podcasts\/hoy-en-el-pais\/2024-03-18\/podcast-el-aborto-un-derecho-de-ida-y-vuelta-formas-de-blindarlo-mas-alla-de-la-constitucion.html\">\u00bfEl derecho al aborto?<\/a> \u00a1S\u00ed! \u00bfQuieren oponerse a la discriminaci\u00f3n basada en el sexo? Todo esto est\u00e1 siendo atacado por el \u201cmovimiento contra la ideolog\u00eda de g\u00e9nero\u201d, que ataca tambi\u00e9n al feminismo porque lo coloca junto a los movimientos de gais, lesbianas y trans. \u00bfPor qu\u00e9 no se disocian de ello? Ser\u00eda genial si lo repudiasen. Necesitamos una solidaridad contra el fascismo y el autoritarismo emergente. Es una invitaci\u00f3n.<\/p>\n<p class=\"\"><b>P. <\/b>\u00bfUna invitaci\u00f3n a abandonar su punto de vista?<\/p>\n<p class=\"\"><b>R. <\/b>No, pueden mantenerlo, pero asegur\u00e1ndose de que lo hacen de manera que tambi\u00e9n censuran la cr\u00edtica fascista del g\u00e9nero, para no ser identificadas con ella. J. K. Rowling lo hizo maravillosamente cuando Putin dijo: <a href=\"https:\/\/elpais.com\/cultura\/2022-05-07\/del-bolshoi-a-los-eurovisivos-rusia-cancela-a-los-artistas-que-duden-de-su-mision-en-ucrania.html\" target=\"_blank\" rel=\"noopener noreferrer\" data-link-track-dtm=\"\" data-mrf-link=\"https:\/\/elpais.com\/cultura\/2022-05-07\/del-bolshoi-a-los-eurovisivos-rusia-cancela-a-los-artistas-que-duden-de-su-mision-en-ucrania.html\">\u201cEstoy de acuerdo con J. K. Rowling\u201d<\/a>, y J. K. Rowling r\u00e1pidamente dijo: \u201cNo, somos diferentes\u201d. Y pens\u00e9: \u201cQu\u00e9 bonito\u201d.<\/p>\n","protected":false},"excerpt":{"rendered":"<p>La intelectual estadounidense, una de las m\u00e1s influyentes de nuestro tiempo, regresa a su tema bandera con \u2018\u00bfQui\u00e9n teme al g\u00e9nero?\u2019, libro en el que acusa a las feministas antitrans de formar \u201cuna alianza inconsciente\u201d con las corrientes conservadoras, que han hecho del g\u00e9nero una batalla cultural Por Marc Bassets \/ El Pa\u00eds De lejos, [&hellip;]<\/p>\n","protected":false},"author":2,"featured_media":4183,"comment_status":"open","ping_status":"open","sticky":false,"template":"","format":"standard","meta":{"jetpack_post_was_ever_published":false,"_jetpack_newsletter_access":"","_jetpack_dont_email_post_to_subs":false,"_jetpack_newsletter_tier_id":0,"_jetpack_memberships_contains_paywalled_content":false,"_jetpack_memberships_contains_paid_content":false,"footnotes":"","jetpack_publicize_message":"","jetpack_publicize_feature_enabled":true,"jetpack_social_post_already_shared":true,"jetpack_social_options":{"image_generator_settings":{"template":"highway","enabled":false},"version":2}},"categories":[2],"tags":[],"class_list":["post-4182","post","type-post","status-publish","format-standard","has-post-thumbnail","hentry","category-blog"],"jetpack_publicize_connections":[],"yoast_head":"<!-- This site is optimized with the Yoast SEO plugin v23.4 - https:\/\/yoast.com\/wordpress\/plugins\/seo\/ -->\n<title>Judith Butler, fil\u00f3sofa: \u201cLas feministas que no repudian a la derecha antig\u00e9nero son sus c\u00f3mplices\u201d - UninomadaSUR<\/title>\n<meta name=\"robots\" content=\"index, follow, max-snippet:-1, max-image-preview:large, max-video-preview:-1\" \/>\n<link rel=\"canonical\" href=\"https:\/\/uninomadasur.net\/?p=4182\" \/>\n<meta property=\"og:locale\" content=\"es_ES\" \/>\n<meta property=\"og:type\" content=\"article\" \/>\n<meta property=\"og:title\" content=\"Judith Butler, fil\u00f3sofa: \u201cLas feministas que no repudian a la derecha antig\u00e9nero son sus c\u00f3mplices\u201d - UninomadaSUR\" \/>\n<meta property=\"og:description\" content=\"La intelectual estadounidense, una de las m\u00e1s influyentes de nuestro tiempo, regresa a su tema bandera con \u2018\u00bfQui\u00e9n teme al g\u00e9nero?\u2019, libro en el que acusa a las feministas antitrans de formar \u201cuna alianza inconsciente\u201d con las corrientes conservadoras, que han hecho del g\u00e9nero una batalla cultural Por Marc Bassets \/ El Pa\u00eds De lejos, [&hellip;]\" \/>\n<meta property=\"og:url\" content=\"https:\/\/uninomadasur.net\/?p=4182\" \/>\n<meta property=\"og:site_name\" content=\"UninomadaSUR\" \/>\n<meta property=\"article:published_time\" content=\"2024-05-10T15:08:35+00:00\" \/>\n<meta property=\"og:image\" content=\"https:\/\/uninomadasur.net\/wp-content\/uploads\/2024\/05\/YKDLS75ERZGKLDQRBLD6QSFWSQ-copia.jpg\" \/>\n\t<meta property=\"og:image:width\" content=\"1200\" \/>\n\t<meta property=\"og:image:height\" content=\"899\" \/>\n\t<meta property=\"og:image:type\" content=\"image\/jpeg\" \/>\n<meta name=\"author\" content=\"Administrador\" \/>\n<meta name=\"twitter:card\" content=\"summary_large_image\" \/>\n<meta name=\"twitter:label1\" content=\"Escrito por\" \/>\n\t<meta name=\"twitter:data1\" content=\"Administrador\" \/>\n\t<meta name=\"twitter:label2\" content=\"Tiempo de lectura\" \/>\n\t<meta name=\"twitter:data2\" content=\"12 minutos\" \/>\n<script type=\"application\/ld+json\" class=\"yoast-schema-graph\">{\"@context\":\"https:\/\/schema.org\",\"@graph\":[{\"@type\":\"Article\",\"@id\":\"https:\/\/uninomadasur.net\/?p=4182#article\",\"isPartOf\":{\"@id\":\"https:\/\/uninomadasur.net\/?p=4182\"},\"author\":{\"name\":\"Administrador\",\"@id\":\"https:\/\/uninomadasur.net\/#\/schema\/person\/bf51815d932788910947ff9541a9b85c\"},\"headline\":\"Judith Butler, fil\u00f3sofa: \u201cLas feministas que no repudian a la derecha antig\u00e9nero son sus c\u00f3mplices\u201d\",\"datePublished\":\"2024-05-10T15:08:35+00:00\",\"dateModified\":\"2024-05-10T15:08:35+00:00\",\"mainEntityOfPage\":{\"@id\":\"https:\/\/uninomadasur.net\/?p=4182\"},\"wordCount\":2387,\"commentCount\":0,\"publisher\":{\"@id\":\"https:\/\/uninomadasur.net\/#organization\"},\"image\":{\"@id\":\"https:\/\/uninomadasur.net\/?p=4182#primaryimage\"},\"thumbnailUrl\":\"https:\/\/uninomadasur.net\/wp-content\/uploads\/2024\/05\/YKDLS75ERZGKLDQRBLD6QSFWSQ-copia.jpg\",\"articleSection\":[\"Blog\"],\"inLanguage\":\"es\",\"potentialAction\":[{\"@type\":\"CommentAction\",\"name\":\"Comment\",\"target\":[\"https:\/\/uninomadasur.net\/?p=4182#respond\"]}]},{\"@type\":\"WebPage\",\"@id\":\"https:\/\/uninomadasur.net\/?p=4182\",\"url\":\"https:\/\/uninomadasur.net\/?p=4182\",\"name\":\"Judith Butler, fil\u00f3sofa: \u201cLas feministas que no repudian a la derecha antig\u00e9nero son sus c\u00f3mplices\u201d - UninomadaSUR\",\"isPartOf\":{\"@id\":\"https:\/\/uninomadasur.net\/#website\"},\"primaryImageOfPage\":{\"@id\":\"https:\/\/uninomadasur.net\/?p=4182#primaryimage\"},\"image\":{\"@id\":\"https:\/\/uninomadasur.net\/?p=4182#primaryimage\"},\"thumbnailUrl\":\"https:\/\/uninomadasur.net\/wp-content\/uploads\/2024\/05\/YKDLS75ERZGKLDQRBLD6QSFWSQ-copia.jpg\",\"datePublished\":\"2024-05-10T15:08:35+00:00\",\"dateModified\":\"2024-05-10T15:08:35+00:00\",\"breadcrumb\":{\"@id\":\"https:\/\/uninomadasur.net\/?p=4182#breadcrumb\"},\"inLanguage\":\"es\",\"potentialAction\":[{\"@type\":\"ReadAction\",\"target\":[\"https:\/\/uninomadasur.net\/?p=4182\"]}]},{\"@type\":\"ImageObject\",\"inLanguage\":\"es\",\"@id\":\"https:\/\/uninomadasur.net\/?p=4182#primaryimage\",\"url\":\"https:\/\/uninomadasur.net\/wp-content\/uploads\/2024\/05\/YKDLS75ERZGKLDQRBLD6QSFWSQ-copia.jpg\",\"contentUrl\":\"https:\/\/uninomadasur.net\/wp-content\/uploads\/2024\/05\/YKDLS75ERZGKLDQRBLD6QSFWSQ-copia.jpg\",\"width\":1200,\"height\":899},{\"@type\":\"BreadcrumbList\",\"@id\":\"https:\/\/uninomadasur.net\/?p=4182#breadcrumb\",\"itemListElement\":[{\"@type\":\"ListItem\",\"position\":1,\"name\":\"Inicio\",\"item\":\"https:\/\/uninomadasur.net\/\"},{\"@type\":\"ListItem\",\"position\":2,\"name\":\"Judith Butler, fil\u00f3sofa: \u201cLas feministas que no repudian a la derecha antig\u00e9nero son sus c\u00f3mplices\u201d\"}]},{\"@type\":\"WebSite\",\"@id\":\"https:\/\/uninomadasur.net\/#website\",\"url\":\"https:\/\/uninomadasur.net\/\",\"name\":\"UninomadaSUR\",\"description\":\"UninomadaSUR\",\"publisher\":{\"@id\":\"https:\/\/uninomadasur.net\/#organization\"},\"potentialAction\":[{\"@type\":\"SearchAction\",\"target\":{\"@type\":\"EntryPoint\",\"urlTemplate\":\"https:\/\/uninomadasur.net\/?s={search_term_string}\"},\"query-input\":{\"@type\":\"PropertyValueSpecification\",\"valueRequired\":true,\"valueName\":\"search_term_string\"}}],\"inLanguage\":\"es\"},{\"@type\":\"Organization\",\"@id\":\"https:\/\/uninomadasur.net\/#organization\",\"name\":\"UninomadaSUR\",\"url\":\"https:\/\/uninomadasur.net\/\",\"logo\":{\"@type\":\"ImageObject\",\"inLanguage\":\"es\",\"@id\":\"https:\/\/uninomadasur.net\/#\/schema\/logo\/image\/\",\"url\":\"https:\/\/uninomadasur.net\/wp-content\/uploads\/2018\/09\/uni-logo.png\",\"contentUrl\":\"https:\/\/uninomadasur.net\/wp-content\/uploads\/2018\/09\/uni-logo.png\",\"width\":260,\"height\":94,\"caption\":\"UninomadaSUR\"},\"image\":{\"@id\":\"https:\/\/uninomadasur.net\/#\/schema\/logo\/image\/\"}},{\"@type\":\"Person\",\"@id\":\"https:\/\/uninomadasur.net\/#\/schema\/person\/bf51815d932788910947ff9541a9b85c\",\"name\":\"Administrador\",\"image\":{\"@type\":\"ImageObject\",\"inLanguage\":\"es\",\"@id\":\"https:\/\/uninomadasur.net\/#\/schema\/person\/image\/\",\"url\":\"https:\/\/secure.gravatar.com\/avatar\/b36419d5b57d43ccfb2c84733927cffe?s=96&d=mm&r=g\",\"contentUrl\":\"https:\/\/secure.gravatar.com\/avatar\/b36419d5b57d43ccfb2c84733927cffe?s=96&d=mm&r=g\",\"caption\":\"Administrador\"},\"url\":\"https:\/\/uninomadasur.net\/?author=2\"}]}<\/script>\n<!-- \/ Yoast SEO plugin. -->","yoast_head_json":{"title":"Judith Butler, fil\u00f3sofa: \u201cLas feministas que no repudian a la derecha antig\u00e9nero son sus c\u00f3mplices\u201d - UninomadaSUR","robots":{"index":"index","follow":"follow","max-snippet":"max-snippet:-1","max-image-preview":"max-image-preview:large","max-video-preview":"max-video-preview:-1"},"canonical":"https:\/\/uninomadasur.net\/?p=4182","og_locale":"es_ES","og_type":"article","og_title":"Judith Butler, fil\u00f3sofa: \u201cLas feministas que no repudian a la derecha antig\u00e9nero son sus c\u00f3mplices\u201d - UninomadaSUR","og_description":"La intelectual estadounidense, una de las m\u00e1s influyentes de nuestro tiempo, regresa a su tema bandera con \u2018\u00bfQui\u00e9n teme al g\u00e9nero?\u2019, libro en el que acusa a las feministas antitrans de formar \u201cuna alianza inconsciente\u201d con las corrientes conservadoras, que han hecho del g\u00e9nero una batalla cultural Por Marc Bassets \/ El Pa\u00eds De lejos, [&hellip;]","og_url":"https:\/\/uninomadasur.net\/?p=4182","og_site_name":"UninomadaSUR","article_published_time":"2024-05-10T15:08:35+00:00","og_image":[{"width":1200,"height":899,"url":"https:\/\/uninomadasur.net\/wp-content\/uploads\/2024\/05\/YKDLS75ERZGKLDQRBLD6QSFWSQ-copia.jpg","type":"image\/jpeg"}],"author":"Administrador","twitter_card":"summary_large_image","twitter_misc":{"Escrito por":"Administrador","Tiempo de lectura":"12 minutos"},"schema":{"@context":"https:\/\/schema.org","@graph":[{"@type":"Article","@id":"https:\/\/uninomadasur.net\/?p=4182#article","isPartOf":{"@id":"https:\/\/uninomadasur.net\/?p=4182"},"author":{"name":"Administrador","@id":"https:\/\/uninomadasur.net\/#\/schema\/person\/bf51815d932788910947ff9541a9b85c"},"headline":"Judith Butler, fil\u00f3sofa: \u201cLas feministas que no repudian a la derecha antig\u00e9nero son sus c\u00f3mplices\u201d","datePublished":"2024-05-10T15:08:35+00:00","dateModified":"2024-05-10T15:08:35+00:00","mainEntityOfPage":{"@id":"https:\/\/uninomadasur.net\/?p=4182"},"wordCount":2387,"commentCount":0,"publisher":{"@id":"https:\/\/uninomadasur.net\/#organization"},"image":{"@id":"https:\/\/uninomadasur.net\/?p=4182#primaryimage"},"thumbnailUrl":"https:\/\/uninomadasur.net\/wp-content\/uploads\/2024\/05\/YKDLS75ERZGKLDQRBLD6QSFWSQ-copia.jpg","articleSection":["Blog"],"inLanguage":"es","potentialAction":[{"@type":"CommentAction","name":"Comment","target":["https:\/\/uninomadasur.net\/?p=4182#respond"]}]},{"@type":"WebPage","@id":"https:\/\/uninomadasur.net\/?p=4182","url":"https:\/\/uninomadasur.net\/?p=4182","name":"Judith Butler, fil\u00f3sofa: \u201cLas feministas que no repudian a la derecha antig\u00e9nero son sus c\u00f3mplices\u201d - UninomadaSUR","isPartOf":{"@id":"https:\/\/uninomadasur.net\/#website"},"primaryImageOfPage":{"@id":"https:\/\/uninomadasur.net\/?p=4182#primaryimage"},"image":{"@id":"https:\/\/uninomadasur.net\/?p=4182#primaryimage"},"thumbnailUrl":"https:\/\/uninomadasur.net\/wp-content\/uploads\/2024\/05\/YKDLS75ERZGKLDQRBLD6QSFWSQ-copia.jpg","datePublished":"2024-05-10T15:08:35+00:00","dateModified":"2024-05-10T15:08:35+00:00","breadcrumb":{"@id":"https:\/\/uninomadasur.net\/?p=4182#breadcrumb"},"inLanguage":"es","potentialAction":[{"@type":"ReadAction","target":["https:\/\/uninomadasur.net\/?p=4182"]}]},{"@type":"ImageObject","inLanguage":"es","@id":"https:\/\/uninomadasur.net\/?p=4182#primaryimage","url":"https:\/\/uninomadasur.net\/wp-content\/uploads\/2024\/05\/YKDLS75ERZGKLDQRBLD6QSFWSQ-copia.jpg","contentUrl":"https:\/\/uninomadasur.net\/wp-content\/uploads\/2024\/05\/YKDLS75ERZGKLDQRBLD6QSFWSQ-copia.jpg","width":1200,"height":899},{"@type":"BreadcrumbList","@id":"https:\/\/uninomadasur.net\/?p=4182#breadcrumb","itemListElement":[{"@type":"ListItem","position":1,"name":"Inicio","item":"https:\/\/uninomadasur.net\/"},{"@type":"ListItem","position":2,"name":"Judith Butler, fil\u00f3sofa: \u201cLas feministas que no repudian a la derecha antig\u00e9nero son sus c\u00f3mplices\u201d"}]},{"@type":"WebSite","@id":"https:\/\/uninomadasur.net\/#website","url":"https:\/\/uninomadasur.net\/","name":"UninomadaSUR","description":"UninomadaSUR","publisher":{"@id":"https:\/\/uninomadasur.net\/#organization"},"potentialAction":[{"@type":"SearchAction","target":{"@type":"EntryPoint","urlTemplate":"https:\/\/uninomadasur.net\/?s={search_term_string}"},"query-input":{"@type":"PropertyValueSpecification","valueRequired":true,"valueName":"search_term_string"}}],"inLanguage":"es"},{"@type":"Organization","@id":"https:\/\/uninomadasur.net\/#organization","name":"UninomadaSUR","url":"https:\/\/uninomadasur.net\/","logo":{"@type":"ImageObject","inLanguage":"es","@id":"https:\/\/uninomadasur.net\/#\/schema\/logo\/image\/","url":"https:\/\/uninomadasur.net\/wp-content\/uploads\/2018\/09\/uni-logo.png","contentUrl":"https:\/\/uninomadasur.net\/wp-content\/uploads\/2018\/09\/uni-logo.png","width":260,"height":94,"caption":"UninomadaSUR"},"image":{"@id":"https:\/\/uninomadasur.net\/#\/schema\/logo\/image\/"}},{"@type":"Person","@id":"https:\/\/uninomadasur.net\/#\/schema\/person\/bf51815d932788910947ff9541a9b85c","name":"Administrador","image":{"@type":"ImageObject","inLanguage":"es","@id":"https:\/\/uninomadasur.net\/#\/schema\/person\/image\/","url":"https:\/\/secure.gravatar.com\/avatar\/b36419d5b57d43ccfb2c84733927cffe?s=96&d=mm&r=g","contentUrl":"https:\/\/secure.gravatar.com\/avatar\/b36419d5b57d43ccfb2c84733927cffe?s=96&d=mm&r=g","caption":"Administrador"},"url":"https:\/\/uninomadasur.net\/?author=2"}]}},"jetpack_featured_media_url":"https:\/\/uninomadasur.net\/wp-content\/uploads\/2024\/05\/YKDLS75ERZGKLDQRBLD6QSFWSQ-copia.jpg","jetpack_sharing_enabled":true,"jetpack_shortlink":"https:\/\/wp.me\/paDeUS-15s","_links":{"self":[{"href":"https:\/\/uninomadasur.net\/index.php?rest_route=\/wp\/v2\/posts\/4182"}],"collection":[{"href":"https:\/\/uninomadasur.net\/index.php?rest_route=\/wp\/v2\/posts"}],"about":[{"href":"https:\/\/uninomadasur.net\/index.php?rest_route=\/wp\/v2\/types\/post"}],"author":[{"embeddable":true,"href":"https:\/\/uninomadasur.net\/index.php?rest_route=\/wp\/v2\/users\/2"}],"replies":[{"embeddable":true,"href":"https:\/\/uninomadasur.net\/index.php?rest_route=%2Fwp%2Fv2%2Fcomments&post=4182"}],"version-history":[{"count":1,"href":"https:\/\/uninomadasur.net\/index.php?rest_route=\/wp\/v2\/posts\/4182\/revisions"}],"predecessor-version":[{"id":4184,"href":"https:\/\/uninomadasur.net\/index.php?rest_route=\/wp\/v2\/posts\/4182\/revisions\/4184"}],"wp:featuredmedia":[{"embeddable":true,"href":"https:\/\/uninomadasur.net\/index.php?rest_route=\/wp\/v2\/media\/4183"}],"wp:attachment":[{"href":"https:\/\/uninomadasur.net\/index.php?rest_route=%2Fwp%2Fv2%2Fmedia&parent=4182"}],"wp:term":[{"taxonomy":"category","embeddable":true,"href":"https:\/\/uninomadasur.net\/index.php?rest_route=%2Fwp%2Fv2%2Fcategories&post=4182"},{"taxonomy":"post_tag","embeddable":true,"href":"https:\/\/uninomadasur.net\/index.php?rest_route=%2Fwp%2Fv2%2Ftags&post=4182"}],"curies":[{"name":"wp","href":"https:\/\/api.w.org\/{rel}","templated":true}]}}