{"id":4194,"date":"2024-06-12T09:51:31","date_gmt":"2024-06-12T09:51:31","guid":{"rendered":"http:\/\/uninomadasur.net\/?p=4194"},"modified":"2024-06-12T09:51:31","modified_gmt":"2024-06-12T09:51:31","slug":"la-izquierda-mas-alla-de-la-resistencia-debemos-volver-pensar-en-futuros-alternativos-posibles","status":"publish","type":"post","link":"https:\/\/uninomadasur.net\/?p=4194","title":{"rendered":"La izquierda m\u00e1s all\u00e1 de la resistencia: debemos volver pensar en futuros alternativos posibles"},"content":{"rendered":"<p><strong>Entrevista especial con Rodrigo Santaella<\/strong><\/p>\n<p>Por Instituto Humanitas Unisinos<\/p>\n<p><em>Traducci\u00f3n: Decio Machado<\/em><\/p>\n<p><em>La agencia colectiva parece estar relegada a un segundo plano en nombre de pron\u00f3sticos y diagn\u00f3sticos sobre el desarrollo tecnol\u00f3gico en s\u00ed, seg\u00fan el policientista.<\/em><\/p>\n<p>Si, por un lado, el <a href=\"https:\/\/www.ihu.unisinos.br\/sobre-o-ihu\/78-noticias\/577055-o-aceleracionismo-um-novo-debate-na-esquerda\" target=\"_blank\" rel=\"noopener noreferrer\" data-moz-translations-id=\"0\">aceleracionismo <\/a>de izquierdas tiene riesgos y l\u00edmites a la hora de poner su confianza en el desarrollo tecnol\u00f3gico para asegurar avances y transformaciones sociales; por otro lado, esta corriente te\u00f3rico-pol\u00edtica tiene el \u00abm\u00e9rito\u00bb de \u00absacudir\u00bb a la izquierda tradicional <a href=\"https:\/\/www.ihu.unisinos.br\/categorias\/159-entrevistas\/638231-a-esquerda-se-tornou-uma-especie-de-gestora-de-crises-do-capitalismo-entrevista-especial-com-vladimir-safatle\" target=\"_blank\" rel=\"noopener noreferrer\" data-moz-translations-id=\"1\">\u00abresignada, acomodada y adaptada<\/a>, es decir, una izquierda que ha renunciado a cualquier tipo de imaginaci\u00f3n pol\u00edtica y -en ese l\u00edmite- concibi\u00f3 la idea de que el \u00fanico rol posible es <strong>administrar <\/strong>el capitalismo\u00bb afirma <a href=\"https:\/\/www.ihu.unisinos.br\/184-conferencistas\/638862-prof-dr-rodrigo-santaella-goncalves\" target=\"_blank\" rel=\"noopener noreferrer\" data-moz-translations-id=\"3\"><strong data-moz-translations-id=\"4\">Rodrigo Santaella<\/strong><\/a> en la presentaci\u00f3n de las principales ideas que marcan el pensamiento conocido como \u00abaceleracionismo de izquierda\u00bb.<\/p>\n<p>En la videoconferencia titulada <em><strong data-moz-translations-id=\"0\">El problema del aceleracionismo de izquierda<\/strong><\/em>, promovido por el <strong data-moz-translations-id=\"1\">Instituto Unisinos Humanitas, <\/strong>el investigador comenta sobre los desaf\u00edos de la izquierda en el campo de la imaginaci\u00f3n pol\u00edtica. Una de las palabras m\u00e1s fuertes en el campo izquierdo es\u00a0 <a href=\"https:\/\/www.ihu.unisinos.br\/noticias\/551000-a-esquerda-ficou-refem-do-seu-proprio-pensamento\" target=\"_blank\" rel=\"noopener noreferrer\" data-moz-translations-id=\"2\">\u00abresistencia\u00bb<\/a> y dif\u00edcilmente se puede pasar de la resistencia a alg\u00fan otro tipo de producci\u00f3n y alternativa de novedad. Para enfrentar las actual <strong data-moz-translations-id=\"3\">amenaza fascista<\/strong>, no basta con defender las instituciones y las formas de vida liberales. Para enfrentar al fascismo, hay que ofrecer un proyecto alternativo diferenciado al actual modelo capitalista en el que vivimos, imaginar un futuro diferente y ofrecer esta imaginaci\u00f3n como proyecto. Es decir, volver a enfocarnos sobre alternativas de <a href=\"https:\/\/www.ihu.unisinos.br\/categorias\/185-noticias-2016\/550542-a-esquerda-do-futuro-uma-sociologia-das-emergencias-\" target=\"_blank\" rel=\"noopener noreferrer\" data-moz-translations-id=\"4\">futuro<\/a> posibles y llevar esto al debate p\u00fablico y pol\u00edtico, subraya el entrevistado.<\/p>\n<p>Seg\u00fan Santella, por un lado, la <strong data-moz-translations-id=\"0\">izquierda tradicional<\/strong> sufre de la falta de comprensi\u00f3n sobre el desarrollo capitalista tecnol\u00f3gico y, por otro, los <strong data-moz-translations-id=\"1\">aceleracionistas<\/strong> son rehenes del determinismo tecnol\u00f3gico. \u00abEl determinismo tecnol\u00f3gico, que es el s\u00edntoma de una concepci\u00f3n err\u00f3nea de la tecnolog\u00eda, es el principal problema del aceleracionismo de izquierda y cualquier aceleracionismo en general\u00bb. Lo que parece faltar es una reflexi\u00f3n m\u00e1s cuidadosa y profunda sobre la <strong data-moz-translations-id=\"3\">relaci\u00f3n entre la tecnolog\u00eda y la sociedad<\/strong>. El elemento b\u00e1sico de esta discusi\u00f3n, la cual por cierto no aporta nada nuevo, es que <a href=\"https:\/\/ihu.unisinos.br\/categorias\/607032-a-tecnologia-digital-nos-torna-melhores-no-momento-parece-que-nao\" target=\"_blank\" rel=\"noopener noreferrer\" data-moz-translations-id=\"4\">las tecnolog\u00edas no son neutras o neutrales<\/a>. La evidencia de esto es que \u00abel desarrollo tecnol\u00f3gico que hemos tenido hasta ahora ha sido guiado por y hacia el capitalismo.\u00bb<\/p>\n<p>A continuaci\u00f3n, publicamos la conferencia de <strong data-moz-translations-id=\"0\">Rodrigo Santaella<\/strong> en el formato de la entrevista\u2026<img loading=\"lazy\" decoding=\"async\" class=\"size-medium wp-image-31810 aligncenter\" src=\"https:\/\/i0.wp.com\/ecuadortoday.media\/wp-content\/uploads\/2024\/06\/11-06_rodrigo_santaella_foto_jangadaonlilne.jpg?resize=300%2C227&amp;ssl=1\" sizes=\"(max-width: 300px) 100vw, 300px\" srcset=\"https:\/\/i0.wp.com\/ecuadortoday.media\/wp-content\/uploads\/2024\/06\/11-06_rodrigo_santaella_foto_jangadaonlilne.jpg?resize=300%2C227&amp;ssl=1 300w, https:\/\/i0.wp.com\/ecuadortoday.media\/wp-content\/uploads\/2024\/06\/11-06_rodrigo_santaella_foto_jangadaonlilne.jpg?resize=768%2C580&amp;ssl=1 768w, https:\/\/i0.wp.com\/ecuadortoday.media\/wp-content\/uploads\/2024\/06\/11-06_rodrigo_santaella_foto_jangadaonlilne.jpg?resize=80%2C60&amp;ssl=1 80w, https:\/\/i0.wp.com\/ecuadortoday.media\/wp-content\/uploads\/2024\/06\/11-06_rodrigo_santaella_foto_jangadaonlilne.jpg?w=800&amp;ssl=1 800w\" alt=\"\" width=\"300\" height=\"227\" data-recalc-dims=\"1\" \/><\/p>\n<p><strong data-moz-translations-id=\"0\">Rodrigo Santaella<\/strong> es doctor en Ciencias Pol\u00edticas por la Universidad de Sao Paulo (USP), magister en Ciencias Pol\u00edticas por la Universidad Estatal de Campinas (Unicamp) y licenciado en Ciencias Sociales por la Universidad Federal de Cear\u00e1 (Universidad Federal de Cear\u00e1). Entre 2007 y 2008 realiz\u00f3 estudios durante un a\u00f1o en la Universidad Nacional de La Plata, Argentina, centr\u00e1ndose principalmente en la historia social y pol\u00edtica de Am\u00e9rica Latina. Actualmente realiza investigaciones postdoctorales en la Universidad LUT en Lappeenranta, Finlandia, con proyectos relacionados con la planificaci\u00f3n econ\u00f3mica, la tecnolog\u00eda y la transici\u00f3n digital verde. Es miembro permanente del Programa de Posgrado en Pol\u00edticas P\u00fablicas de la Universidad Estatal de Cear\u00e1.<\/p>\n<p><strong>\u00bfQu\u00e9 es el aceleracionismo de izquierdas?<\/strong><\/p>\n<p>El aceleracionismo de izquierdas es una corriente de pensamiento pol\u00edtico e intervenci\u00f3n que entiende que, en lugar de frenar o resistir los avances tecnol\u00f3gicos del capitalismo, es necesario, por el contrario, acelerarlos. El aceleracionismo de izquierdas defiende la liberaci\u00f3n de las fuerzas tecnol\u00f3gicas constructivas generadas por el propio capitalismo, como si el capital les impidiera alcanzar su m\u00e1xima expresi\u00f3n y ponerlos <a href=\"https:\/\/www.ihu.unisinos.br\/categorias\/630388-a-tecnologia-deve-ser-para-a-pessoa-ou-se-corre-o-risco-de-um-totalitarismo-digital\" target=\"_blank\" rel=\"noopener noreferrer\" data-moz-translations-id=\"2\">al servicio del bienestar de la gente<\/a>. En otras palabras, es como que el capital estuviera produciendo condiciones tecnol\u00f3gicas para que todos vivan otro tipo de vida al que hoy vivimos, pero la propia din\u00e1mica del capital desarrolla las ataduras que no permite que se cumplan estas condiciones de desarrollo de una vida diferente y mejor. Los aceleracionistas de izquierda quieren acelerar al m\u00e1ximo el <strong data-moz-translations-id=\"3\">desarrollo tecnol\u00f3gico<\/strong> para que este transversalice el capitalismo desde dentro, lleg\u00e1ndose as\u00ed a otro tipo de sociedad.<\/p>\n<p><strong>\u00bfCu\u00e1les son los or\u00edgenes de este pensamiento?<\/strong><\/p>\n<p>Los or\u00edgenes filos\u00f3ficos y te\u00f3ricos del aceleracionismo est\u00e1n en el <a href=\"https:\/\/www.ihu.unisinos.br\/categorias\/188-noticias-2018\/578855-maio-de-68-e-algo-como-um-momento-simbolico-de-crise-da-civilizacao-entrevista-com-edgar-morin\" target=\"_blank\" rel=\"noopener noreferrer\" data-moz-translations-id=\"1\">mayo de 68<\/a>, en el <strong data-moz-translations-id=\"2\">postestructuralismo franc\u00e9s<\/strong> que, desde el esp\u00edritu de aquel tiempo contra la burocratizaci\u00f3n, estaba muy preocupado por la libertad, la l\u00edbido y el deseo. Es decir, en la construcci\u00f3n de un sujeto deseante, que no fuese objeto de ataduras. Aquella era una izquierda libertaria, deseante y contestataria al formato r\u00edgido de los partidos, de los sindicatos establecidos y cr\u00edtica de lo que estaba convirti\u00e9ndose la <strong data-moz-translations-id=\"3\">Uni\u00f3n Sovi\u00e9tica<\/strong>.<\/p>\n<p><a href=\"https:\/\/www.ihu.unisinos.br\/categorias\/159-entrevistas\/611402-deleuze-e-a-ideia-de-uma-comunicacao-alem-da-linguagem-chave-para-compreender-o-antropoceno-entrevista-especial-com-andre-araujo\" target=\"_blank\" rel=\"noopener noreferrer\" data-moz-translations-id=\"0\">Deleuze<\/a>, <a href=\"https:\/\/www.ihu.unisinos.br\/categorias\/613379-a-manifestacao-do-desejo-constitui-o-limite-externo-absoluto-do-capitalismo-entrevista-com-jun-fujita-hirose\" target=\"_blank\" rel=\"noopener noreferrer\" data-moz-translations-id=\"1\">Guattari<\/a> y <a href=\"https:\/\/ihu.unisinos.br\/638364-as-ideias-que-nao-tocam-os-corpos-deixam-o-mundo-igual-entrevista-com-amador-fernandez-savater\" target=\"_blank\" rel=\"noopener noreferrer\" data-moz-translations-id=\"2\">Lyotard<\/a> argumentaban en 1974 que el problema con el capitalismo no es que desterritorialice. Por el contrario, es que no lo hace lo suficiente. Es necesario desterritorializar a\u00fan m\u00e1s, es decir, transversalizar al capitalismo y producir a\u00fan m\u00e1s deseo y potencia. La idea de acelerar est\u00e1 presente en el pensamiento del <strong data-moz-translations-id=\"3\">estructuralismo franc\u00e9s<\/strong> y puede considerarse la primera ola de lo que es el aceleracionismo de izquierda. En cierto modo, esto tiene que ver con una herencia marxista o m\u00e1s bien con una herej\u00eda marxista. <strong data-moz-translations-id=\"4\">Marx<\/strong> consideraba que el capitalismo produce mejores condiciones materiales que los modos de producci\u00f3n anteriormente establecidos, creando as\u00ed condiciones para su propia supervivencia y evoluci\u00f3n. Pero el capitalismo, en relaci\u00f3n con las tendencias tecnol\u00f3gicas, es m\u00e1s complejo y cambiante que esto.<\/p>\n<p>Podemos pensar en tres l\u00edneas diferentes de pensamiento de <strong data-moz-translations-id=\"0\">Marx<\/strong> relacionadas con la maquinaria y la tecnolog\u00eda. La primera y m\u00e1s importante es la idea de que las m\u00e1quinas <a href=\"https:\/\/www.ihu.unisinos.br\/623504-em-edicao-nos-e-as-maquinas-um-%20parentesco-subjuntivo\" target=\"_blank\" rel=\"noopener noreferrer\" data-moz-translations-id=\"1\">son cada vez m\u00e1s importantes<\/a> en el proceso de producci\u00f3n y, por ello, el trabajo humano est\u00e1 perdiendo importancia. Esto causa una crisis respecto al viejo concepto de que tan solo el <strong data-moz-translations-id=\"2\">trabajo humano<\/strong> produce valor. Entonces la maquinaria contribuye tambi\u00e9n a la crisis del valor y a la acentuaci\u00f3n de las <a href=\"https:\/\/www.ihu.unisinos.br\/noticias\/534771-david-harvey-sobre-as-contradicoes-do-capitalismo\" target=\"_blank\" rel=\"noopener noreferrer\" data-moz-translations-id=\"3\">contradicciones del capitalismo<\/a>.<\/p>\n<p>Las otras dos l\u00edneas, aunque menores, tambi\u00e9n son importantes pues parten del supuesto de que <a href=\"https:\/\/ihu.unisinos.br\/categorias\/586988-maquinas-sapiens-os-desenvolvimentos-da-inteligencia-artificial\" target=\"_blank\" rel=\"noopener noreferrer\" data-moz-translations-id=\"0\">las m\u00e1quinas pueden transformarse<\/a>, convirti\u00e9ndose en aut\u00f3nomas de los trabajadores. Por un lado, est\u00e1 la idea de que el capital se desarrolla o evoluciona tanto y de tal manera que empieza a funcionar casi autom\u00e1ticamente mientras los trabajadores se van convirtiendo en algo cada vez m\u00e1s superfluo. Esta situaci\u00f3n parece una victoria del capital en su relaci\u00f3n con el trabajo, pero al mismo tiempo dicha victoria es pobre y circunstancial, porque cuando el capital se deshace del trabajo ya no puede producir valor. La automatizaci\u00f3n subvertir\u00eda el capital, aboliendo el trabajo y el valor, y esto terminar\u00eda por generar una crisis terminal del capitalismo. Los aceleracionistas utilizan esta vertiente conceptual de <strong data-moz-translations-id=\"2\">Marx<\/strong>.<\/p>\n<p>Por otro lado, Marx tiene una reflexi\u00f3n respecto a que <strong data-moz-translations-id=\"0\">las m\u00e1quinas tambi\u00e9n podr\u00edan convertirse en aut\u00f3nomas de los trabajadores<\/strong>, pero esto generar\u00eda una dominaci\u00f3n total de las m\u00e1quinas sobre los trabajadores y un proceso en el cual las m\u00e1quinas y el capital, de una manera casi dist\u00f3pica, se emancipar\u00edan de su <em data-moz-translations-id=\"1\">condici\u00f3n o status<\/em> de trabajo. As\u00ed las cosas, no ser\u00eda el trabajo lo que se emancipa del capital, sino el capital que parece tender a emanciparse de la mano de obra. Estamos ante una vertiente m\u00e1s pesimista de esta derivaci\u00f3n del pensamiento marxista.<\/p>\n<p><strong data-moz-translations-id=\"0\">\u00bfQu\u00e9 es y c\u00f3mo surge el aceleracionismo de derechas?<\/strong><\/p>\n<p>Despu\u00e9s de la primera ola post-68, la segunda ola de aceleracionismo surgi\u00f3 en la Unidad de Investigaci\u00f3n de la Cultura Cibern\u00e9tica de la Universidad de Warwick, en el <strong data-moz-translations-id=\"1\">Reino Unido<\/strong>. Este grupo estaba dirigido por <a href=\"https:\/\/www.ihu.unisinos.br\/categorias\/596532-aceleracionismo-por-um-controle-proletario-das-tecnologias-de-producao\" target=\"_blank\" rel=\"noopener noreferrer\" data-moz-translations-id=\"2\"><strong data-moz-translations-id=\"3\">Nick Land<\/strong><\/a> y <strong data-moz-translations-id=\"4\">Sadie Plant<\/strong>. Para <strong data-moz-translations-id=\"5\">Land<\/strong>, el capitalismo es una gigantesca m\u00e1quina de flujos de producci\u00f3n de vida, constancia y procesos que fluye de una manera que no controlamos. En este sentido, los seres humanos no son m\u00e1s importantes que las m\u00e1quinas y no controlan nada en este proceso. Seg\u00fan \u00e9l, para que la m\u00e1quina pueda seguir su curso, es necesario liberarla de los lazos de los seres humanos y, por tanto, liberar al capital. Acelerar, para Land, es \u00abdejar fluir la cosa\u00bb, sin estar demasiado interesado en el elemento humano. No nos corresponde intentar construir una alternativa porque formamos parte de un engranaje mucho m\u00e1s grande que nos mueve. A su juicio, es necesario vivir este caos y aprovechar este viaje hacia lo desconocido, la distop\u00eda, hacia el caos. Land es el fundador y representante de lo que convencionalmente se llam\u00f3 <strong data-moz-translations-id=\"6\">aceleracionismo de derecha<\/strong>. Es la inspiraci\u00f3n de algunos de los multimillonarios que invierten en <a href=\"https:\/\/www.ihu.unisinos.br\/categorias\/186-noticias-2017\/574422-neurotecnologias-o-alerta-etico-dos-cientistas\" target=\"_blank\" rel=\"noopener noreferrer\" data-moz-translations-id=\"7\">neurotecnolog\u00eda<\/a>, <em data-moz-translations-id=\"8\">startup<\/em> e Inteligencia Artificial, como <a href=\"https:\/\/www.ihu.unisinos.br\/637594-a-complexa-relacao-entre-elon-musk-e-a-ultradireita-alema\" target=\"_blank\" rel=\"noopener noreferrer\" data-moz-translations-id=\"9\"><strong data-moz-translations-id=\"10\">Elon<\/strong> <strong data-moz-translations-id=\"11\">Musk<\/strong><\/a>.<\/p>\n<p>Dentro de la <strong data-moz-translations-id=\"0\">Unidad de Investigaci\u00f3n en Cultura Cibern\u00e9tica<\/strong> hubo otra vertiente de aceleracionismo a partir de <a href=\"https:\/\/www.ihu.unisinos.br\/categorias\/638208-as-ultimas-palavras-de-mark-fisher-entrevista-com-matt-colquhoun\" target=\"_blank\" rel=\"noopener noreferrer\" data-moz-translations-id=\"1\"><strong data-moz-translations-id=\"2\">Mark Fisher<\/strong><\/a>, un disc\u00edpulo de <strong data-moz-translations-id=\"3\">Land<\/strong>, que se apart\u00f3 pol\u00edticamente del maestro y pens\u00f3 en otro tipo de aceleracionismo, seg\u00fan el cual es necesario liberar los flujos proporcionados por el capital de los l\u00edmites del capital, definiendo un aceleracionismo prometeico de izquierda que se estar\u00eda encaminado hacia la construcci\u00f3n de otro tipo de sociedad. La idea es que <strong data-moz-translations-id=\"4\">el capitalismo neoliberal<\/strong> bloquea las posibilidades de desarrollo humano proporcionada por el propio capital y, por lo tanto, tenemos que empujarlo hacia adelante en la medida que sea posible.<\/p>\n<p><strong data-moz-translations-id=\"7\">\u00bfCu\u00e1l es el problema que el aceleracionismo propone resolver en el campo izquierdo?<\/strong><\/p>\n<p>Desde un punto de vista pol\u00edtico, este problema tiene tres dimensiones. La primera, desde el punto de vista de los aceleradores, es que la <strong data-moz-translations-id=\"1\">izquierda tradicional<\/strong> no entiende los <strong data-moz-translations-id=\"2\">cambios contempor\u00e1neos del capitalismo<\/strong>, especialmente los cambios relacionados con la tecnolog\u00eda. Pero hay otros dos problemas profundos: la izquierda ya no tiene un proyecto futuro y no puede salir de las alternativas locales y muy puntuales. Los aceleracionistas est\u00e1n tratando de dialogar con estos problemas pol\u00edticos, por lo tanto, con una izquierda que se resigna, se acomoda, se adviene, es decir, una izquierda que ha renunciado a cualquier tipo de <strong data-moz-translations-id=\"3\">imaginaci\u00f3n pol\u00edtica<\/strong> y, en este l\u00edmite, concibi\u00f3 la idea de que el \u00fanico rol posible que puede desempe\u00f1ar es <a href=\"https:\/\/www.ihu.unisinos.br\/categorias\/618213-o-capitalismo-de-colapso\" target=\"_blank\" rel=\"noopener noreferrer\" data-moz-translations-id=\"4\">administrar o gestionar el capitalismo<\/a>.<\/p>\n<p>Hist\u00f3ricamente, la izquierda siempre ha estado orientada al futuro, a <a href=\"https:\/\/www.ihu.unisinos.br\/categorias\/628399-a-crise-da-imaginacao-e-determinada-pela-crise-do-proprio-capital-entrevista-com-ekaitz-cancela\" target=\"_blank\" rel=\"noopener noreferrer\" data-moz-translations-id=\"0\">imaginar otros modelos de la sociedad<\/a>, pensando en otros futuros posibles; mientras que la derecha siempre ha sido reaccionaria, tradicionalista y resistente al cambio. La derecha se agarraba al pasado y la izquierda apuntaba al futuro. Con el <strong data-moz-translations-id=\"1\">avance<\/strong> <strong data-moz-translations-id=\"2\">del neoliberalismo<\/strong> esto se ha invertido curiosamente: la izquierda parece aferrarse mucho m\u00e1s a las tradiciones y al pasado, mientras que la <a href=\"https:\/\/www.ihu.unisinos.br\/categorias\/637788-a-extrema-direita-pegou-o-elemento-da-rebeldia-da-esquerda-entrevista-com-miguel-urban\" target=\"_blank\" rel=\"noopener noreferrer\" data-moz-translations-id=\"3\">derecha propone futuros<\/a>, aunque dist\u00f3picos y ca\u00f3ticos, propone alternativas y tiene una capacidad de imaginaci\u00f3n pol\u00edtica a veces superior al de las izquierdas. Los aceleracionistas dicen que la izquierda est\u00e1 combatiendo desde <strong data-moz-translations-id=\"4\">las pol\u00edticas locales<\/strong>, es decir, haciendo pol\u00edtica como reacci\u00f3n al autoritarismo centralista estalinista y a los partidos tradicionales, priorizando lo local, lo inmediato y lo voluntarista. El problema est\u00e1 en que la izquierda no tiene una estrategia para conquistar el poder y presentar una <strong data-moz-translations-id=\"5\">propuesta alternativa<\/strong>.<\/p>\n<p><strong>Resistencia<\/strong><\/p>\n<p>El principal m\u00e9rito del <strong data-moz-translations-id=\"0\">aceleracionismo de izquierdas<\/strong> es sacudir las perspectivas de una izquierda que se adecu\u00f3 al orden establecido y a los localismos, de una izquierda que se acostumbr\u00f3 a resistir. Una de las palabras m\u00e1s fuertes en el campo de la izquierda es la palabra \u00abresistencia\u00bb y dif\u00edcilmente podemos pasar de la resistencia a alg\u00fan otro tipo de producci\u00f3n alternativa y novedosa. La provocaci\u00f3n del aceleracionismo de izquierdas es muy importante porque critica a una izquierda que se ha acostumbrado a defender las instituciones capitalistas neoliberales contra el avance fascista. Para hacer frente a las amenazas fascistas no basta con defender las instituciones y las formas de vida liberales. Para enfrentar <a href=\"https:\/\/www.ihu.unisinos.br\/categorias\/618642-o-fascismo-na-nossa-cara\" target=\"_blank\" rel=\"noopener noreferrer\" data-moz-translations-id=\"1\">al fascismo<\/a>, hay que ofrecer un <strong data-moz-translations-id=\"2\">proyecto alternativo diferente<\/strong>, imaginar un futuro diferente y ofrecer esa imaginaci\u00f3n como proyecto en s\u00ed mismo. Es decir, volver a orientarse hacia el futuro y llevar esto -de forma firme- al debate pol\u00edtico y p\u00fablico. El aceleracionismo intenta hacer esto con la izquierda y ese es su principal m\u00e9rito. Los aceleracionistas proponen que tengamos la osad\u00eda de so\u00f1ar futuros diferentes, que nuevamente hablemos de\u00a0 <strong data-moz-translations-id=\"4\">sociedades alternativas<\/strong>, del <strong data-moz-translations-id=\"5\">fin del capitalismo<\/strong>, y esto sacude la pol\u00edtica de forma interesante porque no est\u00e1n repitiendo las cosas de hace 80 o 100 a\u00f1os atr\u00e1s, ni se limitan a las soluciones locales y\/o la administraci\u00f3n-gest\u00f3n del capitalismo.<\/p>\n<p><strong>\u00bfQu\u00e9 soluciones proponen?<\/strong><\/p>\n<p>La literatura del aceleracionismo de izquierdas es bastante amplia y mencionar\u00e9 algunos aspectos que sintetizan algunas ideas. Uno de ellos es <a href=\"https:\/\/www.ihu.unisinos.br\/categorias\/603222-o-trabalho-e-produto-do-humano-e-nao-o-humano-e-produto-do-trabalho\" target=\"_blank\" rel=\"noopener noreferrer\" data-moz-translations-id=\"1\">el post-trabajo<\/a>, es decir, <strong data-moz-translations-id=\"2\">la automatizaci\u00f3n<\/strong> tiende a eliminar el trabajo humano. Los aceleracionistas parten de esta suposici\u00f3n o hip\u00f3tesis. Esto crea, para la izquierda, una confusi\u00f3n y tendencia a resistir dicha posibilidad en aras a mantener los puestos de trabajo. Un ejemplo es la m\u00e1quina que sustituye al cobrador de los buses. La izquierda defiende el trabajo del cobrador de buses. La tendencia de la izquierda es resistir y defender el <strong data-moz-translations-id=\"3\">paradigma del empleo<\/strong>, que es lo que garantiza la supervivencia de las personas. Pero la idea del<strong data-moz-translations-id=\"4\"> post-trabajo<\/strong> de los aceleracionistas pasa por revertir esta visi\u00f3n, es decir, en lugar de resistirse a la automatizaci\u00f3n, hay que impulsarla, con el fin de que dicha automatizaci\u00f3n reemplace y nos libere del trabajo en su conjunto. Es decir, hablamos del fin del trabajo.<\/p>\n<p><iframe loading=\"lazy\" src=\"https:\/\/www.youtube.com\/embed\/KJOgEAGp6MA?si=eBGy9Rg89cF6eGU8\" width=\"100%\" height=\"450\" allowfullscreen=\"allowfullscreen\" data-mce-fragment=\"1\"><\/iframe><\/p>\n<p>En este paradigma surge la pregunta: \u00bfc\u00f3mo se sostiene la gente sin trabajo? Con <a href=\"https:\/\/www.ihu.unisinos.br\/categorias\/609211-renda-basica-universal-notas-para-discussao\" target=\"_blank\" rel=\"noopener noreferrer\" data-moz-translations-id=\"0\">la renta b\u00e1sica universal para todos<\/a>. En el libro <em><strong>Inventing the future: postcapitalism and a world without work<\/strong><\/em>, <a href=\"https:\/\/www.ihu.unisinos.br\/categorias\/593935-os-principais-tipos-de-plataforma-foram-reduzidos-para-tres-2019\" target=\"_blank\" rel=\"noopener noreferrer\" data-moz-translations-id=\"3\"><strong data-moz-translations-id=\"4\">Nick Srnicek<\/strong><\/a> y <strong data-moz-translations-id=\"5\"><a href=\"https:\/\/www.ihu.unisinos.br\/categorias\/598744-o-coronavirus-pode-nos-levar-ao-autoritarismo-entrevista-com-alex-williams\" target=\"_blank\" rel=\"noopener noreferrer\" data-moz-translations-id=\"6\">Alex Williams<\/a><\/strong> presentan una propuesta sistematizada al respecto. Las directrices inmediatas para construir estas transformaciones sociales tienen que ver con la reducci\u00f3n paulatina de la jornada laboral, la renta b\u00e1sica universal y el trabajo enfocado a un cambio cultural.<\/p>\n<p><strong>Escasez vs Abundancia<\/strong><\/p>\n<p>Otro libro importante en esta corriente es<em><strong data-moz-translations-id=\"0\"> Comunismo de lujo totalmente automatizado<\/strong><\/em>, de <a href=\"https:\/\/www.ihu.unisinos.br\/categorias\/615328-em-busca-de-um-comunismo-luxuoso\" target=\"_blank\" rel=\"noopener noreferrer\" data-moz-translations-id=\"1\"><strong data-moz-translations-id=\"2\">Aaron Bastani<\/strong><\/a>. A partir de un diagn\u00f3stico de c\u00f3mo las tecnolog\u00edas desarrolladas en el capitalismo crean condiciones materiales para una <strong data-moz-translations-id=\"3\">sociedad sin trabajo<\/strong>, sin clase y <a href=\"https:\/\/ihu.unisinos.br\/513716\" target=\"_blank\" rel=\"noopener noreferrer\" data-moz-translations-id=\"4\">con abundancia<\/a>, este autor propone una organizaci\u00f3n social absolutamente diferente. Seg\u00fan \u00e9l, la diferencia entre nuestro momento presente respecto a las <strong data-moz-translations-id=\"6\">revoluciones<\/strong> <strong data-moz-translations-id=\"5\">comunistas<\/strong> <strong data-moz-translations-id=\"6\">y socialistas del<\/strong> <strong>siglo XX<\/strong> es que ahora existen las condiciones materiales para el cambio, mientras que antes, no exist\u00edan. Seg\u00fan Bastani, la tecnolog\u00eda -por ejemplo- ya provee condiciones para la abundancia de energ\u00eda, porque en s\u00f3lo 90 minutos la Tierra es calentada por el Sol con energ\u00eda igual a lo que la humanidad consume en todo un a\u00f1o.<\/p>\n<p>Con esto, est\u00e1 diciendo que el Sol ya provee la energ\u00eda necesaria para que la humanidad se sostenga con tranquilidad. S\u00f3lo tienes que acelerar la tecnolog\u00eda para desarrollar el uso de la energ\u00eda solar y esto resolver\u00e1 el problema energ\u00e9tico de la humanidad. Tambi\u00e9n habla de <a href=\"https:\/\/www.ihu.unisinos.br\/categorias\/628101-carne-sintetica-as-razoes-do-sim-entrevista-com-giulio-marchesini\" target=\"_blank\" rel=\"noopener noreferrer\" data-moz-translations-id=\"0\">la producci\u00f3n de carne sint\u00e9tica<\/a>, sin maltrato a los animales, sobre la extracci\u00f3n en asteroides para producir materia prima o sobre la <strong data-moz-translations-id=\"1\">biotecnolog\u00eda<\/strong> para resolver problemas de salud. Como todas estas tecnolog\u00edas se basan en la informaci\u00f3n y la automatizaci\u00f3n, la l\u00f3gica es que en el transcurso del tiempo el costo de estas tienda a cero. Con base a esto, se producir\u00edan en abundancia, porque la \u00fanica l\u00f3gica que produce escasez es la del capitalismo. En el momento en que la abundancia sea evidente, el capitalismo ser\u00e1 superado.<\/p>\n<p><strong>Planificaci\u00f3n econ\u00f3mica<\/strong><\/p>\n<p>Otra tendencia interesante es la discusi\u00f3n sobre la <a href=\"https:\/\/www.ihu.unisinos.br\/categorias\/159-entrevistas\/593487-o-socialismo-de-mercado-chines-e-resultado-da-fusao-entre-a-economia-monetaria-o-keynesianismo-e-a-planificacao-sovietica-entrevista-especial-com-elias-jabbour\" target=\"_blank\" rel=\"noopener noreferrer\" data-moz-translations-id=\"0\">planificaci\u00f3n econ\u00f3mica<\/a> y democr\u00e1tica, que ha sido cl\u00e1sica en el campo de la izquierda y el socialismo desde las revoluciones del siglo XX. La idea es m\u00e1s o menos la siguiente: en el capitalismo, lo que coordina las relaciones sociales, la producci\u00f3n y distribuci\u00f3n de bienes es el mercado porque, seg\u00fan <a href=\"https:\/\/www.ihu.unisinos.br\/categorias\/186-noticias-2017\/570979-neoliberalismo-a-grande-ideia-que-engoliu-o-mundo\" target=\"_blank\" rel=\"noopener noreferrer\" data-moz-translations-id=\"1\"><strong data-moz-translations-id=\"2\">Hayek<\/strong><\/a>, uno de los padres te\u00f3ricos del neoliberalismo, el mercado es la forma m\u00e1s efectiva de producir informaci\u00f3n sobre lo que la gente quiere y, por lo tanto, de generar informaci\u00f3n sobre lo que se debe producir. Seg\u00fan esta visi\u00f3n, el capitalismo es la forma m\u00e1s eficaz porque produce informaci\u00f3n espont\u00e1nea y descentralizada, por lo tanto, democr\u00e1tica. Cualquier alternativa que centralice la producci\u00f3n, prediciendo o presuponiendo lo que la gente demandar\u00e1 es menos democr\u00e1tica y menos eficiente debido a la falta de informaci\u00f3n concreta sobre lo que la gente realmente quiere y necesita.<\/p>\n<p>Este debate fue importante en las d\u00e9cadas de 1920 y 1930; es el debate del llamado <strong data-moz-translations-id=\"0\">c\u00e1lculo socialista:<\/strong> \u00bfEs posible planificar la producci\u00f3n de mercanc\u00edas? \u00bfEs posible predecir y entender la demanda de la gente y planificarla a partir de esto? \u00bfEs posible dirigir la demanda de arriba abajo, mediante -por ejemplo- un plan estatal? Los socialistas dicen que esto es posible y tienen diferentes formas de argumentarlo. Los liberales capitalistas afirman que no es posible, ya sea porque es l\u00f3gicamente imposible, como afirmaba Milton Friedman, o porque no hay tecnolog\u00eda posible en el presente para hacerlo, como argumentar\u00eda Hayek en su momento.<\/p>\n<p>Desde la d\u00e9cada de 1920 hasta hoy, hemos vivido un cambio brutal en la capacidad de procesamiento y almacenamiento de datos. La idea del <em data-moz-translations-id=\"0\"><a href=\"https:\/\/ihu.unisinos.br\/categorias\/593456-o-big-data-apresenta-uma-multimetodologia-entrevista-com-walter-sosa-escudero\" target=\"_blank\" rel=\"noopener noreferrer\" data-moz-translations-id=\"1\">big data<\/a><\/em>, de la plataformizaci\u00f3n articulando todo, de los algoritmos procesando informaci\u00f3n a partir de una cantidad creciente de datos generando lo que se conoce como <a href=\"https:\/\/www.ihu.unisinos.br\/categorias\/627427-o-segredo-sujo-da-inteligencia-artificial\" target=\"_blank\" rel=\"noopener noreferrer\" data-moz-translations-id=\"2\">Inteligencia Artificial IA<\/a>, cambia el escenario tecnol\u00f3gico por completo.<\/p>\n<p>En <em><strong>The people\u2019s Republic of Walmart: How the world\u2019s biggest corporations are laying the foundation for socialism<\/strong><\/em>, los aceleracionistas <a href=\"https:\/\/www.ihu.unisinos.br\/categorias\/616423-breves-do-facebook-23-02-2022\" target=\"_blank\" rel=\"noopener noreferrer\" data-moz-translations-id=\"2\"><strong data-moz-translations-id=\"3\">Leigh<\/strong> <strong data-moz-translations-id=\"4\">Phillips<\/strong> y <strong data-moz-translations-id=\"5\">Michal<\/strong> <strong data-moz-translations-id=\"6\">Rozworski<\/strong><\/a> defienden la tesis de que si <strong data-moz-translations-id=\"7\">Walmart<\/strong> y <strong data-moz-translations-id=\"8\">Amazon<\/strong>, que son dos <a href=\"https:\/\/www.ihu.unisinos.br\/categorias\/159-entrevistas\/602118-as-big-techs-conseguiram-um-feito-inacreditavel-sao-empresas-monopolistas-em-escala-global-entrevista-especial-com-eugenio-bucci\" target=\"_blank\" rel=\"noopener noreferrer\" data-moz-translations-id=\"9\">corporaciones capitalistas gigantes<\/a>, fueran pa\u00edses, tuvieran un PIB mayor que muchos pa\u00edses, teniendo todo su proceso productivo planificado internamente mediante el uso de tecnolog\u00edas. Incluso tienen un proceso de predicci\u00f3n de las demandas de sus consumidores. El \u00e9xito del proceso de planificaci\u00f3n en el capitalismo demuestra que t\u00e9cnicamente es posible. Por lo tanto, podemos trasplantarlo al modelo estatal sin buscar beneficios o plusval\u00eda, con procedimientos y forma democr\u00e1tica, para -utilizando la misma t\u00e9cnica- producir un resultado similar de la planificaci\u00f3n econ\u00f3mica en las sociedades como un todo. Esta es una tesis fuerte e interesante, que ha generado mucho debate dentro y fuera del <strong data-moz-translations-id=\"10\">aceleracionismo<\/strong>.<\/p>\n<p>La discusi\u00f3n sobre la planificaci\u00f3n se mantiene muy vigente al d\u00eda de hoy y algunos autores proponen sistemas de planificaci\u00f3n en varias tendencias, pero con esta base com\u00fan: la tecnolog\u00eda contempor\u00e1nea proporciona otro nivel para este debate y es posible pensar en otras formas de coordinaci\u00f3n de las relaciones sociales, coordinaci\u00f3n de la producci\u00f3n y coordinaci\u00f3n de la distribuci\u00f3n, todas ellas distintas a las del mercado. Estas propuestas tratan de resolver ese problema planteado desde el aceleracionismo de izquierdas en relaci\u00f3n a esa izquierda tradicional carente de proyecto de futuro, que no tiene imaginaci\u00f3n pol\u00edtica y que se ha acomodado al modelo capitalista.<\/p>\n<p><strong data-moz-translations-id=\"0\">\u00bfCu\u00e1les son los l\u00edmites del aceleracionismo de izquierdas y qu\u00e9 riesgos conlleva este tipo de corriente de pensamiento?<\/strong><\/p>\n<p>Mencionar\u00e9 dos aspectos. El primer problema del aceleracionismo de izquierda podr\u00eda resumirse con la palabra <strong data-moz-translations-id=\"1\">\u201ceurocentrismo\u201d<\/strong>, aunque implica m\u00e1s cosas. Es necesario analizar el capitalismo desde su vanguardia, es decir, donde est\u00e1n las fronteras de su desarrollo y la tecnolog\u00eda punta. Para entender el capitalismo, uno debe mirar sus tendencias, pero no puede hacerse esto sin entender y tener en cuenta todas las contra-tendencias existentes. El capitalismo y sus tendencias son pensados, por los aceleracionistas, desde su centro o eje focal, y algunas de las conclusiones o presupuestos que esos autores comparten deviene a partir de esta especificidad. Hay dos problemas en esto. Por un lado, la falta de reconocimiento de las <strong data-moz-translations-id=\"2\">diferentes din\u00e1micas geogr\u00e1ficas del capital<\/strong>. El capital, en la b\u00fasqueda de eternizar sus procesos de <a href=\"https:\/\/www.ihu.unisinos.br\/categorias\/621595-o-capitalismo-ameaca-a-nossa-reproducao-envenenando-o-solo-as-aguas-entrevista-com-silvia-federici\" target=\"_blank\" rel=\"noopener noreferrer\" data-moz-translations-id=\"3\">acumulaci\u00f3n primitiva<\/a>, puede destruir deliberadamente todo aquello que construy\u00f3 en su momento para empezar de cero. Lo puede hacer de m\u00faltiples formas, por ejemplo, a trav\u00e9s de sus guerras; pero tambi\u00e9n puede encontrar nuevos lugares en los que desarrollarse, a\u00fan inexplorados, como <strong data-moz-translations-id=\"4\">nuevas fronteras agr\u00edcolas <\/strong>generando mayores ataques a la naturaleza y mayor explotaci\u00f3n del trabajo humano.<\/p>\n<p>Una parte importante de lo que hay detr\u00e1s de las tecnolog\u00edas implica <strong data-moz-translations-id=\"0\">la precarizaci\u00f3n del trabajo humano<\/strong>, concentrada esta en el <strong data-moz-translations-id=\"1\">Sur global<\/strong>. Piense, por ejemplo, <a href=\"https:\/\/www.ihu.unisinos.br\/categorias\/159-entrevistas\/616432-fazendas-de-cliques-reproduzem-e-radicalizam-uma-nova-informalidade-no-brasil-entrevista-especial-com-rafael-grohmann\" target=\"_blank\" rel=\"noopener noreferrer\" data-moz-translations-id=\"2\">en las granjas de clics<\/a>, la miner\u00eda manual de datos o en la regulaci\u00f3n de contenidos. Adem\u00e1s, la tendencia a la automatizaci\u00f3n total es cuestionada por varios autores, para quienes dicha automatizaci\u00f3n total no se confirmar\u00e1 a medio y largo plazo debido a las contra-tendencias peri\u00f3dicas existentes en el propio capitalismo. Mientras exista un ej\u00e9rcito de reserva industrial y mientras sea m\u00e1s barato explotar dicha mano de obra humana que tecnologizar, no habr\u00e1 automatizaci\u00f3n completa en muchos sectores del capital. No considerar estas contra-tendencias supone no saber interpretar la foto de lo que actualmente est\u00e1 sucediendo.<\/p>\n<p><strong>Oda a la modernidad<\/strong><\/p>\n<p>El segundo problema del <strong data-moz-translations-id=\"0\">eurocentrismo<\/strong> tiene que ver con la idea de un <strong data-moz-translations-id=\"1\">proyecto iluminista de oda a la modernidad,\u00a0<\/strong>el cual no considera un elemento importante del iluminismo y la modernidad su car\u00e1cter colonial. Esta discusi\u00f3n no es esencialista en el sentido de que los autores son europeos y, por lo tanto, no merecen nuestro cr\u00e9dito desde el Sur. No, no se trata de eso. El punto es que los supuestos euroc\u00e9ntricos generan problemas te\u00f3ricos y pol\u00edticos. Por ejemplo: dentro de la clave iluminista de oda a las tecnolog\u00edas, existe tambi\u00e9n una oda a la <a href=\"https:\/\/www.ihu.unisinos.br\/publicacoes\/78-noticias\/613968-revolucao-verde-vs-financas-entrevista-com-gael-giraud\" target=\"_blank\" rel=\"noopener noreferrer\" data-moz-translations-id=\"2\">revoluci\u00f3n verde<\/a>, destacando su papel en la creaci\u00f3n de condiciones materiales para alimentar al mundo entero y utilizando esto como ejemplo de c\u00f3mo la tecnolog\u00eda puede resolver todos los problemas que enfrentamos, llegando incluso a exaltar el <a href=\"https:\/\/www.ihu.unisinos.br\/78-noticias\/580833-nos-agrotoxicos-quem-pede-e-precisa-de-cautela\" target=\"_blank\" rel=\"noopener noreferrer\" data-moz-translations-id=\"3\">uso de pesticidas y fertilizantes sint\u00e9ticos<\/a> como parte importante de este proceso.<\/p>\n<p>La <strong data-moz-translations-id=\"0\">revoluci\u00f3n verde<\/strong>, sabemos muy bien de esto, es precisamente el ejemplo m\u00e1s claro de un tipo de desarrollo tecnol\u00f3gico pol\u00edtico-econ\u00f3mico enfocado al uso de insumos en la super-utilizaci\u00f3n de tecnolog\u00edas de la <strong data-moz-translations-id=\"1\">Segunda Guerra Mundial<\/strong>, que tiene consecuencias muy negativas y que a\u00fan no se han entendido y explicado de forma completa\u2026 Esto sucede ncluso en <strong data-moz-translations-id=\"2\">Europa<\/strong>, donde la regulaci\u00f3n sobre agrot\u00f3xicos es mucho mayor que en <strong data-moz-translations-id=\"3\">Brasil <\/strong>y resto de pa\u00edses latinoamericanos.<\/p>\n<p>Entonces, cuando uno de estos autores se propone ofrecer e imaginar un futuro diferente desde esa perspectiva, m\u00e1s bien termina haciendo una oda a la revoluci\u00f3n verde, ignorando toda discusi\u00f3n popular existente en los movimientos sociales del campo, la soberan\u00eda alimentaria, el campesinado, la agroecolog\u00eda, los riesgos y l\u00edmites de este paradigma. El eurocentrismo tiene dificultades para ver las contra-tendencias y esto lo limita notablemente. El segundo l\u00edmite -es el m\u00e1s org\u00e1nico- est\u00e1 en que, al final, los aceleracionistas tienen una <a href=\"https:\/\/www.ihuonline.unisinos.br\/artigo\/3760-celso-candido-de-azambuja-1\" target=\"_blank\" rel=\"noopener noreferrer\" data-moz-translations-id=\"0\">idea err\u00f3nea sobre<\/a> la <a href=\"https:\/\/www.ihuonline.unisinos.br\/artigo\/3760-celso-candido-de-azambuja-1\" target=\"_blank\" rel=\"noopener noreferrer\" data-moz-translations-id=\"0\">tecnolog\u00eda<\/a>, pues parten de la percepci\u00f3n de que la tecnolog\u00eda es neutra. Por mucho que afirmen que se necesita voluntad pol\u00edtica y organizaci\u00f3n, existe la presunci\u00f3n de que las tecnolog\u00edas son neutrales o pueden ser f\u00e1cilmente refuncionalizadas. Hay un <strong data-moz-translations-id=\"1\">determinismo y un fetichismo tecnol\u00f3gico en este sentido<\/strong>. La tecnofilia no puede entender los l\u00edmites para la refuncionalizaci\u00f3n o la reapropiaci\u00f3n subversiva del cuerpo t\u00e9cnico del capitalismo. Hay l\u00edmites para reutilizar estas tecnolog\u00edas para otros fines. Adem\u00e1s, <a href=\"https:\/\/www.ihu.unisinos.br\/categorias\/632105-precisamos-defender-a-ciencia-dos-negacionistas-tecnocratas-e-dos-cientificistas-comentario-de-rodrigo-petronio\" target=\"_blank\" rel=\"noopener noreferrer\" data-moz-translations-id=\"2\">la tecnofilia<\/a> tiende a caer de nuevo en la idea de dominar la naturaleza, de crear tecnolog\u00eda para dominar el entorno. El ejemplo de la revoluci\u00f3n verde es bastante esclarecedor y, en tiempos de profunda crisis socioambiental como la que vivimos, esto es un error fatal.<\/p>\n<p><strong>La Agencia<\/strong><\/p>\n<p>Finalmente, tiene un importante problema de agencia y conformaci\u00f3n de <strong data-moz-translations-id=\"0\">los agentes colectivos de transformaci\u00f3n<\/strong>. A menudo y a pesar de la desesperaci\u00f3n por parte de los aceleracionistas por hablar de esto, la agencia colectiva parece estar relegada a un segundo plano respecto a los pron\u00f3sticos y diagn\u00f3sticos sobre el propio desarrollo tecnol\u00f3gico.<\/p>\n<p>El determinismo tecnol\u00f3gico, que es un s\u00edntoma de una concepci\u00f3n err\u00f3nea de la tecnolog\u00eda, es el principal problema del aceleracionismo de izquierdas y de cualquier aceleracionismo existente. Lo que parece faltar es una reflexi\u00f3n m\u00e1s cuidadosa sobre la relaci\u00f3n entre tecnolog\u00eda y sociedad. El elemento b\u00e1sico de esta discusi\u00f3n, que no aporta novedad alguna, es justo lo contrario: las tecnolog\u00edas no son neutras o neutrales. La <strong data-moz-translations-id=\"0\">Escuela<\/strong> <strong data-moz-translations-id=\"1\">de Frankfurt<\/strong> ya hablaba de ello hace a\u00f1os atr\u00e1s. <strong data-moz-translations-id=\"2\">El constructivismo<\/strong> discute c\u00f3mo se desarrollan las tecnolog\u00edas a desde numerosas posibilidades que van cerr\u00e1ndose a partir de decisiones que tienen que ver con las relaciones sociales. Estas decisiones tienen una dimensi\u00f3n de clase muy importante, es decir, las tecnolog\u00edas soportan sobre s\u00ed mismas condicionantes muy importantes relacionados a los intereses que movilizan y orientan el sentido de su desarrollo.<\/p>\n<p>En cada tecnolog\u00eda est\u00e1 incrustada un conjunto de intereses sintetizados y, por lo tanto, el <strong data-moz-translations-id=\"0\">desarrollo<\/strong> <strong data-moz-translations-id=\"1\">tecnol\u00f3gico<\/strong> que hemos tenido hasta ahora ha sido guiado por y hacia el capitalismo. Las decisiones tomadas entre las numerosas posibilidades de desarrollo tecnol\u00f3gico se hicieron con esta orientaci\u00f3n. Los problemas que deben resolverse fueron planteados por y desde esta orientaci\u00f3n. Existe una dimensi\u00f3n de clase fundamental en ello y es por ello que no basta con una apropiaci\u00f3n de estas tecnolog\u00edas. Hay una profunda complejidad en todo esto.<\/p>\n<p><strong>Ser humano y t\u00e9cnica<\/strong><\/p>\n<p>El segundo elemento importante en esto es la visi\u00f3n err\u00f3nea de que lo humano y lo t\u00e9cnico son dos cosas diferentes. La discusi\u00f3n no puede ocurrir en t\u00e9rminos de c\u00f3mo la tecnolog\u00eda nos impacta y crea condiciones para transformar el mundo. No hay tecnolog\u00eda contempor\u00e1nea fuera del capitalismo y no hay <strong data-moz-translations-id=\"0\">tecnolog\u00eda contempor\u00e1nea<\/strong> fuera de lo que es el ser humano contempor\u00e1neo. El ser humano es t\u00e9cnico. Desde siempre ha habido una interrelaci\u00f3n entre lo humano y lo t\u00e9cnico. El artificio siempre ha sido parte del ser humano. Nos desarrollamos desde el punto de vista social y biol\u00f3gico, desde los artificios y herramientas que hemos ido dominando, desarrollando y aprendiendo su uso. As\u00ed fue desde el martillo hasta cuando inventamos la escritura, lo que permite la posibilidad de mantener una parte de la informaci\u00f3n que est\u00e1 en nuestra cabeza en un papel, lo que, sucesivamente, nos permite tener m\u00e1s espacio para pensar en otras cosas. En resumen, somos t\u00e9cnica.<\/p>\n<p><strong data-moz-translations-id=\"3\">\u00bfA d\u00f3nde podemos llegar comprendiendo de estos l\u00edmites?<\/strong><\/p>\n<p>El paisaje es bastante complejo y tal vez se pueda encontrar brechas en \u00e9l. Estrat\u00e9gicamente no se trata solamente de encontrar otros usos para las tecnolog\u00edas contempor\u00e1neas, lo fundamental consiste en desarrollar otra forma de relaci\u00f3n entre el ser humano y la t\u00e9cnica y, sobre todo, otros caminos de desarrollo tecnol\u00f3gico, utilizando por supuesto, el conocimiento y la experiencia que hoy tenemos.<\/p>\n<p>Nadie va a destruir el mundo y empezar de cero. Debemos a usar los conocimientos t\u00e9cnicos y la experiencia adquirida para tratar de caminar en una direcci\u00f3n diferente. En esta lucha entre los que quieren mantener el <em>statu quo<\/em> y los que quieren transformarlo a trav\u00e9s de la tecnolog\u00eda, estamos muy atrasados. En 1995 se dijo que hab\u00eda una guerra tecnol\u00f3gica en curso, pero s\u00f3lo un bando de esta guerra estaba armado: el de las grandes corporaciones. Desde 1995 a nuestros d\u00edas, todo est\u00e1 dominado por las grandes corporaciones: <em data-moz-translations-id=\"0\">big<\/em> <em data-moz-translations-id=\"1\">data<\/em>, <a href=\"https:\/\/www.ihu.unisinos.br\/categorias\/593910-politica-do-algoritmo\" target=\"_blank\" rel=\"noopener noreferrer\" data-moz-translations-id=\"2\">desarrollo algor\u00edtmico<\/a>, IA, neurotecnolog\u00eda. La izquierda, en cierto modo, ha ido poco a poco dominado las tecnolog\u00edas, las utiliza para sus prop\u00f3sitos y hoy parece que los dos bandos de esta guerra est\u00e1n armados, pero uno tiene bombas nucleares y otro usa \u00abnavajas\u00bb. Un ejemplo concreto de esto es la disputa en las redes sociales, las cuales se han convertido en un mecanismo de comunicaci\u00f3n prioritario. La <strong data-moz-translations-id=\"3\">derecha<\/strong> se dio cuenta primero y ocup\u00f3 este espacio. A partir de entonces, la izquierda entendi\u00f3 que tiene que disputar su presencia y hegemon\u00eda en dichas redes sociales. Pero s\u00f3lo podemos disputar las redes sociales si entramos en la l\u00f3gica impuesta por ellas y, por lo tanto, por las corporaciones que son los due\u00f1os de estas redes.<\/p>\n<p>Los algoritmos dise\u00f1ados por estas corporaciones tienen objetivos enfocados a mantener nuestra atenci\u00f3n, tomar nuestros datos, mantener nuestra fidelidad, colocarnos en un entorno plataformizado en el que estamos proporcionando datos e interactuando de unas mil maneras diferentes, de las cuales en muchos casos no tenemos ni siquiera consciencia. Por lo tanto, son estos algoritmos, dise\u00f1ados para estos fines, los que definen los marcos de la disputa de y en las redes sociales. Para competir en este espacio, la gente tiene que adaptarse a ellos.<\/p>\n<p>Como he dicho, somos t\u00e9cnica y nos transformamos a lo largo de todo este proceso de adecuaci\u00f3n. Y aqu\u00ed ves: melancol\u00eda, adicci\u00f3n, vanidad, ansiedad, depresi\u00f3n, comparaci\u00f3n constante con los dem\u00e1s, constante sensaci\u00f3n de atraso, p\u00e9rdida, la percepci\u00f3n de estar qued\u00e1ndote atr\u00e1s\u2026 y todo esto tiene que ver con la vida que llevamos, pero tambi\u00e9n <a href=\"https:\/\/www.ihu.unisinos.br\/categorias\/612913-os-danos-psiquicos-do-instagram-aos-adolescentes\" target=\"_blank\" rel=\"noopener noreferrer\" data-moz-translations-id=\"0\">tiene<\/a> que <a href=\"https:\/\/www.ihu.unisinos.br\/categorias\/612913-os-danos-psiquicos-do-instagram-aos-adolescentes\" target=\"_blank\" rel=\"noopener noreferrer\" data-moz-translations-id=\"0\">ver con la relaci\u00f3n que establecemos con estas redes y dispositivos auxiliares<\/a>. Nos estamos convirtiendo en una m\u00e1quina de producir y consumir contenido todo el tiempo. Eso es lo que quieren de nosotros, sin duda.<\/p>\n<p><strong>Debates<\/strong><\/p>\n<p>El debate sobre <em data-moz-translations-id=\"0\">las fake news<\/em>, la desinformaci\u00f3n y el uso de las redes sociales para la pol\u00edtica <strong data-moz-translations-id=\"1\">de extrema derecha<\/strong> es fundamental, pero no es el \u00fanico debate importante. El debate sobre el contenido de lo que se publica y el porcentaje de personas a las que llega este contenido no es el \u00fanico debate importante tampoco. Tambi\u00e9n es importante pensar en lo que nos estamos convirtiendo en este proceso. Nos estamos adaptando, adecuamos y nos vamos convirtiendo en cada vez m\u00e1s sumisos a esta l\u00f3gica derivada de esta disputa. Este es un ejemplo que ilustra muy bien los l\u00edmites de la idea del aceleracionismo porque todos lo vivimos en nuestra vida diaria de manera diferente. \u00bfQueremos acelerar las redes sociales tal y como estas son ahora? \u00bfQueremos acelerar nuestras relaciones con el actual modelo de redes sociales? \u00bfEs posible construir otro modelo de red dentro del mismo sistema? Parecer\u00eda que no. La pregunta que surge es\u2026 c\u00f3mo creamos una experiencia social diferente que, incentivada por quien sea, conformen experiencias puntuales espec\u00edficas que generen condiciones para <strong data-moz-translations-id=\"2\">nuevos modelos de redes sociales<\/strong>. Se trata entonces de un enfoque materialista de la t\u00e9cnica, no determinista, pero que entiende que el contenido social de la tecnolog\u00eda, as\u00ed como toda la dimensi\u00f3n social en el capitalismo, est\u00e1 determinada por la econom\u00eda y la pol\u00edtica, con la econom\u00eda cumpliendo un papel fundamental en esta relaci\u00f3n.<\/p>\n<p>El enfoque materialista de la t\u00e9cnica, que se da cuenta de que la tecnolog\u00eda no es neutral, nos hace mirar el escenario de forma sustancialmente en menos optimistas que los aceleracionistas. La inercia con respecto a las tendencias que estamos discutiendo va mucho m\u00e1s all\u00e1, probablemente hacia la direcci\u00f3n de una emancipaci\u00f3n cada vez mayor del capital respecto del trabajo, tal y como <strong data-moz-translations-id=\"0\">Marx <\/strong>indicaba y no al contrario. As\u00ed las cosas, caminamos hacia la emancipaci\u00f3n del capital en relaci\u00f3n con el trabajo, hacia mayores tragedias socioambientales y mayor caos social del que ya estamos viviendo. Imagina entonces si aceleramos este proceso.<\/p>\n<p><strong>\u00bfCu\u00e1l es entonces el desaf\u00edo?<\/strong><\/p>\n<p>El gran reto es desviarnos del actual camino y encontrar usos y concepciones de tecnolog\u00edas que contribuyan a la alteraci\u00f3n general de la correlaci\u00f3n de fuerzas. Pero esto no es sencillo porque no hay desarrollo tecnol\u00f3gico que en s\u00ed mismo camine o se enfoque hacia superar el capitalismo. El desarrollo tecnol\u00f3gico puro y simple en el capitalismo siempre ser\u00e1 capitalista y actualmente nos est\u00e1 llevando a la tragedia. Lo que existe es la posibilidad de que de forma entrelazada se pueda comenzar a construir caminos alternativos de organizaci\u00f3n social. \u00bfPero de d\u00f3nde partir? Pues de la lucha pol\u00edtica y de experiencias concretas. Tenemos que dar un giro acentuado para cambiar la trayectoria, frenando y acelerando.<\/p>\n<p>\u00bfC\u00f3mo decidir en qu\u00e9 frenar y en qu\u00e9 acelerar? Aqu\u00ed est\u00e1 la importancia de la planificaci\u00f3n, la planificaci\u00f3n a diferentes escalas. No creo que tengamos en estos momentos motivos racionales para el optimismo, pero por otro lado, no hay otra manera que luchar. Recordando a <a href=\"https:\/\/ihu.unisinos.br\/596573-o-pensamento-gramsciano-diante-da-mudanca-social-contemporanea\" target=\"_blank\" rel=\"noopener noreferrer\" data-moz-translations-id=\"0\"><strong data-moz-translations-id=\"1\">Gramsci<\/strong><\/a>, necesitamos tener el <strong data-moz-translations-id=\"2\">pesimismo de la raz\u00f3n<\/strong>, mirar a la realidad tal y como es, y posicionar el <strong data-moz-translations-id=\"3\">optimismo de la voluntad<\/strong>. Necesitamos tambi\u00e9n contar con lo aleatorio, con el azar. Cuando miramos a nuestro alrededor, parece que no conseguimos encontrar alternativas de cambio y seguimos avanzando hacia el caos, pero la realidad es mucho m\u00e1s compleja de lo que podemos entender a simple vista. Existe un aleatorismo y una complejidad que no alcanzamos a ver en su totalidad. Nos toca a nosotros, con el optimismo de la voluntad, tratar de situar elementos en esta complejidad para que surjan nuevas condiciones y, a partir de ah\u00ed, encaminarnos hacia el desarrollo tecnol\u00f3gico desde y en otra direcci\u00f3n. Si s\u00f3lo administramos o gestionamos el capitalismo, la inercia, seguramente nos llevar\u00e1 al colapso. En este punto los aceleracionistas de izquierda tienen raz\u00f3n. Esta, tal vez sea la principal lecci\u00f3n que podemos aprender de ellos.<\/p>\n<p>&nbsp;<\/p>\n","protected":false},"excerpt":{"rendered":"<p>Entrevista especial con Rodrigo Santaella Por Instituto Humanitas Unisinos Traducci\u00f3n: Decio Machado La agencia colectiva parece estar relegada a un segundo plano en nombre de pron\u00f3sticos y diagn\u00f3sticos sobre el desarrollo tecnol\u00f3gico en s\u00ed, seg\u00fan el policientista. Si, por un lado, el aceleracionismo de izquierdas tiene riesgos y l\u00edmites a la hora de poner su [&hellip;]<\/p>\n","protected":false},"author":2,"featured_media":4195,"comment_status":"open","ping_status":"open","sticky":false,"template":"","format":"standard","meta":{"jetpack_post_was_ever_published":false,"_jetpack_newsletter_access":"","_jetpack_dont_email_post_to_subs":false,"_jetpack_newsletter_tier_id":0,"_jetpack_memberships_contains_paywalled_content":false,"_jetpack_memberships_contains_paid_content":false,"footnotes":"","jetpack_publicize_message":"","jetpack_publicize_feature_enabled":true,"jetpack_social_post_already_shared":true,"jetpack_social_options":{"image_generator_settings":{"template":"highway","enabled":false},"version":2}},"categories":[2],"tags":[],"class_list":["post-4194","post","type-post","status-publish","format-standard","has-post-thumbnail","hentry","category-blog"],"jetpack_publicize_connections":[],"yoast_head":"<!-- This site is optimized with the Yoast SEO plugin v23.4 - https:\/\/yoast.com\/wordpress\/plugins\/seo\/ -->\n<title>La izquierda m\u00e1s all\u00e1 de la resistencia: debemos volver pensar en futuros alternativos posibles - UninomadaSUR<\/title>\n<meta name=\"robots\" content=\"index, follow, max-snippet:-1, max-image-preview:large, max-video-preview:-1\" \/>\n<link rel=\"canonical\" href=\"https:\/\/uninomadasur.net\/?p=4194\" \/>\n<meta property=\"og:locale\" content=\"es_ES\" \/>\n<meta property=\"og:type\" content=\"article\" \/>\n<meta property=\"og:title\" content=\"La izquierda m\u00e1s all\u00e1 de la resistencia: debemos volver pensar en futuros alternativos posibles - UninomadaSUR\" \/>\n<meta property=\"og:description\" content=\"Entrevista especial con Rodrigo Santaella Por Instituto Humanitas Unisinos Traducci\u00f3n: Decio Machado La agencia colectiva parece estar relegada a un segundo plano en nombre de pron\u00f3sticos y diagn\u00f3sticos sobre el desarrollo tecnol\u00f3gico en s\u00ed, seg\u00fan el policientista. Si, por un lado, el aceleracionismo de izquierdas tiene riesgos y l\u00edmites a la hora de poner su [&hellip;]\" \/>\n<meta property=\"og:url\" content=\"https:\/\/uninomadasur.net\/?p=4194\" \/>\n<meta property=\"og:site_name\" content=\"UninomadaSUR\" \/>\n<meta property=\"article:published_time\" content=\"2024-06-12T09:51:31+00:00\" \/>\n<meta property=\"og:image\" content=\"https:\/\/uninomadasur.net\/wp-content\/uploads\/2024\/06\/11-06_rodrigo_santaella_foto_jangadaonlilne.jpg\" \/>\n\t<meta property=\"og:image:width\" content=\"800\" \/>\n\t<meta property=\"og:image:height\" content=\"604\" \/>\n\t<meta property=\"og:image:type\" content=\"image\/jpeg\" \/>\n<meta name=\"author\" content=\"Administrador\" \/>\n<meta name=\"twitter:card\" content=\"summary_large_image\" \/>\n<meta name=\"twitter:label1\" content=\"Escrito por\" \/>\n\t<meta name=\"twitter:data1\" content=\"Administrador\" \/>\n\t<meta name=\"twitter:label2\" content=\"Tiempo de lectura\" \/>\n\t<meta name=\"twitter:data2\" content=\"29 minutos\" \/>\n<script type=\"application\/ld+json\" class=\"yoast-schema-graph\">{\"@context\":\"https:\/\/schema.org\",\"@graph\":[{\"@type\":\"Article\",\"@id\":\"https:\/\/uninomadasur.net\/?p=4194#article\",\"isPartOf\":{\"@id\":\"https:\/\/uninomadasur.net\/?p=4194\"},\"author\":{\"name\":\"Administrador\",\"@id\":\"https:\/\/uninomadasur.net\/#\/schema\/person\/bf51815d932788910947ff9541a9b85c\"},\"headline\":\"La izquierda m\u00e1s all\u00e1 de la resistencia: debemos volver pensar en futuros alternativos posibles\",\"datePublished\":\"2024-06-12T09:51:31+00:00\",\"dateModified\":\"2024-06-12T09:51:31+00:00\",\"mainEntityOfPage\":{\"@id\":\"https:\/\/uninomadasur.net\/?p=4194\"},\"wordCount\":5870,\"commentCount\":0,\"publisher\":{\"@id\":\"https:\/\/uninomadasur.net\/#organization\"},\"image\":{\"@id\":\"https:\/\/uninomadasur.net\/?p=4194#primaryimage\"},\"thumbnailUrl\":\"https:\/\/uninomadasur.net\/wp-content\/uploads\/2024\/06\/11-06_rodrigo_santaella_foto_jangadaonlilne.jpg\",\"articleSection\":[\"Blog\"],\"inLanguage\":\"es\",\"potentialAction\":[{\"@type\":\"CommentAction\",\"name\":\"Comment\",\"target\":[\"https:\/\/uninomadasur.net\/?p=4194#respond\"]}]},{\"@type\":\"WebPage\",\"@id\":\"https:\/\/uninomadasur.net\/?p=4194\",\"url\":\"https:\/\/uninomadasur.net\/?p=4194\",\"name\":\"La izquierda m\u00e1s all\u00e1 de la resistencia: debemos volver pensar en futuros alternativos posibles - UninomadaSUR\",\"isPartOf\":{\"@id\":\"https:\/\/uninomadasur.net\/#website\"},\"primaryImageOfPage\":{\"@id\":\"https:\/\/uninomadasur.net\/?p=4194#primaryimage\"},\"image\":{\"@id\":\"https:\/\/uninomadasur.net\/?p=4194#primaryimage\"},\"thumbnailUrl\":\"https:\/\/uninomadasur.net\/wp-content\/uploads\/2024\/06\/11-06_rodrigo_santaella_foto_jangadaonlilne.jpg\",\"datePublished\":\"2024-06-12T09:51:31+00:00\",\"dateModified\":\"2024-06-12T09:51:31+00:00\",\"breadcrumb\":{\"@id\":\"https:\/\/uninomadasur.net\/?p=4194#breadcrumb\"},\"inLanguage\":\"es\",\"potentialAction\":[{\"@type\":\"ReadAction\",\"target\":[\"https:\/\/uninomadasur.net\/?p=4194\"]}]},{\"@type\":\"ImageObject\",\"inLanguage\":\"es\",\"@id\":\"https:\/\/uninomadasur.net\/?p=4194#primaryimage\",\"url\":\"https:\/\/uninomadasur.net\/wp-content\/uploads\/2024\/06\/11-06_rodrigo_santaella_foto_jangadaonlilne.jpg\",\"contentUrl\":\"https:\/\/uninomadasur.net\/wp-content\/uploads\/2024\/06\/11-06_rodrigo_santaella_foto_jangadaonlilne.jpg\",\"width\":800,\"height\":604},{\"@type\":\"BreadcrumbList\",\"@id\":\"https:\/\/uninomadasur.net\/?p=4194#breadcrumb\",\"itemListElement\":[{\"@type\":\"ListItem\",\"position\":1,\"name\":\"Inicio\",\"item\":\"https:\/\/uninomadasur.net\/\"},{\"@type\":\"ListItem\",\"position\":2,\"name\":\"La izquierda m\u00e1s all\u00e1 de la resistencia: debemos volver pensar en futuros alternativos posibles\"}]},{\"@type\":\"WebSite\",\"@id\":\"https:\/\/uninomadasur.net\/#website\",\"url\":\"https:\/\/uninomadasur.net\/\",\"name\":\"UninomadaSUR\",\"description\":\"UninomadaSUR\",\"publisher\":{\"@id\":\"https:\/\/uninomadasur.net\/#organization\"},\"potentialAction\":[{\"@type\":\"SearchAction\",\"target\":{\"@type\":\"EntryPoint\",\"urlTemplate\":\"https:\/\/uninomadasur.net\/?s={search_term_string}\"},\"query-input\":{\"@type\":\"PropertyValueSpecification\",\"valueRequired\":true,\"valueName\":\"search_term_string\"}}],\"inLanguage\":\"es\"},{\"@type\":\"Organization\",\"@id\":\"https:\/\/uninomadasur.net\/#organization\",\"name\":\"UninomadaSUR\",\"url\":\"https:\/\/uninomadasur.net\/\",\"logo\":{\"@type\":\"ImageObject\",\"inLanguage\":\"es\",\"@id\":\"https:\/\/uninomadasur.net\/#\/schema\/logo\/image\/\",\"url\":\"https:\/\/uninomadasur.net\/wp-content\/uploads\/2018\/09\/uni-logo.png\",\"contentUrl\":\"https:\/\/uninomadasur.net\/wp-content\/uploads\/2018\/09\/uni-logo.png\",\"width\":260,\"height\":94,\"caption\":\"UninomadaSUR\"},\"image\":{\"@id\":\"https:\/\/uninomadasur.net\/#\/schema\/logo\/image\/\"}},{\"@type\":\"Person\",\"@id\":\"https:\/\/uninomadasur.net\/#\/schema\/person\/bf51815d932788910947ff9541a9b85c\",\"name\":\"Administrador\",\"image\":{\"@type\":\"ImageObject\",\"inLanguage\":\"es\",\"@id\":\"https:\/\/uninomadasur.net\/#\/schema\/person\/image\/\",\"url\":\"https:\/\/secure.gravatar.com\/avatar\/b36419d5b57d43ccfb2c84733927cffe?s=96&d=mm&r=g\",\"contentUrl\":\"https:\/\/secure.gravatar.com\/avatar\/b36419d5b57d43ccfb2c84733927cffe?s=96&d=mm&r=g\",\"caption\":\"Administrador\"},\"url\":\"https:\/\/uninomadasur.net\/?author=2\"}]}<\/script>\n<!-- \/ Yoast SEO plugin. -->","yoast_head_json":{"title":"La izquierda m\u00e1s all\u00e1 de la resistencia: debemos volver pensar en futuros alternativos posibles - UninomadaSUR","robots":{"index":"index","follow":"follow","max-snippet":"max-snippet:-1","max-image-preview":"max-image-preview:large","max-video-preview":"max-video-preview:-1"},"canonical":"https:\/\/uninomadasur.net\/?p=4194","og_locale":"es_ES","og_type":"article","og_title":"La izquierda m\u00e1s all\u00e1 de la resistencia: debemos volver pensar en futuros alternativos posibles - UninomadaSUR","og_description":"Entrevista especial con Rodrigo Santaella Por Instituto Humanitas Unisinos Traducci\u00f3n: Decio Machado La agencia colectiva parece estar relegada a un segundo plano en nombre de pron\u00f3sticos y diagn\u00f3sticos sobre el desarrollo tecnol\u00f3gico en s\u00ed, seg\u00fan el policientista. Si, por un lado, el aceleracionismo de izquierdas tiene riesgos y l\u00edmites a la hora de poner su [&hellip;]","og_url":"https:\/\/uninomadasur.net\/?p=4194","og_site_name":"UninomadaSUR","article_published_time":"2024-06-12T09:51:31+00:00","og_image":[{"width":800,"height":604,"url":"https:\/\/uninomadasur.net\/wp-content\/uploads\/2024\/06\/11-06_rodrigo_santaella_foto_jangadaonlilne.jpg","type":"image\/jpeg"}],"author":"Administrador","twitter_card":"summary_large_image","twitter_misc":{"Escrito por":"Administrador","Tiempo de lectura":"29 minutos"},"schema":{"@context":"https:\/\/schema.org","@graph":[{"@type":"Article","@id":"https:\/\/uninomadasur.net\/?p=4194#article","isPartOf":{"@id":"https:\/\/uninomadasur.net\/?p=4194"},"author":{"name":"Administrador","@id":"https:\/\/uninomadasur.net\/#\/schema\/person\/bf51815d932788910947ff9541a9b85c"},"headline":"La izquierda m\u00e1s all\u00e1 de la resistencia: debemos volver pensar en futuros alternativos posibles","datePublished":"2024-06-12T09:51:31+00:00","dateModified":"2024-06-12T09:51:31+00:00","mainEntityOfPage":{"@id":"https:\/\/uninomadasur.net\/?p=4194"},"wordCount":5870,"commentCount":0,"publisher":{"@id":"https:\/\/uninomadasur.net\/#organization"},"image":{"@id":"https:\/\/uninomadasur.net\/?p=4194#primaryimage"},"thumbnailUrl":"https:\/\/uninomadasur.net\/wp-content\/uploads\/2024\/06\/11-06_rodrigo_santaella_foto_jangadaonlilne.jpg","articleSection":["Blog"],"inLanguage":"es","potentialAction":[{"@type":"CommentAction","name":"Comment","target":["https:\/\/uninomadasur.net\/?p=4194#respond"]}]},{"@type":"WebPage","@id":"https:\/\/uninomadasur.net\/?p=4194","url":"https:\/\/uninomadasur.net\/?p=4194","name":"La izquierda m\u00e1s all\u00e1 de la resistencia: debemos volver pensar en futuros alternativos posibles - UninomadaSUR","isPartOf":{"@id":"https:\/\/uninomadasur.net\/#website"},"primaryImageOfPage":{"@id":"https:\/\/uninomadasur.net\/?p=4194#primaryimage"},"image":{"@id":"https:\/\/uninomadasur.net\/?p=4194#primaryimage"},"thumbnailUrl":"https:\/\/uninomadasur.net\/wp-content\/uploads\/2024\/06\/11-06_rodrigo_santaella_foto_jangadaonlilne.jpg","datePublished":"2024-06-12T09:51:31+00:00","dateModified":"2024-06-12T09:51:31+00:00","breadcrumb":{"@id":"https:\/\/uninomadasur.net\/?p=4194#breadcrumb"},"inLanguage":"es","potentialAction":[{"@type":"ReadAction","target":["https:\/\/uninomadasur.net\/?p=4194"]}]},{"@type":"ImageObject","inLanguage":"es","@id":"https:\/\/uninomadasur.net\/?p=4194#primaryimage","url":"https:\/\/uninomadasur.net\/wp-content\/uploads\/2024\/06\/11-06_rodrigo_santaella_foto_jangadaonlilne.jpg","contentUrl":"https:\/\/uninomadasur.net\/wp-content\/uploads\/2024\/06\/11-06_rodrigo_santaella_foto_jangadaonlilne.jpg","width":800,"height":604},{"@type":"BreadcrumbList","@id":"https:\/\/uninomadasur.net\/?p=4194#breadcrumb","itemListElement":[{"@type":"ListItem","position":1,"name":"Inicio","item":"https:\/\/uninomadasur.net\/"},{"@type":"ListItem","position":2,"name":"La izquierda m\u00e1s all\u00e1 de la resistencia: debemos volver pensar en futuros alternativos posibles"}]},{"@type":"WebSite","@id":"https:\/\/uninomadasur.net\/#website","url":"https:\/\/uninomadasur.net\/","name":"UninomadaSUR","description":"UninomadaSUR","publisher":{"@id":"https:\/\/uninomadasur.net\/#organization"},"potentialAction":[{"@type":"SearchAction","target":{"@type":"EntryPoint","urlTemplate":"https:\/\/uninomadasur.net\/?s={search_term_string}"},"query-input":{"@type":"PropertyValueSpecification","valueRequired":true,"valueName":"search_term_string"}}],"inLanguage":"es"},{"@type":"Organization","@id":"https:\/\/uninomadasur.net\/#organization","name":"UninomadaSUR","url":"https:\/\/uninomadasur.net\/","logo":{"@type":"ImageObject","inLanguage":"es","@id":"https:\/\/uninomadasur.net\/#\/schema\/logo\/image\/","url":"https:\/\/uninomadasur.net\/wp-content\/uploads\/2018\/09\/uni-logo.png","contentUrl":"https:\/\/uninomadasur.net\/wp-content\/uploads\/2018\/09\/uni-logo.png","width":260,"height":94,"caption":"UninomadaSUR"},"image":{"@id":"https:\/\/uninomadasur.net\/#\/schema\/logo\/image\/"}},{"@type":"Person","@id":"https:\/\/uninomadasur.net\/#\/schema\/person\/bf51815d932788910947ff9541a9b85c","name":"Administrador","image":{"@type":"ImageObject","inLanguage":"es","@id":"https:\/\/uninomadasur.net\/#\/schema\/person\/image\/","url":"https:\/\/secure.gravatar.com\/avatar\/b36419d5b57d43ccfb2c84733927cffe?s=96&d=mm&r=g","contentUrl":"https:\/\/secure.gravatar.com\/avatar\/b36419d5b57d43ccfb2c84733927cffe?s=96&d=mm&r=g","caption":"Administrador"},"url":"https:\/\/uninomadasur.net\/?author=2"}]}},"jetpack_featured_media_url":"https:\/\/uninomadasur.net\/wp-content\/uploads\/2024\/06\/11-06_rodrigo_santaella_foto_jangadaonlilne.jpg","jetpack_sharing_enabled":true,"jetpack_shortlink":"https:\/\/wp.me\/paDeUS-15E","_links":{"self":[{"href":"https:\/\/uninomadasur.net\/index.php?rest_route=\/wp\/v2\/posts\/4194"}],"collection":[{"href":"https:\/\/uninomadasur.net\/index.php?rest_route=\/wp\/v2\/posts"}],"about":[{"href":"https:\/\/uninomadasur.net\/index.php?rest_route=\/wp\/v2\/types\/post"}],"author":[{"embeddable":true,"href":"https:\/\/uninomadasur.net\/index.php?rest_route=\/wp\/v2\/users\/2"}],"replies":[{"embeddable":true,"href":"https:\/\/uninomadasur.net\/index.php?rest_route=%2Fwp%2Fv2%2Fcomments&post=4194"}],"version-history":[{"count":1,"href":"https:\/\/uninomadasur.net\/index.php?rest_route=\/wp\/v2\/posts\/4194\/revisions"}],"predecessor-version":[{"id":4196,"href":"https:\/\/uninomadasur.net\/index.php?rest_route=\/wp\/v2\/posts\/4194\/revisions\/4196"}],"wp:featuredmedia":[{"embeddable":true,"href":"https:\/\/uninomadasur.net\/index.php?rest_route=\/wp\/v2\/media\/4195"}],"wp:attachment":[{"href":"https:\/\/uninomadasur.net\/index.php?rest_route=%2Fwp%2Fv2%2Fmedia&parent=4194"}],"wp:term":[{"taxonomy":"category","embeddable":true,"href":"https:\/\/uninomadasur.net\/index.php?rest_route=%2Fwp%2Fv2%2Fcategories&post=4194"},{"taxonomy":"post_tag","embeddable":true,"href":"https:\/\/uninomadasur.net\/index.php?rest_route=%2Fwp%2Fv2%2Ftags&post=4194"}],"curies":[{"name":"wp","href":"https:\/\/api.w.org\/{rel}","templated":true}]}}