{"id":4404,"date":"2025-03-08T16:41:50","date_gmt":"2025-03-08T16:41:50","guid":{"rendered":"https:\/\/uninomadasur.net\/?p=4404"},"modified":"2025-03-08T16:41:50","modified_gmt":"2025-03-08T16:41:50","slug":"una-introduccion-a-la-vida-no-fascista-prefacio-a-la-edicion-estadounidense-de-el-anti-edipo","status":"publish","type":"post","link":"https:\/\/uninomadasur.net\/?p=4404","title":{"rendered":"Una introducci\u00f3n a la vida no fascista (Prefacio a la edici\u00f3n estadounidense de El Anti-Edipo)"},"content":{"rendered":"<p><strong>Por Michel Foucault<\/strong><\/p>\n<p>Durante los a\u00f1os 1945-1965 (me estoy refiriendo a Europa), hab\u00eda una forma determinada de pensar correctamente, un estilo de discurso pol\u00edtico determinado, y una \u00e9tica del intelectual determinada. Uno ten\u00eda que estar familiarizado con Marx, y no dejar que los propios sue\u00f1os se aparten demasiado de Freud. Y uno deb\u00eda tratar los sistemas de signos \u2013el significante\u2013 con el mayor de los respetos. Estos eran los tres requisitos que hac\u00edan aceptable la extra\u00f1a ocupaci\u00f3n de escribir y enunciar una cuota de verdad sobre uno mismo y sobre su tiempo.<\/p>\n<p>Luego vinieron los breves, apasionados, jubilosos y enigm\u00e1ticos cinco a\u00f1os. A las puertas de nuestro mundo, all\u00ed estaba Vietnam, por supuesto, y el primer gran golpe a los poderes establecidos. Pero aqu\u00ed, al interior de nuestros muros, \u00bfqu\u00e9 era exactamente lo que estaba ocurriendo? \u00bfUna amalgama de pol\u00edticas revolucionarias y antirrepresivas? \u00bfUna guerra librada en dos frentes: contra la explotaci\u00f3n social y la represi\u00f3n ps\u00edquica? \u00bfUna oleada de libido modulada por la lucha de clases? Tal vez. En cualquier caso, fue esta interpretaci\u00f3n dual\u00edstica tan familiar la que se arrog\u00f3 los eventos de aquellos a\u00f1os. El sue\u00f1o que, entre la Primera Guerra Mundial y el fascismo, lanz\u00f3 su hechizo sobre las partes m\u00e1s so\u00f1adoras de Europa \u2013la Alemania de Wilhelm Reich, y la Francia de los surrealistas\u2013 hab\u00eda vuelto y prendido fuego la realidad misma: Marx y Freud en la misma luz incandescente.<\/p>\n<p>\u00bfPero, fue realmente eso lo que ocurri\u00f3? \u00bfSe retom\u00f3 el proyecto ut\u00f3pico de los treinta, esta vez a nivel de la pr\u00e1ctica hist\u00f3rica? \u00bfO hubo, por el contrario, un movimiento hacia luchas pol\u00edticas que ya no se conformaban al modelo prescrito por la tradici\u00f3n marxista? Hacia una experiencia y una tecnolog\u00eda del deseo que ya no eran freudianas. Es verdad que se levantaron las viejas pancartas, pero el combate vir\u00f3 y se expandi\u00f3 hacia nuevas zonas.<\/p>\n<p><em>El Anti-Edipo<\/em>\u00a0muestra, primero que todo, cu\u00e1nto terreno ha sido cubierto. Pero hace mucho m\u00e1s que eso. No pierde tiempo desacreditando viejos \u00eddolos, aunque s\u00ed se divierte mucho con Freud. Lo m\u00e1s importante, nos motiva a ir m\u00e1s lejos.<\/p>\n<p>Ser\u00eda un error leer\u00a0<em>El Anti-Edipo<\/em>\u00a0como la nueva referencia te\u00f3rica (ustedes saben, esa tan anunciada teor\u00eda que finalmente abarca todo, que por fin totaliza y nos devuelve la confianza, aquella que nos han dicho \u201cnecesitamos desesperadamente\u201d en nuestros tiempos de dispersi\u00f3n y especializaci\u00f3n en los que falta la \u201cesperanza\u201d). Uno no debe buscar una \u201cfilosof\u00eda\u201d entre la extraordinaria profusi\u00f3n de nociones nuevas y conceptos sorpresa:\u00a0<em>El Anti-Edipo<\/em>\u00a0no es un Hegel relumbr\u00f3n. Creo que\u00a0<em>El Anti-Edipo<\/em>\u00a0puede ser le\u00eddo mejor como un \u201carte,\u201d en el sentido implicado, por ejemplo, en el t\u00e9rmino \u201carte er\u00f3tico.\u201d Informado por las nociones aparentemente abstractas de multiplicidades, flujos, arreglos, conexiones, el an\u00e1lisis de la relaci\u00f3n del deseo con la realidad y con la \u201cm\u00e1quina\u201d capitalista brinda respuestas a preguntas concretas. Preguntas que no tienen tanto que ver con por qu\u00e9 esto o aquello, sino con c\u00f3mo proceder. \u00bfC\u00f3mo introducir el deseo en el pensamiento, en el discurso, en la acci\u00f3n? \u00bfC\u00f3mo el deseo puede y debe desarrollar sus fuerzas dentro del dominio pol\u00edtico y crecer en intensidad en el proceso de desbaratar el orden establecido?\u00a0<em>Ars erotica<\/em>,\u00a0<em>ars theoretica<\/em>,\u00a0<em>ars politica<\/em>.<\/p>\n<p>De ah\u00ed los tres adversarios afrontados por\u00a0<em>El Anti-Edipo<\/em>. Tres adversarios que no tienen la misma fuerza, que representan grados distintos de peligro, y que el libro combate de maneras diferentes:<\/p>\n<p>(1) Los ascetas pol\u00edticos, los militantes tristes, los terroristas de la teor\u00eda, aquellos que quieren preservar el orden puro de la pol\u00edtica y del discurso pol\u00edtico. Bur\u00f3cratas de la revoluci\u00f3n y funcionarios civiles de La Verdad.<\/p>\n<p>(2) Los pobres t\u00e9cnicos del deseo\u2014psicoanalistas y semi\u00f3logos de cada signo y s\u00edntoma\u2014que quieren subyugar la multiplicidad del deseo a la ley doble de estructura y carencia.<\/p>\n<p>(3) Por \u00faltimo pero no menos importante, el gran enemigo, el adversario estrat\u00e9gico es el fascismo (mientras que la oposici\u00f3n de\u00a0<em>El Anti-Edipo<\/em>\u00a0a los anteriores es m\u00e1s bien un compromiso t\u00e1ctico). Y no solamente el fascismo hist\u00f3rico, el fascismo de Hitler y Mussolini\u2014que fue capaz de movilizar y utilizar tan efectivamente el deseo de las masas\u2014sino tambi\u00e9n el fascismo en todos nosotros, en nuestra cabeza y en nuestra conducta cotidiana, el fascismo que nos hace amar al poder, desear aquello mismo que nos domina y nos explota.<\/p>\n<p>Dir\u00eda que\u00a0<em>El Anti-Edipo<\/em>\u00a0(y sus autores me perdonar\u00e1n) es un libro de \u00e9tica, el primer libro de \u00e9tica escrito en Francia en mucho tiempo (tal vez eso explique por qu\u00e9 su \u00e9xito no estuvo limitado a una \u201caudiencia\u201d particular: ser anti-ed\u00edpico se ha convertido en un estilo de vida, una manera de pensar y de vivir). \u00bfC\u00f3mo evitar ser fascista, aun (especialmente) cuando uno cree ser un militante revolucionario? \u00bfC\u00f3mo librar nuestros dichos y nuestros actos, nuestros corazones y nuestros placeres, del fascismo? \u00bfC\u00f3mo revelar y poner en evidencia el fascismo arraigado en nuestra conducta? Los moralistas cristianos buscaban las huellas de la carne alojadas en lo m\u00e1s profundo del alma. Deleuze y Guattari, por su parte, persiguen los rastros m\u00e1s tenues de fascismo en el cuerpo.<\/p>\n<p>Ofreciendo un modesto tributo a San Francisco de Sales<strong>**<\/strong>, uno podr\u00eda decir que\u00a0<em>El Anti-Edipo<\/em>\u00a0es una<em>Introducci\u00f3n a la Vida No-Fascista<\/em>.<\/p>\n<p>Este arte de vivir contra toda forma de fascismo, ya sea actual o inminente, conlleva cierto n\u00famero de principios esenciales que sintetizar\u00eda de la siguiente manera si fuera a hacer de este gran libro un manual o gu\u00eda para la vida cotidiana:<\/p>\n<ul>\n<li>Libera la acci\u00f3n pol\u00edtica de toda paranoia unitarista y totalizante.<\/li>\n<li>Desarrolla la acci\u00f3n, el pensamiento y los deseos por proliferaci\u00f3n, yuxtaposici\u00f3n y disyunci\u00f3n, y no por subdivisi\u00f3n y jerarquizaci\u00f3n piramidal.<\/li>\n<li>Deja de creer en las viejas categor\u00edas de lo Negativo (ley, l\u00edmite, castraci\u00f3n, falta, carencia), que el pensamiento occidental sacraliz\u00f3 durante tanto tiempo como una forma del poder y un acceso a la realidad. Prefiere lo que es positivo y m\u00faltiple, diferencia en vez de uniformidad, flujos en vez de unidades, arreglos m\u00f3viles en vez de sistemas. Cree que lo que es productivo no es sedentario sino n\u00f3made.<\/li>\n<li>No pienses que uno tiene que estar triste para ser militante, incluso si aquello contra lo que uno est\u00e1 luchando es abominable. Es la conexi\u00f3n del deseo con la realidad (y no su retirada hacia formas de representaci\u00f3n) lo que posee fuerza revolucionaria.<\/li>\n<li>No utilices el pensamiento para fundamentar una pr\u00e1ctica pol\u00edtica en La Verdad; ni utilices la acci\u00f3n pol\u00edtica para desacreditar, como mera especulaci\u00f3n, una l\u00ednea de pensamiento. Utiliza la pr\u00e1ctica pol\u00edtica como un intensificador del pensamiento, y el an\u00e1lisis como multiplicador de las formas y dominios para la intervenci\u00f3n de la acci\u00f3n pol\u00edtica.<\/li>\n<li>No le demandes a la pol\u00edtica que restituya los \u201cderechos\u201d del individuo, tal como los ha definido la filosof\u00eda. El individuo es producto del poder. Lo que hace falta es \u201cdes-individualizar\u201d por medio de la multiplicaci\u00f3n y el desplazamiento, combinaciones diversas. El grupo no debe ser un lazo org\u00e1nico que una individuos jerarquizados, sino un constante generador de des-individualizaci\u00f3n.<\/li>\n<li>No te enamores del poder.<\/li>\n<\/ul>\n<p>Incluso podr\u00eda decirse que a Deleuze y Guattari les importa tan poco el poder que trataron de neutralizar los efectos de poder ligados a su propio discurso. De ah\u00ed los juegos y trampas desparramados a lo largo del libro, que hacen de su traducci\u00f3n una verdadera proeza. Pero no son las trampas tan familiares de la ret\u00f3rica: \u00e9sta se dedica a influenciar al lector sin que \u00e9l sea consciente de la manipulaci\u00f3n, y en \u00faltima instancia a persuadirlo en contra de su voluntad. Las trampas del\u00a0<em>El Anti-Edipo<\/em>\u00a0son las del humor: tantas invitaciones para que uno se fastidie, para que deje el texto a un lado y se vaya dando un portazo. A menudo el libro lo lleva a uno a creer que todo es diversi\u00f3n y juegos, mientras algo esencial est\u00e1 ocurriendo, algo de extrema seriedad: la localizaci\u00f3n de todas las formas de fascismo, desde las m\u00e1s enormes que nos rodean y nos aplastan hasta las m\u00e1s diminutas que constituyen la tir\u00e1nica amargura de nuestras vidas diarias.<\/p>\n<p><strong>Notas:<\/strong><\/p>\n<p><strong>*<\/strong>\u00a0Extra\u00eddo de\u00a0<em>Anti-\u0152dipus. Capitalism and Schizophrenia<\/em>, traducci\u00f3n del franc\u00e9s al ingl\u00e9s realizada por Robert Hurley, Mark Seem y Helen R. Lane, Minneapolis, University of Minessota Press, 1983, pp. 11-4. Este prefacio fue escrito por Foucault directamente en ingl\u00e9s.<\/p>\n<p><strong>**<\/strong>\u00a0Sacerdote del s. xvii y obispo de Ginebra, conocido por su\u00a0<em>Introducci\u00f3n a la Vida Devota<\/em>.<\/p>\n","protected":false},"excerpt":{"rendered":"<p>Por Michel Foucault Durante los a\u00f1os 1945-1965 (me estoy refiriendo a Europa), hab\u00eda una forma determinada de pensar correctamente, un estilo de discurso pol\u00edtico determinado, y una \u00e9tica del intelectual determinada. Uno ten\u00eda que estar familiarizado con Marx, y no dejar que los propios sue\u00f1os se aparten demasiado de Freud. Y uno deb\u00eda tratar los [&hellip;]<\/p>\n","protected":false},"author":2,"featured_media":4405,"comment_status":"open","ping_status":"open","sticky":false,"template":"","format":"standard","meta":{"jetpack_post_was_ever_published":false,"_jetpack_newsletter_access":"","_jetpack_dont_email_post_to_subs":false,"_jetpack_newsletter_tier_id":0,"_jetpack_memberships_contains_paywalled_content":false,"_jetpack_memberships_contains_paid_content":false,"footnotes":"","jetpack_publicize_message":"","jetpack_publicize_feature_enabled":true,"jetpack_social_post_already_shared":true,"jetpack_social_options":{"image_generator_settings":{"template":"highway","enabled":false},"version":2}},"categories":[2],"tags":[],"class_list":["post-4404","post","type-post","status-publish","format-standard","has-post-thumbnail","hentry","category-blog"],"jetpack_publicize_connections":[],"yoast_head":"<!-- This site is optimized with the Yoast SEO plugin v23.4 - https:\/\/yoast.com\/wordpress\/plugins\/seo\/ -->\n<title>Una introducci\u00f3n a la vida no fascista (Prefacio a la edici\u00f3n estadounidense de El Anti-Edipo) - UninomadaSUR<\/title>\n<meta name=\"robots\" content=\"index, follow, max-snippet:-1, max-image-preview:large, max-video-preview:-1\" \/>\n<link rel=\"canonical\" href=\"https:\/\/uninomadasur.net\/?p=4404\" \/>\n<meta property=\"og:locale\" content=\"es_ES\" \/>\n<meta property=\"og:type\" content=\"article\" \/>\n<meta property=\"og:title\" content=\"Una introducci\u00f3n a la vida no fascista (Prefacio a la edici\u00f3n estadounidense de El Anti-Edipo) - UninomadaSUR\" \/>\n<meta property=\"og:description\" content=\"Por Michel Foucault Durante los a\u00f1os 1945-1965 (me estoy refiriendo a Europa), hab\u00eda una forma determinada de pensar correctamente, un estilo de discurso pol\u00edtico determinado, y una \u00e9tica del intelectual determinada. Uno ten\u00eda que estar familiarizado con Marx, y no dejar que los propios sue\u00f1os se aparten demasiado de Freud. Y uno deb\u00eda tratar los [&hellip;]\" \/>\n<meta property=\"og:url\" content=\"https:\/\/uninomadasur.net\/?p=4404\" \/>\n<meta property=\"og:site_name\" content=\"UninomadaSUR\" \/>\n<meta property=\"article:published_time\" content=\"2025-03-08T16:41:50+00:00\" \/>\n<meta property=\"og:image\" content=\"http:\/\/uninomadasur.net\/wp-content\/uploads\/2025\/03\/ImageTransformer.jpg\" \/>\n\t<meta property=\"og:image:width\" content=\"960\" \/>\n\t<meta property=\"og:image:height\" content=\"640\" \/>\n\t<meta property=\"og:image:type\" content=\"image\/jpeg\" \/>\n<meta name=\"author\" content=\"Administrador\" \/>\n<meta name=\"twitter:card\" content=\"summary_large_image\" \/>\n<meta name=\"twitter:label1\" content=\"Escrito por\" \/>\n\t<meta name=\"twitter:data1\" content=\"Administrador\" \/>\n\t<meta name=\"twitter:label2\" content=\"Tiempo de lectura\" \/>\n\t<meta name=\"twitter:data2\" content=\"7 minutos\" \/>\n<script type=\"application\/ld+json\" class=\"yoast-schema-graph\">{\"@context\":\"https:\/\/schema.org\",\"@graph\":[{\"@type\":\"Article\",\"@id\":\"https:\/\/uninomadasur.net\/?p=4404#article\",\"isPartOf\":{\"@id\":\"https:\/\/uninomadasur.net\/?p=4404\"},\"author\":{\"name\":\"Administrador\",\"@id\":\"https:\/\/uninomadasur.net\/#\/schema\/person\/bf51815d932788910947ff9541a9b85c\"},\"headline\":\"Una introducci\u00f3n a la vida no fascista (Prefacio a la edici\u00f3n estadounidense de El Anti-Edipo)\",\"datePublished\":\"2025-03-08T16:41:50+00:00\",\"dateModified\":\"2025-03-08T16:41:50+00:00\",\"mainEntityOfPage\":{\"@id\":\"https:\/\/uninomadasur.net\/?p=4404\"},\"wordCount\":1536,\"commentCount\":0,\"publisher\":{\"@id\":\"https:\/\/uninomadasur.net\/#organization\"},\"image\":{\"@id\":\"https:\/\/uninomadasur.net\/?p=4404#primaryimage\"},\"thumbnailUrl\":\"https:\/\/uninomadasur.net\/wp-content\/uploads\/2025\/03\/ImageTransformer.jpg\",\"articleSection\":[\"Blog\"],\"inLanguage\":\"es\",\"potentialAction\":[{\"@type\":\"CommentAction\",\"name\":\"Comment\",\"target\":[\"https:\/\/uninomadasur.net\/?p=4404#respond\"]}]},{\"@type\":\"WebPage\",\"@id\":\"https:\/\/uninomadasur.net\/?p=4404\",\"url\":\"https:\/\/uninomadasur.net\/?p=4404\",\"name\":\"Una introducci\u00f3n a la vida no fascista (Prefacio a la edici\u00f3n estadounidense de El Anti-Edipo) - UninomadaSUR\",\"isPartOf\":{\"@id\":\"https:\/\/uninomadasur.net\/#website\"},\"primaryImageOfPage\":{\"@id\":\"https:\/\/uninomadasur.net\/?p=4404#primaryimage\"},\"image\":{\"@id\":\"https:\/\/uninomadasur.net\/?p=4404#primaryimage\"},\"thumbnailUrl\":\"https:\/\/uninomadasur.net\/wp-content\/uploads\/2025\/03\/ImageTransformer.jpg\",\"datePublished\":\"2025-03-08T16:41:50+00:00\",\"dateModified\":\"2025-03-08T16:41:50+00:00\",\"breadcrumb\":{\"@id\":\"https:\/\/uninomadasur.net\/?p=4404#breadcrumb\"},\"inLanguage\":\"es\",\"potentialAction\":[{\"@type\":\"ReadAction\",\"target\":[\"https:\/\/uninomadasur.net\/?p=4404\"]}]},{\"@type\":\"ImageObject\",\"inLanguage\":\"es\",\"@id\":\"https:\/\/uninomadasur.net\/?p=4404#primaryimage\",\"url\":\"https:\/\/uninomadasur.net\/wp-content\/uploads\/2025\/03\/ImageTransformer.jpg\",\"contentUrl\":\"https:\/\/uninomadasur.net\/wp-content\/uploads\/2025\/03\/ImageTransformer.jpg\",\"width\":960,\"height\":640},{\"@type\":\"BreadcrumbList\",\"@id\":\"https:\/\/uninomadasur.net\/?p=4404#breadcrumb\",\"itemListElement\":[{\"@type\":\"ListItem\",\"position\":1,\"name\":\"Inicio\",\"item\":\"https:\/\/uninomadasur.net\/\"},{\"@type\":\"ListItem\",\"position\":2,\"name\":\"Una introducci\u00f3n a la vida no fascista (Prefacio a la edici\u00f3n estadounidense de El Anti-Edipo)\"}]},{\"@type\":\"WebSite\",\"@id\":\"https:\/\/uninomadasur.net\/#website\",\"url\":\"https:\/\/uninomadasur.net\/\",\"name\":\"UninomadaSUR\",\"description\":\"UninomadaSUR\",\"publisher\":{\"@id\":\"https:\/\/uninomadasur.net\/#organization\"},\"potentialAction\":[{\"@type\":\"SearchAction\",\"target\":{\"@type\":\"EntryPoint\",\"urlTemplate\":\"https:\/\/uninomadasur.net\/?s={search_term_string}\"},\"query-input\":{\"@type\":\"PropertyValueSpecification\",\"valueRequired\":true,\"valueName\":\"search_term_string\"}}],\"inLanguage\":\"es\"},{\"@type\":\"Organization\",\"@id\":\"https:\/\/uninomadasur.net\/#organization\",\"name\":\"UninomadaSUR\",\"url\":\"https:\/\/uninomadasur.net\/\",\"logo\":{\"@type\":\"ImageObject\",\"inLanguage\":\"es\",\"@id\":\"https:\/\/uninomadasur.net\/#\/schema\/logo\/image\/\",\"url\":\"https:\/\/uninomadasur.net\/wp-content\/uploads\/2018\/09\/uni-logo.png\",\"contentUrl\":\"https:\/\/uninomadasur.net\/wp-content\/uploads\/2018\/09\/uni-logo.png\",\"width\":260,\"height\":94,\"caption\":\"UninomadaSUR\"},\"image\":{\"@id\":\"https:\/\/uninomadasur.net\/#\/schema\/logo\/image\/\"}},{\"@type\":\"Person\",\"@id\":\"https:\/\/uninomadasur.net\/#\/schema\/person\/bf51815d932788910947ff9541a9b85c\",\"name\":\"Administrador\",\"image\":{\"@type\":\"ImageObject\",\"inLanguage\":\"es\",\"@id\":\"https:\/\/uninomadasur.net\/#\/schema\/person\/image\/\",\"url\":\"https:\/\/secure.gravatar.com\/avatar\/b36419d5b57d43ccfb2c84733927cffe?s=96&d=mm&r=g\",\"contentUrl\":\"https:\/\/secure.gravatar.com\/avatar\/b36419d5b57d43ccfb2c84733927cffe?s=96&d=mm&r=g\",\"caption\":\"Administrador\"},\"url\":\"https:\/\/uninomadasur.net\/?author=2\"}]}<\/script>\n<!-- \/ Yoast SEO plugin. -->","yoast_head_json":{"title":"Una introducci\u00f3n a la vida no fascista (Prefacio a la edici\u00f3n estadounidense de El Anti-Edipo) - UninomadaSUR","robots":{"index":"index","follow":"follow","max-snippet":"max-snippet:-1","max-image-preview":"max-image-preview:large","max-video-preview":"max-video-preview:-1"},"canonical":"https:\/\/uninomadasur.net\/?p=4404","og_locale":"es_ES","og_type":"article","og_title":"Una introducci\u00f3n a la vida no fascista (Prefacio a la edici\u00f3n estadounidense de El Anti-Edipo) - UninomadaSUR","og_description":"Por Michel Foucault Durante los a\u00f1os 1945-1965 (me estoy refiriendo a Europa), hab\u00eda una forma determinada de pensar correctamente, un estilo de discurso pol\u00edtico determinado, y una \u00e9tica del intelectual determinada. Uno ten\u00eda que estar familiarizado con Marx, y no dejar que los propios sue\u00f1os se aparten demasiado de Freud. Y uno deb\u00eda tratar los [&hellip;]","og_url":"https:\/\/uninomadasur.net\/?p=4404","og_site_name":"UninomadaSUR","article_published_time":"2025-03-08T16:41:50+00:00","og_image":[{"width":960,"height":640,"url":"http:\/\/uninomadasur.net\/wp-content\/uploads\/2025\/03\/ImageTransformer.jpg","type":"image\/jpeg"}],"author":"Administrador","twitter_card":"summary_large_image","twitter_misc":{"Escrito por":"Administrador","Tiempo de lectura":"7 minutos"},"schema":{"@context":"https:\/\/schema.org","@graph":[{"@type":"Article","@id":"https:\/\/uninomadasur.net\/?p=4404#article","isPartOf":{"@id":"https:\/\/uninomadasur.net\/?p=4404"},"author":{"name":"Administrador","@id":"https:\/\/uninomadasur.net\/#\/schema\/person\/bf51815d932788910947ff9541a9b85c"},"headline":"Una introducci\u00f3n a la vida no fascista (Prefacio a la edici\u00f3n estadounidense de El Anti-Edipo)","datePublished":"2025-03-08T16:41:50+00:00","dateModified":"2025-03-08T16:41:50+00:00","mainEntityOfPage":{"@id":"https:\/\/uninomadasur.net\/?p=4404"},"wordCount":1536,"commentCount":0,"publisher":{"@id":"https:\/\/uninomadasur.net\/#organization"},"image":{"@id":"https:\/\/uninomadasur.net\/?p=4404#primaryimage"},"thumbnailUrl":"https:\/\/uninomadasur.net\/wp-content\/uploads\/2025\/03\/ImageTransformer.jpg","articleSection":["Blog"],"inLanguage":"es","potentialAction":[{"@type":"CommentAction","name":"Comment","target":["https:\/\/uninomadasur.net\/?p=4404#respond"]}]},{"@type":"WebPage","@id":"https:\/\/uninomadasur.net\/?p=4404","url":"https:\/\/uninomadasur.net\/?p=4404","name":"Una introducci\u00f3n a la vida no fascista (Prefacio a la edici\u00f3n estadounidense de El Anti-Edipo) - UninomadaSUR","isPartOf":{"@id":"https:\/\/uninomadasur.net\/#website"},"primaryImageOfPage":{"@id":"https:\/\/uninomadasur.net\/?p=4404#primaryimage"},"image":{"@id":"https:\/\/uninomadasur.net\/?p=4404#primaryimage"},"thumbnailUrl":"https:\/\/uninomadasur.net\/wp-content\/uploads\/2025\/03\/ImageTransformer.jpg","datePublished":"2025-03-08T16:41:50+00:00","dateModified":"2025-03-08T16:41:50+00:00","breadcrumb":{"@id":"https:\/\/uninomadasur.net\/?p=4404#breadcrumb"},"inLanguage":"es","potentialAction":[{"@type":"ReadAction","target":["https:\/\/uninomadasur.net\/?p=4404"]}]},{"@type":"ImageObject","inLanguage":"es","@id":"https:\/\/uninomadasur.net\/?p=4404#primaryimage","url":"https:\/\/uninomadasur.net\/wp-content\/uploads\/2025\/03\/ImageTransformer.jpg","contentUrl":"https:\/\/uninomadasur.net\/wp-content\/uploads\/2025\/03\/ImageTransformer.jpg","width":960,"height":640},{"@type":"BreadcrumbList","@id":"https:\/\/uninomadasur.net\/?p=4404#breadcrumb","itemListElement":[{"@type":"ListItem","position":1,"name":"Inicio","item":"https:\/\/uninomadasur.net\/"},{"@type":"ListItem","position":2,"name":"Una introducci\u00f3n a la vida no fascista (Prefacio a la edici\u00f3n estadounidense de El Anti-Edipo)"}]},{"@type":"WebSite","@id":"https:\/\/uninomadasur.net\/#website","url":"https:\/\/uninomadasur.net\/","name":"UninomadaSUR","description":"UninomadaSUR","publisher":{"@id":"https:\/\/uninomadasur.net\/#organization"},"potentialAction":[{"@type":"SearchAction","target":{"@type":"EntryPoint","urlTemplate":"https:\/\/uninomadasur.net\/?s={search_term_string}"},"query-input":{"@type":"PropertyValueSpecification","valueRequired":true,"valueName":"search_term_string"}}],"inLanguage":"es"},{"@type":"Organization","@id":"https:\/\/uninomadasur.net\/#organization","name":"UninomadaSUR","url":"https:\/\/uninomadasur.net\/","logo":{"@type":"ImageObject","inLanguage":"es","@id":"https:\/\/uninomadasur.net\/#\/schema\/logo\/image\/","url":"https:\/\/uninomadasur.net\/wp-content\/uploads\/2018\/09\/uni-logo.png","contentUrl":"https:\/\/uninomadasur.net\/wp-content\/uploads\/2018\/09\/uni-logo.png","width":260,"height":94,"caption":"UninomadaSUR"},"image":{"@id":"https:\/\/uninomadasur.net\/#\/schema\/logo\/image\/"}},{"@type":"Person","@id":"https:\/\/uninomadasur.net\/#\/schema\/person\/bf51815d932788910947ff9541a9b85c","name":"Administrador","image":{"@type":"ImageObject","inLanguage":"es","@id":"https:\/\/uninomadasur.net\/#\/schema\/person\/image\/","url":"https:\/\/secure.gravatar.com\/avatar\/b36419d5b57d43ccfb2c84733927cffe?s=96&d=mm&r=g","contentUrl":"https:\/\/secure.gravatar.com\/avatar\/b36419d5b57d43ccfb2c84733927cffe?s=96&d=mm&r=g","caption":"Administrador"},"url":"https:\/\/uninomadasur.net\/?author=2"}]}},"jetpack_featured_media_url":"https:\/\/uninomadasur.net\/wp-content\/uploads\/2025\/03\/ImageTransformer.jpg","jetpack_sharing_enabled":true,"jetpack_shortlink":"https:\/\/wp.me\/paDeUS-192","_links":{"self":[{"href":"https:\/\/uninomadasur.net\/index.php?rest_route=\/wp\/v2\/posts\/4404"}],"collection":[{"href":"https:\/\/uninomadasur.net\/index.php?rest_route=\/wp\/v2\/posts"}],"about":[{"href":"https:\/\/uninomadasur.net\/index.php?rest_route=\/wp\/v2\/types\/post"}],"author":[{"embeddable":true,"href":"https:\/\/uninomadasur.net\/index.php?rest_route=\/wp\/v2\/users\/2"}],"replies":[{"embeddable":true,"href":"https:\/\/uninomadasur.net\/index.php?rest_route=%2Fwp%2Fv2%2Fcomments&post=4404"}],"version-history":[{"count":1,"href":"https:\/\/uninomadasur.net\/index.php?rest_route=\/wp\/v2\/posts\/4404\/revisions"}],"predecessor-version":[{"id":4406,"href":"https:\/\/uninomadasur.net\/index.php?rest_route=\/wp\/v2\/posts\/4404\/revisions\/4406"}],"wp:featuredmedia":[{"embeddable":true,"href":"https:\/\/uninomadasur.net\/index.php?rest_route=\/wp\/v2\/media\/4405"}],"wp:attachment":[{"href":"https:\/\/uninomadasur.net\/index.php?rest_route=%2Fwp%2Fv2%2Fmedia&parent=4404"}],"wp:term":[{"taxonomy":"category","embeddable":true,"href":"https:\/\/uninomadasur.net\/index.php?rest_route=%2Fwp%2Fv2%2Fcategories&post=4404"},{"taxonomy":"post_tag","embeddable":true,"href":"https:\/\/uninomadasur.net\/index.php?rest_route=%2Fwp%2Fv2%2Ftags&post=4404"}],"curies":[{"name":"wp","href":"https:\/\/api.w.org\/{rel}","templated":true}]}}