{"id":4456,"date":"2025-04-12T13:59:07","date_gmt":"2025-04-12T13:59:07","guid":{"rendered":"https:\/\/uninomadasur.net\/?p=4456"},"modified":"2025-04-12T13:59:07","modified_gmt":"2025-04-12T13:59:07","slug":"ecuador-un-proceso-electoral-sembrado-de-dudas","status":"publish","type":"post","link":"https:\/\/uninomadasur.net\/?p=4456","title":{"rendered":"Ecuador: un proceso electoral sembrado de dudas"},"content":{"rendered":"<p><em>Este domingo, 13 de abril, Ecuador decidir\u00e1 en las urnas qui\u00e9n ejercer\u00e1 como m\u00e1ximo mandatario del pa\u00eds durante los pr\u00f3ximos cuatro a\u00f1os. Los sondeos de opini\u00f3n manifiestan un empate t\u00e9cnico entre las candidaturas del magnate presidente conservador Daniel Noboa y la opositora progresista Luisa Gonz\u00e1lez.<\/em><\/p>\n<p><b>Por Decio Machado<\/b><\/p>\n<p>Investido como m\u00e1ximo mandatario el 23 de noviembre de 2023, Daniel Noboa encabeza un gobierno transitorio carente de \u00e9xitos en su casi a\u00f1o y medio de gesti\u00f3n presidencial.<\/p>\n<p>De la crisis multifac\u00e9tica que hoy flagela al Ecuador, la inseguridad ciudadana y la crisis econ\u00f3mica son las dos principales preocuaciones ciudadanas. Respecto a la primera cuesti\u00f3n y tras incrementar el IVA del 12% al 15% en abril del pasado a\u00f1o con el objetivo de fortalecer la recaudaci\u00f3n fiscal para reforzar el combate al crimen organizado, este primer trimestre del 2025 marca los indicadores de violencia y homicidios intencionados m\u00e1s altos de la historia del pa\u00eds. En lo concerniente al \u00e1mbito econ\u00f3mico, en un pa\u00eds que hoy es 10 puntos porcentuales m\u00e1s pobre de lo que era diez a\u00f1os atr\u00e1s, durante el per\u00edodo de gesti\u00f3n nobo\u00edsta se registra una p\u00e9rdida de cerca de 300 mil empleos adecuados y un incremento proporcional del empleo informal en el pa\u00eds. De hecho, lo que salv\u00f3 la econom\u00eda nacional durante el a\u00f1o 2024 fueron los 6.500 millones de d\u00f3lares que ingresaron al pa\u00eds en concepto de remesas provenientes de la migraci\u00f3n ecuatoriana en Estados Unidos, rubro superior a los 5.800 millones de d\u00f3lares provenientes de organismos multilaterales durante ese mismo a\u00f1o y producto de la pol\u00edtica de endeudamiento acelerado que viene teniendo lugar en Ecuador.<\/p>\n<p>En este peque\u00f1o pa\u00eds andino, cuyo n\u00famero de habitantes ronda los 18 millones de personas, 450.000 mil ni\u00f1os y adolescentes de entre tres y diecisiete a\u00f1os est\u00e1n fuera del sistema escolar;\u00a0 el Ministerio de Inclusi\u00f3n Econ\u00f3mica y Social le adeuda seis meses de sueldos a sus educadores;\u00a0 el sistema p\u00fablico de salud se encuentra inmerso en una crisis de fase terminal con hospitales desabastecidos de los m\u00e9dicos y medicamentos necesarios; los derrames de crudo se suceden uno tras otro con cada vez mayor impacto ambiental fruto de la falta de inversi\u00f3n para el mantenimiento de las cada vez m\u00e1s deterioradas instalaciones y oleoductos petroleros; la infraestructura vial, portuaria y aeroporturia se encuentra cada vez m\u00e1s deteriorada; el indicador de pobreza se elev\u00f3 hasta alcanzar al 28% de la poblaci\u00f3n y el de extrema probeza el 12,7%.<\/p>\n<p>Pese a ello, a pocos d\u00edas de la jornada electoral de balotaje, todos los sondeos de opini\u00f3n sit\u00faan las diferencias entre los dos candidatos presidenciales -Daniel Noboa y Luisa Gonz\u00e1lez- dentro del margen de error del \u00b13%, prevey\u00e9ndose un \u201cdesenlace foto finish\u201d.<\/p>\n<p>Este clima de incertidumbre pol\u00edtica se enmarca en lo que ha sido la campa\u00f1a electoral m\u00e1s turbia que ha tenido lugar en Ecuador desde el a\u00f1o 1979, momento en el que el pa\u00eds volvi\u00f3 a la democracia tras casi una d\u00e9cada de dictadura militar.<\/p>\n<p>Pese a su corto per\u00edodo de gesti\u00f3n, Noboa hoy controla todos y cada uno de los poderes del Estado y el conjunto de instituciones de control de la democracia. A la par, la estrategia de comunicaci\u00f3n noboista ancl\u00f3 una de sus aristas en la cooptaci\u00f3n de los principales medios de comunicaci\u00f3n del pa\u00eds mediante contratos para el pautaje de distintas campa\u00f1as de propaganda gubernamental.<\/p>\n<p>As\u00ed las cosas, esta campa\u00f1a electoral se ha caracterizado por la complicidad de los \u00f3rganos de control electoral -especialmente del Consejo Nacional Electoral y Tribunal Contencioso Electoral- con la estrategia electoral de la candidatura de Daniel Noboa por su reeleci\u00f3n presidencial. Enmarcado en lo anterior, a finales del pasado mes de noviembre el Tribunal Contencioso Electoral descalificaba sin mayor justificaci\u00f3n la candidatura de Jan Topic, otro joven millonario heredero de un imperio econ\u00f3mico vinculado al sector tecnol\u00f3gico, que se presentaba como principal rival y divisor del voto de Daniel Noboa dentro del \u00e1mbito ideol\u00f3gico conservador. De igual manera y pocos d\u00edas despu\u00e9s, el Consejo Nacional Electoral y la Corte Constitucional del Ecuador autorizaban al mandatario vulnerar el art\u00edculo 93 del C\u00f3digo de la Democracia, el cual establece que todos los funcionarios que opten por la reelecci\u00f3n inmediata al mismo cargo deben solicitar una licencia sin remuneraci\u00f3n desde el inicio de la campa\u00f1a electoral.<\/p>\n<p>En paralelo y mientras el candidato-presidente Daniel Noboa ejercec\u00eda su campa\u00f1a haciendo uso, sin pudor alguno, del patrimonio p\u00fablico para fines personales-electorales, el conjunto de los medios de comunicaci\u00f3n m\u00e1s importantes del pa\u00eds se alineaban en torno a un relato -carente de respaldo probatorio- que vinculaba a la candidata Luisa Gonz\u00e1lez y su entorno pol\u00edtico con las redes delincuenciales del narcotr\u00e1fico que hoy operan en el pa\u00eds.<\/p>\n<p><b>R\u00e9gimen de guerra<\/b><\/p>\n<p>Entender como, con la complicidad de las instituciones responsables, se lleg\u00f3 a la violaci\u00f3n sistem\u00e1tica de la normativa electoral y del orden constitucional vigente durante la actual disputa presidencial, pasa por comprender el proceso de consolidaci\u00f3n de un \u201cregimen de guerra\u201d al interior del pa\u00eds durante el actual mandato nobo\u00edsta.<\/p>\n<p>En respuesta a la espiral de violencia que transversaliza al pa\u00eds, el 9 de enero del pasado a\u00f1o el presidente Noboa declarar\u00eda de forma oficial la existencia de un \u201cconflicto armado interno\u201d. Mediante el decreto ejecutivo se dispuso la movilizaci\u00f3n e intervenci\u00f3n de las Fuerzas Armadas, en apoyo a la Polic\u00eda Nacional, para combatir \u201cel crimen organizado transnacional, organizaciones terroristas y\u00a0 los actores no estatales beligerantes\u201d.<\/p>\n<p>Lo anterior permiti\u00f3 la militarizaci\u00f3n del pa\u00eds, el fin de toda movilizaci\u00f3n social en espacios p\u00fablicos y la escalada de una \u201cguerra sucia\u201d contra el narco que tuvo su momento de climax en diciembre del pasado a\u00f1o, con la desaparici\u00f3n forzada y posterior ejecuci\u00f3n extrajudicial de cuatro ni\u00f1os pobres de origen afroecuatoriano a manos de un escuadr\u00f3n militar que patrullaba un barrio perif\u00e9rico urbano marginal de la ciudad de Guayaquil. Con posterioridad a dicho caso, se desvelaron m\u00faltiples denuncias de caracter\u00edsticas similares que englobar\u00edan una treinta de falsos positivos distribuidos por diversas ciudades del Ecuador.<\/p>\n<p>En encubrimiento sistem\u00e1tico por parte del Ejecutivo y la Fiscalia General del Estado de este tipo de casos conllevar\u00eda la fidelizaci\u00f3n de las Fuerzas Armadas a la figura del presidente Noboa, as\u00ed como el consiguiente resquemor a que ante un posible cambio de gobierno se inagurasen sin n\u00famero de procesos de investigaci\u00f3n que develaran m\u00faltiples casos similares.<\/p>\n<p>En un pa\u00eds en crisis profunda e incapaz de mantener el orden interno, las fronteras entre lo econ\u00f3mico, lo democr\u00e1tico y lo militar se hicieron r\u00e1pidamente cada vez m\u00e1s difusas, alter\u00e1ndose tanto la ret\u00f3rica pol\u00edtica como las pr\u00e1cticas represivas que terminar\u00edan consolidando un \u201cr\u00e9gimen de guerra\u201d enmarcado en la creciente militarizaci\u00f3n de la vida econ\u00f3mica, social e institucional, as\u00ed como en la creciente alineaci\u00f3n de estas con las exigencias de la seguridad nacional.<\/p>\n<p>Lo anterior implicar\u00eda, no solo un recorte de libertades bajo los criterios de un estado de excepci\u00f3n permanente, sino tambi\u00e9n el sometimiento en la pr\u00e1ctica de los distintos poderes del Estado e instituciones aut\u00f3nomas al poder Ejecutivo.<\/p>\n<p>Es a partir de ah\u00ed donde establece una clara conexi\u00f3n entre el ethos militarista de parte de una sociedad transversalizada por el miedo, tanto a la inseguridad como a un futuro carente de horizonte econ\u00f3mico positivo, y el apoyo de esta a las jerarqu\u00edas sociales dominadas por una fracci\u00f3n de las \u00e9lites que captur\u00f3 el Estado y puso a su servicio.<\/p>\n<p><b>Legitimidad del proceso electoral<\/b><\/p>\n<p>En este contexto y m\u00e1s all\u00e1 de la cancha inclinada en la que tuvo lugar esta disputa electoral, existe un miedo generalizado en amplios sectores de la sociedad ecuatoriana respecto a que su voluntad expresada en las urnas no sea respetada.<\/p>\n<p>Todo r\u00e9gimen de guerra actua en contra del principio de la divisi\u00f3n de poderes y los \u201cchecks and balance\u201d establecidos en todo Estado moderno y reconocidos en la carta magna ecuatoriana. A su vez, todo r\u00e9gimen de guerra tiende a la centralizaci\u00f3n y concentraci\u00f3n del poder bajo l\u00f3gicas autocr\u00e1ticas, atenta contra los principios de transparencia y se transforma en herramienta de destrucci\u00f3n de los fundamentos de la democracia.<\/p>\n<p>M\u00e1s que por convicci\u00f3n ideol\u00f3gica, son estos los factores que llevaron al movimiento ind\u00edgena y a otras organizaciones sociales y populares a determinar su apoyo en segunda vuelta a la candidatura corre\u00edsta encabezada por Luisa Gonz\u00e1lez. Pero a su vez, son estos factores tambi\u00e9n los que generan dudas sobre la \u201climpieza\u201d en el recuento de votos que tendr\u00e1 lugar el pr\u00f3ximo domingo, m\u00e1xime en una coyuntura donde la diferencia de entre una y otra candidatura en primera vuelta fue inferior a veinte mil votos.<\/p>\n","protected":false},"excerpt":{"rendered":"<p>Este domingo, 13 de abril, Ecuador decidir\u00e1 en las urnas qui\u00e9n ejercer\u00e1 como m\u00e1ximo mandatario del pa\u00eds durante los pr\u00f3ximos cuatro a\u00f1os. Los sondeos de opini\u00f3n manifiestan un empate t\u00e9cnico entre las candidaturas del magnate presidente conservador Daniel Noboa y la opositora progresista Luisa Gonz\u00e1lez. Por Decio Machado Investido como m\u00e1ximo mandatario el 23 de [&hellip;]<\/p>\n","protected":false},"author":2,"featured_media":4457,"comment_status":"open","ping_status":"open","sticky":false,"template":"","format":"standard","meta":{"jetpack_post_was_ever_published":false,"_jetpack_newsletter_access":"","_jetpack_dont_email_post_to_subs":false,"_jetpack_newsletter_tier_id":0,"_jetpack_memberships_contains_paywalled_content":false,"_jetpack_memberships_contains_paid_content":false,"footnotes":"","jetpack_publicize_message":"","jetpack_publicize_feature_enabled":true,"jetpack_social_post_already_shared":true,"jetpack_social_options":{"image_generator_settings":{"template":"highway","enabled":false},"version":2}},"categories":[2],"tags":[],"class_list":["post-4456","post","type-post","status-publish","format-standard","has-post-thumbnail","hentry","category-blog"],"jetpack_publicize_connections":[],"yoast_head":"<!-- This site is optimized with the Yoast SEO plugin v23.4 - https:\/\/yoast.com\/wordpress\/plugins\/seo\/ -->\n<title>Ecuador: un proceso electoral sembrado de dudas - UninomadaSUR<\/title>\n<meta name=\"robots\" content=\"index, follow, max-snippet:-1, max-image-preview:large, max-video-preview:-1\" \/>\n<link rel=\"canonical\" href=\"https:\/\/uninomadasur.net\/?p=4456\" \/>\n<meta property=\"og:locale\" content=\"es_ES\" \/>\n<meta property=\"og:type\" content=\"article\" \/>\n<meta property=\"og:title\" content=\"Ecuador: un proceso electoral sembrado de dudas - UninomadaSUR\" \/>\n<meta property=\"og:description\" content=\"Este domingo, 13 de abril, Ecuador decidir\u00e1 en las urnas qui\u00e9n ejercer\u00e1 como m\u00e1ximo mandatario del pa\u00eds durante los pr\u00f3ximos cuatro a\u00f1os. Los sondeos de opini\u00f3n manifiestan un empate t\u00e9cnico entre las candidaturas del magnate presidente conservador Daniel Noboa y la opositora progresista Luisa Gonz\u00e1lez. Por Decio Machado Investido como m\u00e1ximo mandatario el 23 de [&hellip;]\" \/>\n<meta property=\"og:url\" content=\"https:\/\/uninomadasur.net\/?p=4456\" \/>\n<meta property=\"og:site_name\" content=\"UninomadaSUR\" \/>\n<meta property=\"article:published_time\" content=\"2025-04-12T13:59:07+00:00\" \/>\n<meta property=\"og:image\" content=\"http:\/\/uninomadasur.net\/wp-content\/uploads\/2025\/04\/decio-machado.jpg\" \/>\n\t<meta property=\"og:image:width\" content=\"649\" \/>\n\t<meta property=\"og:image:height\" content=\"920\" \/>\n\t<meta property=\"og:image:type\" content=\"image\/jpeg\" \/>\n<meta name=\"author\" content=\"Administrador\" \/>\n<meta name=\"twitter:card\" content=\"summary_large_image\" \/>\n<meta name=\"twitter:label1\" content=\"Escrito por\" \/>\n\t<meta name=\"twitter:data1\" content=\"Administrador\" \/>\n\t<meta name=\"twitter:label2\" content=\"Tiempo de lectura\" \/>\n\t<meta name=\"twitter:data2\" content=\"7 minutos\" \/>\n<script type=\"application\/ld+json\" class=\"yoast-schema-graph\">{\"@context\":\"https:\/\/schema.org\",\"@graph\":[{\"@type\":\"Article\",\"@id\":\"https:\/\/uninomadasur.net\/?p=4456#article\",\"isPartOf\":{\"@id\":\"https:\/\/uninomadasur.net\/?p=4456\"},\"author\":{\"name\":\"Administrador\",\"@id\":\"https:\/\/uninomadasur.net\/#\/schema\/person\/bf51815d932788910947ff9541a9b85c\"},\"headline\":\"Ecuador: un proceso electoral sembrado de dudas\",\"datePublished\":\"2025-04-12T13:59:07+00:00\",\"dateModified\":\"2025-04-12T13:59:07+00:00\",\"mainEntityOfPage\":{\"@id\":\"https:\/\/uninomadasur.net\/?p=4456\"},\"wordCount\":1563,\"commentCount\":0,\"publisher\":{\"@id\":\"https:\/\/uninomadasur.net\/#organization\"},\"image\":{\"@id\":\"https:\/\/uninomadasur.net\/?p=4456#primaryimage\"},\"thumbnailUrl\":\"https:\/\/uninomadasur.net\/wp-content\/uploads\/2025\/04\/decio-machado.jpg\",\"articleSection\":[\"Blog\"],\"inLanguage\":\"es\",\"potentialAction\":[{\"@type\":\"CommentAction\",\"name\":\"Comment\",\"target\":[\"https:\/\/uninomadasur.net\/?p=4456#respond\"]}]},{\"@type\":\"WebPage\",\"@id\":\"https:\/\/uninomadasur.net\/?p=4456\",\"url\":\"https:\/\/uninomadasur.net\/?p=4456\",\"name\":\"Ecuador: un proceso electoral sembrado de dudas - UninomadaSUR\",\"isPartOf\":{\"@id\":\"https:\/\/uninomadasur.net\/#website\"},\"primaryImageOfPage\":{\"@id\":\"https:\/\/uninomadasur.net\/?p=4456#primaryimage\"},\"image\":{\"@id\":\"https:\/\/uninomadasur.net\/?p=4456#primaryimage\"},\"thumbnailUrl\":\"https:\/\/uninomadasur.net\/wp-content\/uploads\/2025\/04\/decio-machado.jpg\",\"datePublished\":\"2025-04-12T13:59:07+00:00\",\"dateModified\":\"2025-04-12T13:59:07+00:00\",\"breadcrumb\":{\"@id\":\"https:\/\/uninomadasur.net\/?p=4456#breadcrumb\"},\"inLanguage\":\"es\",\"potentialAction\":[{\"@type\":\"ReadAction\",\"target\":[\"https:\/\/uninomadasur.net\/?p=4456\"]}]},{\"@type\":\"ImageObject\",\"inLanguage\":\"es\",\"@id\":\"https:\/\/uninomadasur.net\/?p=4456#primaryimage\",\"url\":\"https:\/\/uninomadasur.net\/wp-content\/uploads\/2025\/04\/decio-machado.jpg\",\"contentUrl\":\"https:\/\/uninomadasur.net\/wp-content\/uploads\/2025\/04\/decio-machado.jpg\",\"width\":649,\"height\":920},{\"@type\":\"BreadcrumbList\",\"@id\":\"https:\/\/uninomadasur.net\/?p=4456#breadcrumb\",\"itemListElement\":[{\"@type\":\"ListItem\",\"position\":1,\"name\":\"Inicio\",\"item\":\"https:\/\/uninomadasur.net\/\"},{\"@type\":\"ListItem\",\"position\":2,\"name\":\"Ecuador: un proceso electoral sembrado de dudas\"}]},{\"@type\":\"WebSite\",\"@id\":\"https:\/\/uninomadasur.net\/#website\",\"url\":\"https:\/\/uninomadasur.net\/\",\"name\":\"UninomadaSUR\",\"description\":\"UninomadaSUR\",\"publisher\":{\"@id\":\"https:\/\/uninomadasur.net\/#organization\"},\"potentialAction\":[{\"@type\":\"SearchAction\",\"target\":{\"@type\":\"EntryPoint\",\"urlTemplate\":\"https:\/\/uninomadasur.net\/?s={search_term_string}\"},\"query-input\":{\"@type\":\"PropertyValueSpecification\",\"valueRequired\":true,\"valueName\":\"search_term_string\"}}],\"inLanguage\":\"es\"},{\"@type\":\"Organization\",\"@id\":\"https:\/\/uninomadasur.net\/#organization\",\"name\":\"UninomadaSUR\",\"url\":\"https:\/\/uninomadasur.net\/\",\"logo\":{\"@type\":\"ImageObject\",\"inLanguage\":\"es\",\"@id\":\"https:\/\/uninomadasur.net\/#\/schema\/logo\/image\/\",\"url\":\"https:\/\/uninomadasur.net\/wp-content\/uploads\/2018\/09\/uni-logo.png\",\"contentUrl\":\"https:\/\/uninomadasur.net\/wp-content\/uploads\/2018\/09\/uni-logo.png\",\"width\":260,\"height\":94,\"caption\":\"UninomadaSUR\"},\"image\":{\"@id\":\"https:\/\/uninomadasur.net\/#\/schema\/logo\/image\/\"}},{\"@type\":\"Person\",\"@id\":\"https:\/\/uninomadasur.net\/#\/schema\/person\/bf51815d932788910947ff9541a9b85c\",\"name\":\"Administrador\",\"image\":{\"@type\":\"ImageObject\",\"inLanguage\":\"es\",\"@id\":\"https:\/\/uninomadasur.net\/#\/schema\/person\/image\/\",\"url\":\"https:\/\/secure.gravatar.com\/avatar\/b36419d5b57d43ccfb2c84733927cffe?s=96&d=mm&r=g\",\"contentUrl\":\"https:\/\/secure.gravatar.com\/avatar\/b36419d5b57d43ccfb2c84733927cffe?s=96&d=mm&r=g\",\"caption\":\"Administrador\"},\"url\":\"https:\/\/uninomadasur.net\/?author=2\"}]}<\/script>\n<!-- \/ Yoast SEO plugin. -->","yoast_head_json":{"title":"Ecuador: un proceso electoral sembrado de dudas - UninomadaSUR","robots":{"index":"index","follow":"follow","max-snippet":"max-snippet:-1","max-image-preview":"max-image-preview:large","max-video-preview":"max-video-preview:-1"},"canonical":"https:\/\/uninomadasur.net\/?p=4456","og_locale":"es_ES","og_type":"article","og_title":"Ecuador: un proceso electoral sembrado de dudas - UninomadaSUR","og_description":"Este domingo, 13 de abril, Ecuador decidir\u00e1 en las urnas qui\u00e9n ejercer\u00e1 como m\u00e1ximo mandatario del pa\u00eds durante los pr\u00f3ximos cuatro a\u00f1os. Los sondeos de opini\u00f3n manifiestan un empate t\u00e9cnico entre las candidaturas del magnate presidente conservador Daniel Noboa y la opositora progresista Luisa Gonz\u00e1lez. Por Decio Machado Investido como m\u00e1ximo mandatario el 23 de [&hellip;]","og_url":"https:\/\/uninomadasur.net\/?p=4456","og_site_name":"UninomadaSUR","article_published_time":"2025-04-12T13:59:07+00:00","og_image":[{"width":649,"height":920,"url":"http:\/\/uninomadasur.net\/wp-content\/uploads\/2025\/04\/decio-machado.jpg","type":"image\/jpeg"}],"author":"Administrador","twitter_card":"summary_large_image","twitter_misc":{"Escrito por":"Administrador","Tiempo de lectura":"7 minutos"},"schema":{"@context":"https:\/\/schema.org","@graph":[{"@type":"Article","@id":"https:\/\/uninomadasur.net\/?p=4456#article","isPartOf":{"@id":"https:\/\/uninomadasur.net\/?p=4456"},"author":{"name":"Administrador","@id":"https:\/\/uninomadasur.net\/#\/schema\/person\/bf51815d932788910947ff9541a9b85c"},"headline":"Ecuador: un proceso electoral sembrado de dudas","datePublished":"2025-04-12T13:59:07+00:00","dateModified":"2025-04-12T13:59:07+00:00","mainEntityOfPage":{"@id":"https:\/\/uninomadasur.net\/?p=4456"},"wordCount":1563,"commentCount":0,"publisher":{"@id":"https:\/\/uninomadasur.net\/#organization"},"image":{"@id":"https:\/\/uninomadasur.net\/?p=4456#primaryimage"},"thumbnailUrl":"https:\/\/uninomadasur.net\/wp-content\/uploads\/2025\/04\/decio-machado.jpg","articleSection":["Blog"],"inLanguage":"es","potentialAction":[{"@type":"CommentAction","name":"Comment","target":["https:\/\/uninomadasur.net\/?p=4456#respond"]}]},{"@type":"WebPage","@id":"https:\/\/uninomadasur.net\/?p=4456","url":"https:\/\/uninomadasur.net\/?p=4456","name":"Ecuador: un proceso electoral sembrado de dudas - UninomadaSUR","isPartOf":{"@id":"https:\/\/uninomadasur.net\/#website"},"primaryImageOfPage":{"@id":"https:\/\/uninomadasur.net\/?p=4456#primaryimage"},"image":{"@id":"https:\/\/uninomadasur.net\/?p=4456#primaryimage"},"thumbnailUrl":"https:\/\/uninomadasur.net\/wp-content\/uploads\/2025\/04\/decio-machado.jpg","datePublished":"2025-04-12T13:59:07+00:00","dateModified":"2025-04-12T13:59:07+00:00","breadcrumb":{"@id":"https:\/\/uninomadasur.net\/?p=4456#breadcrumb"},"inLanguage":"es","potentialAction":[{"@type":"ReadAction","target":["https:\/\/uninomadasur.net\/?p=4456"]}]},{"@type":"ImageObject","inLanguage":"es","@id":"https:\/\/uninomadasur.net\/?p=4456#primaryimage","url":"https:\/\/uninomadasur.net\/wp-content\/uploads\/2025\/04\/decio-machado.jpg","contentUrl":"https:\/\/uninomadasur.net\/wp-content\/uploads\/2025\/04\/decio-machado.jpg","width":649,"height":920},{"@type":"BreadcrumbList","@id":"https:\/\/uninomadasur.net\/?p=4456#breadcrumb","itemListElement":[{"@type":"ListItem","position":1,"name":"Inicio","item":"https:\/\/uninomadasur.net\/"},{"@type":"ListItem","position":2,"name":"Ecuador: un proceso electoral sembrado de dudas"}]},{"@type":"WebSite","@id":"https:\/\/uninomadasur.net\/#website","url":"https:\/\/uninomadasur.net\/","name":"UninomadaSUR","description":"UninomadaSUR","publisher":{"@id":"https:\/\/uninomadasur.net\/#organization"},"potentialAction":[{"@type":"SearchAction","target":{"@type":"EntryPoint","urlTemplate":"https:\/\/uninomadasur.net\/?s={search_term_string}"},"query-input":{"@type":"PropertyValueSpecification","valueRequired":true,"valueName":"search_term_string"}}],"inLanguage":"es"},{"@type":"Organization","@id":"https:\/\/uninomadasur.net\/#organization","name":"UninomadaSUR","url":"https:\/\/uninomadasur.net\/","logo":{"@type":"ImageObject","inLanguage":"es","@id":"https:\/\/uninomadasur.net\/#\/schema\/logo\/image\/","url":"https:\/\/uninomadasur.net\/wp-content\/uploads\/2018\/09\/uni-logo.png","contentUrl":"https:\/\/uninomadasur.net\/wp-content\/uploads\/2018\/09\/uni-logo.png","width":260,"height":94,"caption":"UninomadaSUR"},"image":{"@id":"https:\/\/uninomadasur.net\/#\/schema\/logo\/image\/"}},{"@type":"Person","@id":"https:\/\/uninomadasur.net\/#\/schema\/person\/bf51815d932788910947ff9541a9b85c","name":"Administrador","image":{"@type":"ImageObject","inLanguage":"es","@id":"https:\/\/uninomadasur.net\/#\/schema\/person\/image\/","url":"https:\/\/secure.gravatar.com\/avatar\/b36419d5b57d43ccfb2c84733927cffe?s=96&d=mm&r=g","contentUrl":"https:\/\/secure.gravatar.com\/avatar\/b36419d5b57d43ccfb2c84733927cffe?s=96&d=mm&r=g","caption":"Administrador"},"url":"https:\/\/uninomadasur.net\/?author=2"}]}},"jetpack_featured_media_url":"https:\/\/uninomadasur.net\/wp-content\/uploads\/2025\/04\/decio-machado.jpg","jetpack_sharing_enabled":true,"jetpack_shortlink":"https:\/\/wp.me\/paDeUS-19S","_links":{"self":[{"href":"https:\/\/uninomadasur.net\/index.php?rest_route=\/wp\/v2\/posts\/4456"}],"collection":[{"href":"https:\/\/uninomadasur.net\/index.php?rest_route=\/wp\/v2\/posts"}],"about":[{"href":"https:\/\/uninomadasur.net\/index.php?rest_route=\/wp\/v2\/types\/post"}],"author":[{"embeddable":true,"href":"https:\/\/uninomadasur.net\/index.php?rest_route=\/wp\/v2\/users\/2"}],"replies":[{"embeddable":true,"href":"https:\/\/uninomadasur.net\/index.php?rest_route=%2Fwp%2Fv2%2Fcomments&post=4456"}],"version-history":[{"count":1,"href":"https:\/\/uninomadasur.net\/index.php?rest_route=\/wp\/v2\/posts\/4456\/revisions"}],"predecessor-version":[{"id":4458,"href":"https:\/\/uninomadasur.net\/index.php?rest_route=\/wp\/v2\/posts\/4456\/revisions\/4458"}],"wp:featuredmedia":[{"embeddable":true,"href":"https:\/\/uninomadasur.net\/index.php?rest_route=\/wp\/v2\/media\/4457"}],"wp:attachment":[{"href":"https:\/\/uninomadasur.net\/index.php?rest_route=%2Fwp%2Fv2%2Fmedia&parent=4456"}],"wp:term":[{"taxonomy":"category","embeddable":true,"href":"https:\/\/uninomadasur.net\/index.php?rest_route=%2Fwp%2Fv2%2Fcategories&post=4456"},{"taxonomy":"post_tag","embeddable":true,"href":"https:\/\/uninomadasur.net\/index.php?rest_route=%2Fwp%2Fv2%2Ftags&post=4456"}],"curies":[{"name":"wp","href":"https:\/\/api.w.org\/{rel}","templated":true}]}}