{"id":4459,"date":"2025-04-16T16:47:13","date_gmt":"2025-04-16T16:47:13","guid":{"rendered":"https:\/\/uninomadasur.net\/?p=4459"},"modified":"2025-04-16T16:47:13","modified_gmt":"2025-04-16T16:47:13","slug":"la-pregunta","status":"publish","type":"post","link":"https:\/\/uninomadasur.net\/?p=4459","title":{"rendered":"La pregunta"},"content":{"rendered":"<p class=\"section__body\">\u00bfHay alguna manera de escapar de la espiral de demencia suicida que emana de la senescencia de Occidente?<\/p>\n<p class=\"autor\"><strong>por Franco \u2018Bifo\u2019 Berardi<\/strong><\/p>\n<div class=\"articulo__body\">\n<p>Hace unos d\u00edas recib\u00ed la invitaci\u00f3n de una asociaci\u00f3n estadounidense para participar en una convenci\u00f3n que se celebrar\u00e1 en Chicago los d\u00edas 5, 6 y 7 de abril. El tema de la convenci\u00f3n es \u201c\u00bfExiste una izquierda en el siglo XXI?\u201d. Respond\u00ed r\u00e1pidamente:<\/p>\n<p>\u201cPor desgracia, mi salud es tan precaria que no puedo abordar el viaje a Chicago. As\u00ed que no podr\u00e9 estar con ustedes en persona. Sin embargo, escribir\u00e9 un texto y lo publicar\u00e9 antes de abril para que puedan leer mis reflexiones si les interesa conocer mi opini\u00f3n. Gracias por la invitaci\u00f3n\u201d.<\/p>\n<p>Francamente (m\u00e1s all\u00e1 de mi fragilidad f\u00edsica), no tengo ning\u00fan deseo de ir a Estados Unidos, a ese pa\u00eds aterrador donde una mafia de racistas agresivos gobierna a una poblaci\u00f3n de individuos infelices que viven en una fren\u00e9tica competencia por la supervivencia.<\/p>\n<p>Sin embargo, la cuesti\u00f3n que se debatir\u00e1 en dicha convenci\u00f3n es un buen punto de partida para una reflexi\u00f3n muy necesaria sobre el futuro (o el no futuro) de la subjetividad social en este siglo. Aqui esta mi respuesta.<\/p>\n<p><strong>Una pregunta equivocada<\/strong><\/p>\n<p>\u00bfExistir\u00e1 la izquierda en el siglo XXI? Mi respuesta es: esta pregunta no me parece interesante. El significado mismo de la palabra <em>izquierda\u00a0<\/em>se ha perdido porque, con la excepci\u00f3n quiz\u00e1s de algunos pa\u00edses como Espa\u00f1a, la mayor\u00eda de quienes han formado parte de gobiernos de centroizquierda en los \u00faltimos treinta a\u00f1os han traicionado completamente a la clase trabajadora y a la sociedad en general. Adem\u00e1s, el mundo en el que la palabra <em>izquierda<\/em> significaba algo ha desaparecido.<\/p>\n<p>En Estados Unidos, en el Reino Unido y en la mayor\u00eda de los pa\u00edses europeos, la izquierda ha sido la punta de lanza de la devastaci\u00f3n neoliberal de la vida social. La funci\u00f3n de Blair, Schr\u00f6der, Hollande y los dem\u00e1s socialdem\u00f3cratas que gobernaron en los a\u00f1os noventa y en la primera d\u00e9cada del nuevo siglo fue devastar las condiciones de vida de la sociedad en favor del lucro y la competitividad, privatizar los servicios p\u00fablicos y favorecer la transferencia de dinero de los trabajadores a los ricos. Tambi\u00e9n la pol\u00edtica racista de rechazo a los inmigrantes ha sido concebida y dise\u00f1ada por pol\u00edticos como el italiano Marco Minniti (excomunista, entonces ministro del Interior en un gobierno de centroizquierda, arquitecto de la pol\u00edtica de deportaci\u00f3n de los migrantes que inspira a Meloni y a Trump).<\/p>\n<p>En Estados Unidos, los gobiernos de Clinton, Obama y Biden se han alineado perfectamente con la pol\u00edtica conservadora de agresi\u00f3n imperialista. Como resultado, se puede decir que en todo Occidente el centroizquierda ha sido responsable de la desilusi\u00f3n generalizada que llev\u00f3 a muchos votantes a abandonar la izquierda y a volcarse al nacional-liberalismo emergente que finalmente culmin\u00f3 en la furia trumpista.<\/p>\n<p>Los nazi-libertarios est\u00e1n restaurando un r\u00e9gimen esclavista y empujando a Occidente hacia la agresividad nacional y la guerra. Pero la raz\u00f3n del ascenso de esta ola ultrarreaccionaria reside en la traici\u00f3n de la autodenominada izquierda. Por lo tanto, \u00bfpor qu\u00e9 deber\u00eda preocuparme por el destino de una clase pol\u00edtica que, autodenomin\u00e1ndose de izquierda, ha seguido las mismas pol\u00edticas de la derecha?<\/p>\n<p>La pregunta interesante hoy no es: \u00bfexiste una izquierda en nuestro futuro? La pregunta interesante es si nuestra existencia social encontrar\u00e1 o no una manera de escapar de la agresi\u00f3n en curso y del retorno de la esclavitud, del terror social, de la militarizaci\u00f3n y de la guerra. \u00bfEncontrar\u00e1 la vida social una v\u00eda para la subjetivaci\u00f3n social? \u00bfSurgir\u00e1 un movimiento (consciente, colectivo y solidario) en el contexto actual de competencia, depresi\u00f3n, p\u00e1nico y deserotizaci\u00f3n de la vida social? Esta es la interesante pregunta que intento contestar.<\/p>\n<p><strong>P\u00e1nico<\/strong><\/p>\n<p>Una ola psic\u00f3tica recorre la sociedad occidental: la causa de la psicosis de p\u00e1nico masiva es una especie de colapso senil de la mente occidental.<\/p>\n<p>\u00bfQu\u00e9 es el p\u00e1nico? En el \u00faltimo cap\u00edtulo de <em>\u00bfQu\u00e9 es la filosof\u00eda? <\/em>Deleuze y Guattari reflexionan sobre el envejecimiento y hablan de la senescencia en t\u00e9rminos de la relaci\u00f3n entre el orden y el caos: \u201c (\u2026) Un poco de orden para protegernos del caos. Nada es m\u00e1s angustioso que un pensamiento que se escapa a s\u00ed mismo, que las ideas que se escapan, que desaparecen apenas formadas, ya erosionadas por el olvido o precipitadas en otras que ya no dominamos (\u2026) infinitas variabilidades, cuya aparici\u00f3n y desaparici\u00f3n coinciden (\u2026)\u201d.<\/p>\n<p>\u201cCaos\u201d se define aqu\u00ed en t\u00e9rminos de velocidad, de aceleraci\u00f3n de la infoesfera en contraposici\u00f3n a los ritmos lentos de la raz\u00f3n y de la mente emocional. Cuando las cosas empiezan a fluir tan r\u00e1pido que el cerebro humano se vuelve incapaz de elaborar el significado de la informaci\u00f3n, debido al caos, entramos en el estado de p\u00e1nico. P\u00e1nico es la incapacidad de tomar decisiones porque lo que sucede a nuestro alrededor es demasiado r\u00e1pido, demasiado complejo, y por lo tanto indecidible.<\/p>\n<p>El p\u00e1nico explica el comportamiento actual de la Uni\u00f3n Europea inconsistente hasta el punto de la demencia. Para complacer al amo estadounidense (Biden), hace tres a\u00f1os los l\u00edderes europeos decidieron empujar al pueblo ucraniano a la guerra contra Rusia. Rompieron el v\u00ednculo econ\u00f3mico con Rusia y se pusieron en modo belicista, apoyando y armando el nacionalismo ucraniano. Fue una decisi\u00f3n suicida porque el prop\u00f3sito de Biden era romper la relaci\u00f3n econ\u00f3mica entre Europa y Rusia, y derrotar a Alemania. Alemania ha sido derrotada, Ucrania ha sido destrozada. Europa ha sido empujada al borde del abismo.<\/p>\n<p>Luego, el amo estadounidense (Trump) traicion\u00f3 la causa ucraniana y abandon\u00f3 a los europeos a su suerte. Millones de personas han abandonado Ucrania, innumerables j\u00f3venes han muerto en las trincheras del Donb\u00e1s. Los ucranianos est\u00e1n derrotados, empobrecidos y humillados. Los europeos se encuentran en una trampa. Tras caer en una crisis de p\u00e1nico, Macron, Starmer, Merz y Ursula von der Leyen decidieron hacer algo in\u00fatil, peligroso, destructivo y autolesivo: una enorme inversi\u00f3n de dinero para el rearme del continente.<\/p>\n<p>\u00bfQu\u00e9 hacer en una situaci\u00f3n de p\u00e1nico? Mi sugerencia es que no se tomen decisiones, que no hay que centrarse en el torrente de informaci\u00f3n, sino que hay que respirar hondo y renunciar a la acci\u00f3n. Los l\u00edderes europeos, por el contrario, decidieron lanzar un plan masivo de rearme y reconversi\u00f3n militar de la industria automotriz.<\/p>\n<p>\u00bfSe quedar\u00e1n los rusos de brazos cruzados mientras los europeos se arman hasta los dientes, o decidir\u00e1 Putin atacar a Europa antes de que est\u00e9 lista para la guerra?<\/p>\n<p>La rusofobia generalizada de los l\u00edderes europeos corre el riesgo de convertirse en una profec\u00eda autocumplida. Mientras los europeos se apresuran a tomar las armas por temor a la agresividad rusa, tengo miedo de que los rusos no se queden esperando perezosamente el rearme completo de los europeos.<\/p>\n<p><strong>Depresi\u00f3n<\/strong><\/p>\n<p>Seg\u00fan los psiquiatras, la depresi\u00f3n es la patolog\u00eda predominante de la generaci\u00f3n que aprendi\u00f3 m\u00e1s palabras de una m\u00e1quina que de la voz de su madre. La depresi\u00f3n es desagradable, es dolorosa; bueno, la depresi\u00f3n es depresiva. As\u00ed que har\u00edas casi cualquier cosa para liberarte de sus garras. Resulta que la movilizaci\u00f3n agresiva de energ\u00edas mentales puede ser una terapia para la depresi\u00f3n.<\/p>\n<p>Hitler lo sab\u00eda. A los alemanes deprimidos, humillados tras la Primera Guerra Mundial, les dijo: \u201cNo se consideren trabajadores derrotados, consid\u00e9rense guerreros. No se consideren humillados. Consid\u00e9rense humilladores\u201d. \u00c9l gan\u00f3 las elecciones, y los alemanes arrastraron a Europa a la pesadilla de la Segunda Guerra Mundial.<\/p>\n<p>La autoidentificaci\u00f3n agresiva, la movilizaci\u00f3n nacionalista y el patriotismo act\u00faan como una terapia de anfetaminas para la mente deprimida. Esta terapia funciona por un tiempo. Luego, se cae en tragedias abismales. Por eso la ola psic\u00f3tica de la senescente cultura occidental converge con las decisiones pol\u00edticas de una parte importante de la nueva generaci\u00f3n.<\/p>\n<p>Como pueden ver, la pregunta interesante no es si existir\u00e1 la izquierda en el siglo XXI, sino c\u00f3mo escapar de la reacci\u00f3n del ciclo p\u00e1nico-depresivo que estall\u00f3 abruptamente en 2025.<\/p>\n<p>\u00bfEs posible iniciar un proceso de subjetivaci\u00f3n consciente y autonom\u00eda social?<\/p>\n<p><strong>Deserci\u00f3n masiva<\/strong><\/p>\n<p>Mis viejos amigos pacifistas expresan su consternaci\u00f3n porque no hay movilizaci\u00f3n pol\u00edtica contra el rearme de la Uni\u00f3n Europea ni manifestaciones masivas contra la creciente militarizaci\u00f3n de la econom\u00eda y del discurso p\u00fablico.<\/p>\n<p>Entiendo su consternaci\u00f3n, pero s\u00e9 que desde el 15 de febrero de 2003, tras la enorme movilizaci\u00f3n mundial contra la guerra de Irak, el movimiento pacifista se ha disuelto. En aquella ocasi\u00f3n, el pacifismo no pudo detener la guerra, y hoy cuesta creer que las manifestaciones y las protestas sean \u00fatiles para frenar el frenes\u00ed.<\/p>\n<p>La locura de los belicistas europeos no tiene su ra\u00edz en una estrategia pol\u00edtica, sino en el colapso mental de la cultura occidental, incapaz de afrontar su propio declive irreversible. Y (obviamente) tiene su ra\u00edz en los intereses del complejo militar industrial.<\/p>\n<p>Lo que necesitamos es mucho m\u00e1s que manifestaciones y protestas. Lo que la vida social necesita es una forma de escapar de la militarizaci\u00f3n de la sociedad europea. Lo que se necesita es una ola masiva de deserciones. Deserci\u00f3n de la guerra, pero tambi\u00e9n deserci\u00f3n de la econom\u00eda de guerra y de la obsesi\u00f3n nacionalista.<\/p>\n<p><strong>Obsesi\u00f3n<\/strong><\/p>\n<p>El a\u00f1o 2025 marca un antes y un despu\u00e9s. En el siglo pasado, el marco de la subjetivaci\u00f3n social era la lucha de clases: el internacionalismo y la solidaridad obrera contra la explotaci\u00f3n.<\/p>\n<p>Ya no. El marco ha cambiado porque la conciencia social se ha hiperfragmentado, el tiempo social se ha celularizado y el <a href=\"https:\/\/ctxt.es\/es\/20240901\/Firmas\/47398\/Franco-Bifo-Berardi-hipercapitalismo-semiocapital-plataformas-digitales-explotacion-Sur-global.htm\" target=\"_blank\" rel=\"noopener\">semiocapital<\/a> ha transformado el proceso de producci\u00f3n en una recombinaci\u00f3n de fractales vivos. La solidaridad se ha borrado de la vida social debido a la precarizaci\u00f3n del trabajo.<\/p>\n<p>La precariedad, el aislamiento y la soledad han desatado una ola de angustia mental y de disforia. La subjetivaci\u00f3n social ha pasado del \u00e1mbito del conflicto social al de la psicobiopol\u00edtica. A nivel global, la identificaci\u00f3n biol\u00f3gica (racial, \u00e9tnica, nacional) ha sustituido a la solidaridad social. La pertenencia ha sustituido a la conciencia. La ferocidad y la lucha por la vida han sustituido al conflicto para la redistribuci\u00f3n de la riqueza social. En consecuencia, la supervivencia y el genocidio son los puntos cardinales del nuevo mapa biopol\u00edtico.<\/p>\n<p><strong>Consciencia y psicosis<\/strong><\/p>\n<p>La conciencia (conciencia de s\u00ed mismo y del otro) est\u00e1 criminalizada: <em>woke<\/em> es la palabra clave de esta criminalizaci\u00f3n. Estar despierto (consciente) significa ser d\u00e9bil: la generaci\u00f3n que algunos soci\u00f3logos llaman \u201cgeneraci\u00f3n del copo de nieve\u201d [en Espa\u00f1a es m\u00e1s usual el t\u00e9rmino \u201cgeneraci\u00f3n de cristal\u201d] es tan fr\u00e1gil porque los j\u00f3venes asumen la responsabilidad de la colonizaci\u00f3n blanca y piensan en la sexualidad en t\u00e9rminos de elecci\u00f3n y no en t\u00e9rminos de la supremac\u00eda natural del hombre.<\/p>\n<p>Si quieres ser fuerte, olv\u00eddate de la conciencia, conf\u00eda en Trump y en el dinero. Si quieres ser fuerte, olv\u00eddate del pensamiento y cree (en Dios, en la naci\u00f3n, en la supremac\u00eda blanca, en la civilizaci\u00f3n superior de Occidente).<\/p>\n<p>En 1919, Sandor Ferenczy dijo que el psicoan\u00e1lisis era incapaz de tratar la psicosis de masas. La pol\u00edtica tambi\u00e9n. Todo el mundo sabe lo que sucedi\u00f3 en Europa despu\u00e9s de 1919. Un siglo despu\u00e9s, estamos en el mismo punto. Ahora surge una pregunta: \u00bfes invencible el Reino de Trump? No lo creo. Creo que los monstruos no van a triunfar para siempre porque en todo el mundo han puesto en marcha un proceso de desintegraci\u00f3n general: la desintegraci\u00f3n del Estado, la desintegraci\u00f3n de la civilizaci\u00f3n social, la desintegraci\u00f3n del medio ambiente.<\/p>\n<p>El orden occidental se est\u00e1 desmoronando y se derrumbar\u00e1. La cuesti\u00f3n que tenemos que investigar es la siguiente: \u00bfpuede surgir una subjetividad colectiva y solidaria desde las ruinas de la civilizaci\u00f3n?<\/p>\n<p><strong>Desintegraci\u00f3n<\/strong><\/p>\n<p>Desintegraci\u00f3n del mapa geopol\u00edtico, del sistema social y del cerebro senil de Occidente. La integraci\u00f3n econ\u00f3mica del Sur (BRICS) es un peligro para el senil mundo occidental. La inminente crisis del d\u00f3lar como centro del sistema financiero global y el declive demogr\u00e1fico del hemisferio norte han empujado a Estados Unidos a abandonar el proyecto de globalizaci\u00f3n que fue el eje estrat\u00e9gico de los \u00faltimos treinta a\u00f1os (el llamado Imperio). Ahora apuestan todo a la alianza con Rusia por la supremac\u00eda blanca.<\/p>\n<p>El trump-putinismo es el proyecto de restauraci\u00f3n del suprematismo blanco, la divisi\u00f3n del mundo en zonas de influencia hipercolonialista, la liquidaci\u00f3n de la democracia liberal y el inicio de un proceso de devastaci\u00f3n extractiva de los recursos del planeta.<\/p>\n<p>Genocidio, deportaci\u00f3n y detenci\u00f3n de la poblaci\u00f3n migrante, esclavitud masiva, destrucci\u00f3n definitiva del medioambiente: todo esto ocurrir\u00e1 bajo la hegemon\u00eda de Trump-Putin.<\/p>\n<p>\u00bfFuncionar\u00e1 este proyecto? \u00bfControlar\u00e1 la mafia depredadora los flujos ca\u00f3ticos de terror, sufrimiento y guerra que implica la desintegraci\u00f3n en curso?<\/p>\n<p>Desmoronamiento del orden, colapso inminente del medioambiente y de la econom\u00eda. Trauma: este es el panorama del siglo.<\/p>\n<p><strong>Trauma<\/strong><\/p>\n<p>En la densa red de la obsesi\u00f3n, es posible percibir las se\u00f1ales de un colapso inminente, un trauma del futuro. El trauma suele estar vinculado a una experiencia pasada de p\u00e9rdida o violencia. Ahora, por primera vez, nos enfrentamos a un trauma inverso: el trauma del colapso inminente e inevitable que atormenta la mente y el cuerpo de los j\u00f3venes de todo el mundo.<\/p>\n<p>La generaci\u00f3n disf\u00f3rica, que ha crecido en un estado de aislamiento f\u00edsico y par\u00e1lisis emocional, est\u00e1 traumatizada por la indescriptible percepci\u00f3n de una cat\u00e1strofe inminente. Saben que el planeta es cada vez m\u00e1s incompatible con la vida humana. Sienten que los adultos se han vuelto incapaces de evitar el catastr\u00f3fico cambio clim\u00e1tico. Sufren su condici\u00f3n de soledad y son cada vez m\u00e1s incapaces de gestionar su propio cuerpo sexual. Finalmente, se ven abrumados por la intensificaci\u00f3n de la estimulaci\u00f3n infoneural.<\/p>\n<p>La generaci\u00f3n del copo de nieve est\u00e1 traumatizada por algo que a\u00fan no ha sucedido, pero que se percibe como inminente, y un proceso de subjetivaci\u00f3n solo puede basarse en esta experiencia com\u00fan del trauma futuro. El desenlace de todo ha provocado un trauma que es el punto de partida del siguiente proceso de subjetivaci\u00f3n.<\/p>\n<p>\u00bfC\u00f3mo construir un sujeto activo y consciente a partir de un trauma?<\/p>\n<p>\u00bfHay alguna manera de escapar de la espiral de demencia suicida que emana de la senescencia de Occidente?<\/p>\n<p>Esta es la pregunta que necesita respuesta.<\/p>\n<\/div>\n<section class=\"ficha-autor\">\n<p class=\"ficha-autor__category\">\n<\/section>\n","protected":false},"excerpt":{"rendered":"<p>\u00bfHay alguna manera de escapar de la espiral de demencia suicida que emana de la senescencia de Occidente? por Franco \u2018Bifo\u2019 Berardi Hace unos d\u00edas recib\u00ed la invitaci\u00f3n de una asociaci\u00f3n estadounidense para participar en una convenci\u00f3n que se celebrar\u00e1 en Chicago los d\u00edas 5, 6 y 7 de abril. El tema de la convenci\u00f3n [&hellip;]<\/p>\n","protected":false},"author":2,"featured_media":4460,"comment_status":"open","ping_status":"open","sticky":false,"template":"","format":"standard","meta":{"jetpack_post_was_ever_published":false,"_jetpack_newsletter_access":"","_jetpack_dont_email_post_to_subs":false,"_jetpack_newsletter_tier_id":0,"_jetpack_memberships_contains_paywalled_content":false,"_jetpack_memberships_contains_paid_content":false,"footnotes":"","jetpack_publicize_message":"","jetpack_publicize_feature_enabled":true,"jetpack_social_post_already_shared":true,"jetpack_social_options":{"image_generator_settings":{"template":"highway","enabled":false},"version":2}},"categories":[2],"tags":[],"class_list":["post-4459","post","type-post","status-publish","format-standard","has-post-thumbnail","hentry","category-blog"],"jetpack_publicize_connections":[],"yoast_head":"<!-- This site is optimized with the Yoast SEO plugin v23.4 - https:\/\/yoast.com\/wordpress\/plugins\/seo\/ -->\n<title>La pregunta - UninomadaSUR<\/title>\n<meta name=\"robots\" content=\"index, follow, max-snippet:-1, max-image-preview:large, max-video-preview:-1\" \/>\n<link rel=\"canonical\" href=\"https:\/\/uninomadasur.net\/?p=4459\" \/>\n<meta property=\"og:locale\" content=\"es_ES\" \/>\n<meta property=\"og:type\" content=\"article\" \/>\n<meta property=\"og:title\" content=\"La pregunta - UninomadaSUR\" \/>\n<meta property=\"og:description\" content=\"\u00bfHay alguna manera de escapar de la espiral de demencia suicida que emana de la senescencia de Occidente? por Franco \u2018Bifo\u2019 Berardi Hace unos d\u00edas recib\u00ed la invitaci\u00f3n de una asociaci\u00f3n estadounidense para participar en una convenci\u00f3n que se celebrar\u00e1 en Chicago los d\u00edas 5, 6 y 7 de abril. El tema de la convenci\u00f3n [&hellip;]\" \/>\n<meta property=\"og:url\" content=\"https:\/\/uninomadasur.net\/?p=4459\" \/>\n<meta property=\"og:site_name\" content=\"UninomadaSUR\" \/>\n<meta property=\"article:published_time\" content=\"2025-04-16T16:47:13+00:00\" \/>\n<meta property=\"og:image\" content=\"http:\/\/uninomadasur.net\/wp-content\/uploads\/2025\/04\/images.jpg\" \/>\n\t<meta property=\"og:image:width\" content=\"225\" \/>\n\t<meta property=\"og:image:height\" content=\"225\" \/>\n\t<meta property=\"og:image:type\" content=\"image\/jpeg\" \/>\n<meta name=\"author\" content=\"Administrador\" \/>\n<meta name=\"twitter:card\" content=\"summary_large_image\" \/>\n<meta name=\"twitter:label1\" content=\"Escrito por\" \/>\n\t<meta name=\"twitter:data1\" content=\"Administrador\" \/>\n\t<meta name=\"twitter:label2\" content=\"Tiempo de lectura\" \/>\n\t<meta name=\"twitter:data2\" content=\"11 minutos\" \/>\n<script type=\"application\/ld+json\" class=\"yoast-schema-graph\">{\"@context\":\"https:\/\/schema.org\",\"@graph\":[{\"@type\":\"Article\",\"@id\":\"https:\/\/uninomadasur.net\/?p=4459#article\",\"isPartOf\":{\"@id\":\"https:\/\/uninomadasur.net\/?p=4459\"},\"author\":{\"name\":\"Administrador\",\"@id\":\"https:\/\/uninomadasur.net\/#\/schema\/person\/bf51815d932788910947ff9541a9b85c\"},\"headline\":\"La pregunta\",\"datePublished\":\"2025-04-16T16:47:13+00:00\",\"dateModified\":\"2025-04-16T16:47:13+00:00\",\"mainEntityOfPage\":{\"@id\":\"https:\/\/uninomadasur.net\/?p=4459\"},\"wordCount\":2585,\"commentCount\":0,\"publisher\":{\"@id\":\"https:\/\/uninomadasur.net\/#organization\"},\"image\":{\"@id\":\"https:\/\/uninomadasur.net\/?p=4459#primaryimage\"},\"thumbnailUrl\":\"https:\/\/uninomadasur.net\/wp-content\/uploads\/2025\/04\/images.jpg\",\"articleSection\":[\"Blog\"],\"inLanguage\":\"es\",\"potentialAction\":[{\"@type\":\"CommentAction\",\"name\":\"Comment\",\"target\":[\"https:\/\/uninomadasur.net\/?p=4459#respond\"]}]},{\"@type\":\"WebPage\",\"@id\":\"https:\/\/uninomadasur.net\/?p=4459\",\"url\":\"https:\/\/uninomadasur.net\/?p=4459\",\"name\":\"La pregunta - UninomadaSUR\",\"isPartOf\":{\"@id\":\"https:\/\/uninomadasur.net\/#website\"},\"primaryImageOfPage\":{\"@id\":\"https:\/\/uninomadasur.net\/?p=4459#primaryimage\"},\"image\":{\"@id\":\"https:\/\/uninomadasur.net\/?p=4459#primaryimage\"},\"thumbnailUrl\":\"https:\/\/uninomadasur.net\/wp-content\/uploads\/2025\/04\/images.jpg\",\"datePublished\":\"2025-04-16T16:47:13+00:00\",\"dateModified\":\"2025-04-16T16:47:13+00:00\",\"breadcrumb\":{\"@id\":\"https:\/\/uninomadasur.net\/?p=4459#breadcrumb\"},\"inLanguage\":\"es\",\"potentialAction\":[{\"@type\":\"ReadAction\",\"target\":[\"https:\/\/uninomadasur.net\/?p=4459\"]}]},{\"@type\":\"ImageObject\",\"inLanguage\":\"es\",\"@id\":\"https:\/\/uninomadasur.net\/?p=4459#primaryimage\",\"url\":\"https:\/\/uninomadasur.net\/wp-content\/uploads\/2025\/04\/images.jpg\",\"contentUrl\":\"https:\/\/uninomadasur.net\/wp-content\/uploads\/2025\/04\/images.jpg\",\"width\":225,\"height\":225},{\"@type\":\"BreadcrumbList\",\"@id\":\"https:\/\/uninomadasur.net\/?p=4459#breadcrumb\",\"itemListElement\":[{\"@type\":\"ListItem\",\"position\":1,\"name\":\"Inicio\",\"item\":\"https:\/\/uninomadasur.net\/\"},{\"@type\":\"ListItem\",\"position\":2,\"name\":\"La pregunta\"}]},{\"@type\":\"WebSite\",\"@id\":\"https:\/\/uninomadasur.net\/#website\",\"url\":\"https:\/\/uninomadasur.net\/\",\"name\":\"UninomadaSUR\",\"description\":\"UninomadaSUR\",\"publisher\":{\"@id\":\"https:\/\/uninomadasur.net\/#organization\"},\"potentialAction\":[{\"@type\":\"SearchAction\",\"target\":{\"@type\":\"EntryPoint\",\"urlTemplate\":\"https:\/\/uninomadasur.net\/?s={search_term_string}\"},\"query-input\":{\"@type\":\"PropertyValueSpecification\",\"valueRequired\":true,\"valueName\":\"search_term_string\"}}],\"inLanguage\":\"es\"},{\"@type\":\"Organization\",\"@id\":\"https:\/\/uninomadasur.net\/#organization\",\"name\":\"UninomadaSUR\",\"url\":\"https:\/\/uninomadasur.net\/\",\"logo\":{\"@type\":\"ImageObject\",\"inLanguage\":\"es\",\"@id\":\"https:\/\/uninomadasur.net\/#\/schema\/logo\/image\/\",\"url\":\"https:\/\/uninomadasur.net\/wp-content\/uploads\/2018\/09\/uni-logo.png\",\"contentUrl\":\"https:\/\/uninomadasur.net\/wp-content\/uploads\/2018\/09\/uni-logo.png\",\"width\":260,\"height\":94,\"caption\":\"UninomadaSUR\"},\"image\":{\"@id\":\"https:\/\/uninomadasur.net\/#\/schema\/logo\/image\/\"}},{\"@type\":\"Person\",\"@id\":\"https:\/\/uninomadasur.net\/#\/schema\/person\/bf51815d932788910947ff9541a9b85c\",\"name\":\"Administrador\",\"image\":{\"@type\":\"ImageObject\",\"inLanguage\":\"es\",\"@id\":\"https:\/\/uninomadasur.net\/#\/schema\/person\/image\/\",\"url\":\"https:\/\/secure.gravatar.com\/avatar\/b36419d5b57d43ccfb2c84733927cffe?s=96&d=mm&r=g\",\"contentUrl\":\"https:\/\/secure.gravatar.com\/avatar\/b36419d5b57d43ccfb2c84733927cffe?s=96&d=mm&r=g\",\"caption\":\"Administrador\"},\"url\":\"https:\/\/uninomadasur.net\/?author=2\"}]}<\/script>\n<!-- \/ Yoast SEO plugin. -->","yoast_head_json":{"title":"La pregunta - UninomadaSUR","robots":{"index":"index","follow":"follow","max-snippet":"max-snippet:-1","max-image-preview":"max-image-preview:large","max-video-preview":"max-video-preview:-1"},"canonical":"https:\/\/uninomadasur.net\/?p=4459","og_locale":"es_ES","og_type":"article","og_title":"La pregunta - UninomadaSUR","og_description":"\u00bfHay alguna manera de escapar de la espiral de demencia suicida que emana de la senescencia de Occidente? por Franco \u2018Bifo\u2019 Berardi Hace unos d\u00edas recib\u00ed la invitaci\u00f3n de una asociaci\u00f3n estadounidense para participar en una convenci\u00f3n que se celebrar\u00e1 en Chicago los d\u00edas 5, 6 y 7 de abril. El tema de la convenci\u00f3n [&hellip;]","og_url":"https:\/\/uninomadasur.net\/?p=4459","og_site_name":"UninomadaSUR","article_published_time":"2025-04-16T16:47:13+00:00","og_image":[{"width":225,"height":225,"url":"http:\/\/uninomadasur.net\/wp-content\/uploads\/2025\/04\/images.jpg","type":"image\/jpeg"}],"author":"Administrador","twitter_card":"summary_large_image","twitter_misc":{"Escrito por":"Administrador","Tiempo de lectura":"11 minutos"},"schema":{"@context":"https:\/\/schema.org","@graph":[{"@type":"Article","@id":"https:\/\/uninomadasur.net\/?p=4459#article","isPartOf":{"@id":"https:\/\/uninomadasur.net\/?p=4459"},"author":{"name":"Administrador","@id":"https:\/\/uninomadasur.net\/#\/schema\/person\/bf51815d932788910947ff9541a9b85c"},"headline":"La pregunta","datePublished":"2025-04-16T16:47:13+00:00","dateModified":"2025-04-16T16:47:13+00:00","mainEntityOfPage":{"@id":"https:\/\/uninomadasur.net\/?p=4459"},"wordCount":2585,"commentCount":0,"publisher":{"@id":"https:\/\/uninomadasur.net\/#organization"},"image":{"@id":"https:\/\/uninomadasur.net\/?p=4459#primaryimage"},"thumbnailUrl":"https:\/\/uninomadasur.net\/wp-content\/uploads\/2025\/04\/images.jpg","articleSection":["Blog"],"inLanguage":"es","potentialAction":[{"@type":"CommentAction","name":"Comment","target":["https:\/\/uninomadasur.net\/?p=4459#respond"]}]},{"@type":"WebPage","@id":"https:\/\/uninomadasur.net\/?p=4459","url":"https:\/\/uninomadasur.net\/?p=4459","name":"La pregunta - UninomadaSUR","isPartOf":{"@id":"https:\/\/uninomadasur.net\/#website"},"primaryImageOfPage":{"@id":"https:\/\/uninomadasur.net\/?p=4459#primaryimage"},"image":{"@id":"https:\/\/uninomadasur.net\/?p=4459#primaryimage"},"thumbnailUrl":"https:\/\/uninomadasur.net\/wp-content\/uploads\/2025\/04\/images.jpg","datePublished":"2025-04-16T16:47:13+00:00","dateModified":"2025-04-16T16:47:13+00:00","breadcrumb":{"@id":"https:\/\/uninomadasur.net\/?p=4459#breadcrumb"},"inLanguage":"es","potentialAction":[{"@type":"ReadAction","target":["https:\/\/uninomadasur.net\/?p=4459"]}]},{"@type":"ImageObject","inLanguage":"es","@id":"https:\/\/uninomadasur.net\/?p=4459#primaryimage","url":"https:\/\/uninomadasur.net\/wp-content\/uploads\/2025\/04\/images.jpg","contentUrl":"https:\/\/uninomadasur.net\/wp-content\/uploads\/2025\/04\/images.jpg","width":225,"height":225},{"@type":"BreadcrumbList","@id":"https:\/\/uninomadasur.net\/?p=4459#breadcrumb","itemListElement":[{"@type":"ListItem","position":1,"name":"Inicio","item":"https:\/\/uninomadasur.net\/"},{"@type":"ListItem","position":2,"name":"La pregunta"}]},{"@type":"WebSite","@id":"https:\/\/uninomadasur.net\/#website","url":"https:\/\/uninomadasur.net\/","name":"UninomadaSUR","description":"UninomadaSUR","publisher":{"@id":"https:\/\/uninomadasur.net\/#organization"},"potentialAction":[{"@type":"SearchAction","target":{"@type":"EntryPoint","urlTemplate":"https:\/\/uninomadasur.net\/?s={search_term_string}"},"query-input":{"@type":"PropertyValueSpecification","valueRequired":true,"valueName":"search_term_string"}}],"inLanguage":"es"},{"@type":"Organization","@id":"https:\/\/uninomadasur.net\/#organization","name":"UninomadaSUR","url":"https:\/\/uninomadasur.net\/","logo":{"@type":"ImageObject","inLanguage":"es","@id":"https:\/\/uninomadasur.net\/#\/schema\/logo\/image\/","url":"https:\/\/uninomadasur.net\/wp-content\/uploads\/2018\/09\/uni-logo.png","contentUrl":"https:\/\/uninomadasur.net\/wp-content\/uploads\/2018\/09\/uni-logo.png","width":260,"height":94,"caption":"UninomadaSUR"},"image":{"@id":"https:\/\/uninomadasur.net\/#\/schema\/logo\/image\/"}},{"@type":"Person","@id":"https:\/\/uninomadasur.net\/#\/schema\/person\/bf51815d932788910947ff9541a9b85c","name":"Administrador","image":{"@type":"ImageObject","inLanguage":"es","@id":"https:\/\/uninomadasur.net\/#\/schema\/person\/image\/","url":"https:\/\/secure.gravatar.com\/avatar\/b36419d5b57d43ccfb2c84733927cffe?s=96&d=mm&r=g","contentUrl":"https:\/\/secure.gravatar.com\/avatar\/b36419d5b57d43ccfb2c84733927cffe?s=96&d=mm&r=g","caption":"Administrador"},"url":"https:\/\/uninomadasur.net\/?author=2"}]}},"jetpack_featured_media_url":"https:\/\/uninomadasur.net\/wp-content\/uploads\/2025\/04\/images.jpg","jetpack_sharing_enabled":true,"jetpack_shortlink":"https:\/\/wp.me\/paDeUS-19V","_links":{"self":[{"href":"https:\/\/uninomadasur.net\/index.php?rest_route=\/wp\/v2\/posts\/4459"}],"collection":[{"href":"https:\/\/uninomadasur.net\/index.php?rest_route=\/wp\/v2\/posts"}],"about":[{"href":"https:\/\/uninomadasur.net\/index.php?rest_route=\/wp\/v2\/types\/post"}],"author":[{"embeddable":true,"href":"https:\/\/uninomadasur.net\/index.php?rest_route=\/wp\/v2\/users\/2"}],"replies":[{"embeddable":true,"href":"https:\/\/uninomadasur.net\/index.php?rest_route=%2Fwp%2Fv2%2Fcomments&post=4459"}],"version-history":[{"count":1,"href":"https:\/\/uninomadasur.net\/index.php?rest_route=\/wp\/v2\/posts\/4459\/revisions"}],"predecessor-version":[{"id":4461,"href":"https:\/\/uninomadasur.net\/index.php?rest_route=\/wp\/v2\/posts\/4459\/revisions\/4461"}],"wp:featuredmedia":[{"embeddable":true,"href":"https:\/\/uninomadasur.net\/index.php?rest_route=\/wp\/v2\/media\/4460"}],"wp:attachment":[{"href":"https:\/\/uninomadasur.net\/index.php?rest_route=%2Fwp%2Fv2%2Fmedia&parent=4459"}],"wp:term":[{"taxonomy":"category","embeddable":true,"href":"https:\/\/uninomadasur.net\/index.php?rest_route=%2Fwp%2Fv2%2Fcategories&post=4459"},{"taxonomy":"post_tag","embeddable":true,"href":"https:\/\/uninomadasur.net\/index.php?rest_route=%2Fwp%2Fv2%2Ftags&post=4459"}],"curies":[{"name":"wp","href":"https:\/\/api.w.org\/{rel}","templated":true}]}}