{"id":4462,"date":"2025-04-16T18:03:51","date_gmt":"2025-04-16T18:03:51","guid":{"rendered":"https:\/\/uninomadasur.net\/?p=4462"},"modified":"2025-04-16T18:03:51","modified_gmt":"2025-04-16T18:03:51","slug":"marcha-atras-tercera-derrota-electoral-consecutiva-del-correismo","status":"publish","type":"post","link":"https:\/\/uninomadasur.net\/?p=4462","title":{"rendered":"Marcha atr\u00e1s: tercera derrota electoral consecutiva del corre\u00edsmo"},"content":{"rendered":"<p><i>Daniel Noboa, joven heredero de uno de los m\u00e1s importantes emporios empresariales del Ecuador, se reelige como mandatario de este peque\u00f1o pa\u00eds andino con aproximadamente 1.2 millones de votos sobre su adversaria progresista.<\/i><\/p>\n<p><b>Por Decio Machado\/ <a href=\"http:\/\/brecha.com.uy\">Semanario Brecha<\/a><\/b><\/p>\n<p>Tras la primera parte del ciclo progresista en el presente siglo, esa que se enmarca entre el triunfo de Hugo Ch\u00e1vez en 1999 y el fin del gobierno de Rafael Correa en 2017, el \u00fanico pa\u00eds en el que dicha sensibilidad pol\u00edtica no volvi\u00f3 a recuperar el poder en ning\u00fan momento ha sido Ecuador.<\/p>\n<p>As\u00ed, el pasado 13 de abril, la Revoluci\u00f3n Ciudadana -partido pol\u00edtico liderado por el ex presidente Rafael Correa desde el exilio- en unas elecciones en las que ten\u00eda todo a su favor para volver a ser gobierno, volvi\u00f3 nuevamente a ser derrotada en las urnas.<\/p>\n<p>El caso ecuatoriano es de estudio acad\u00e9mico. A diferencia de pa\u00edses como Argentina, Bolivia, Brasil, Chile o Uruguay; Ecuador se enmarca en un derrotero de constantes fracasos electorales tras el fin de la d\u00e9cada de mandato corre\u00edsta, entre 2007 y 2017, y la posterior traici\u00f3n pol\u00edtica de su sucesor en el cargo Len\u00edn Moreno entre 2017 y 2021.<\/p>\n<p>A partir de entonces, las candidaturas presidenciales del corre\u00edsmo, tanto en 2021 con Andr\u00e9s Arauz al frente, como en 2023 y ahora en 2025 con Luisa Gonz\u00e1lez como relevo presidencial, la Revoluci\u00f3n Ciudadana consagra su tercera derrota electoral consecutiva en apenas cuatro a\u00f1os.<\/p>\n<p><b>Especializados en perder lo que parec\u00eda imposible de perder<\/b><\/p>\n<p>Si algo caracteriza al progresismo ecuatoriano en estos \u00faltimos a\u00f1os ha sido su especializaci\u00f3n en perder campa\u00f1a electorales, a priori, consideradas dif\u00edcilmente perdibles por el corre\u00edsmo.<\/p>\n<p>En 2021 el joven quinqueling\u00fce y brillante economista Andr\u00e9s Arauz, quien se perfilaba como el heredero de Rafael Correa al frente el progresismo ecuatoriano, se ve\u00eda inveros\u00edmilmente derrotado frente al septuagenario bachiller y banquero Guillermo Lasso, en un pa\u00eds donde la banca ha sido responsable del exilio econ\u00f3mico de m\u00e1s de un mill\u00f3n de personas apenas una generaci\u00f3n atr\u00e1s.<\/p>\n<p>En 2023, tras la renuncia de Guillermo Lasso en apenas treinta meses de gobierno y con todo a su favor para volver al sill\u00f3n presidencial del Palacio de Carondelet, el progresismo ecuatoriano perd\u00eda las elecciones de forma sorprendente tras el asesinado de uno de los candidatos presidenciales, hecho ex\u00f3geno a la disputa electoral que le permiti\u00f3 a Daniel Noboa entrar en la segunda vuelta y ganar con apuros el balotaje frente a Luisa Gonz\u00e1lez, una abogada forjada a s\u00ed misma y proveniente de sectores populares coste\u00f1os.<\/p>\n<p>El pasado domingo 13 de abril, tras una campa\u00f1a electoral en primera vuelta marcada por la brillante estrategia de consultores extranjeros que permiti\u00f3 polarizar entre Luisa Gonz\u00e1lez y Daniel Noboa unas elecciones en la que participaban diecis\u00e9is candidaturas presidenciales; el corre\u00edsmo se dio de bruces en una segunda vuelta cuya principal caracter\u00edstica fue volver a repetir errores t\u00e1cticos y operacionales propios de sus campa\u00f1as anteriores.<\/p>\n<p>Entre estos destaca su incapacidad para desmarcarse del gobierno de Nicol\u00e1s Maduro, r\u00e9gimen pol\u00edtico que genera escasas simpat\u00eda en el pa\u00eds; sus limitaciones a la hora de generar confianza respecto a su programa econ\u00f3mico de gobierno, especialmente en todo lo que tiene que ver con el sostenimiento de la dolarizaci\u00f3n; y su torpeza para comunicar un talante dialogante, abierto y democr\u00e1tico que genere certidumbre ante una sociedad que recibe un permanente bombardeo medi\u00e1tico a trav\u00e9s del cual se le acusa al corre\u00edsmo de corrupci\u00f3n y autoritarismo.<\/p>\n<p>As\u00ed las cosas, la ventaja en intenci\u00f3n de voto favorable a Luisa Gonz\u00e1lez tras el pacto entre el corre\u00edsmo y otras \u00abizquierdas\u00bb, el movimiento ind\u00edgena y otros sectores social populares generado tras el arranque de la segunda vuelta, se vio mermada por errores cometidos por la candidata progresista y su equipo de asesores en el debate presidencial televisivo frente a Daniel Noboa. Un debate por cierto, marcado m\u00e1s por la limitaci\u00f3n dialectica y sobreactuaci\u00f3n teatral de ambos candidatos que por la visibilizaci\u00f3n de sus atributos positivos para sacar adelante a un pa\u00eds inmerso en una crisis de caracter multidimensional y diez puntos porcentuales m\u00e1s pobre hoy que 10 a\u00f1os atr\u00e1s.<\/p>\n<p>Si el objetivo era marcar la diferencia entre Luisa Gonz\u00e1lez y Rafael Correa, dado que la oposici\u00f3n conservadora acusaba a la primera de ser marioneta del segundo, el resultado fue todo lo contrario. Luisa Gonz\u00e1lez termin\u00f3 pareci\u00e9ndose mucho en ese debate al l\u00edder principal de la Revoluci\u00f3n Ciudadana, quien desde hace a\u00f1os es objeto permanente de orquestados ataques desde diferentes \u00e1mbitos medi\u00e1ticos, procesales, sociales, acad\u00e9micos y pol\u00edticos.<\/p>\n<p>Desde entonces, 23 de marzo, hasta las elecciones del pasado domingo, el corre\u00edsmo perdi\u00f3 la iniciativa pol\u00edtica inmerso en una ceguera colectiva, pero principalmente de la mayor\u00eda de actores y sujetos involucrados de forma directa en la disputa electoral.<\/p>\n<p>Por si lo anterior fuera poco, el uso de la Fiscal\u00eda General del Estado como herramienta pol\u00edtica electoral por parte del Gobierno Nacional -Noboa siempre jug\u00f3 con la cancha inclina a su favor en esta campa\u00f1a electoral-, permiti\u00f3 hacer p\u00fablicos los chats y grabaciones de audio contenidas en los dispositivos tecnol\u00f3gicos incautados a uno de las autoridades alineadas a las filas del corre\u00edsmo dentro del Consejo de Participaci\u00f3n Ciudadana, entidad responsable de la designaci\u00f3n de autoridades en organismos de control en el pa\u00eds. Lo anterior, transparent\u00f3 los intestinos de una organizaci\u00f3n pol\u00edtica donde muchos de sus miembros se graban las conversaciones entre ellos, descalific\u00e1ndose entre s\u00ed de forma muy poco elegante y con ciertos aires de superioridad.<\/p>\n<p>Si Luisa Gonz\u00e1lez, con una campa\u00f1a fresca y muy poco ideol\u00f3gica, hab\u00eda sumado en primera vuelta unos 10 puntos porcentuales m\u00e1s que lo que ven\u00eda sumando la Revoluci\u00f3n Ciudadana en esa misma fase de campa\u00f1a anteriores; posiblemente perdi\u00f3 la mitad de ese voto blando en la segunda vuelta, siendo este reemplazado por un voto m\u00e1s ideol\u00f3gico af\u00edn a las organizaciones pol\u00edticas y sociales que les expresaron respaldo en esta segunda fase de campa\u00f1a. En resumen y dicho en t\u00e9rminos populares, \u00absubi\u00f3 la carne pero baj\u00f3 el pescado\u00bb, todo ello inmersos en una campa\u00f1a de acusaciones mutuas entre los candidatos presidenciales donde no existi\u00f3 conversaci\u00f3n alguna con el electorado.<\/p>\n<p>Pocos d\u00edas antes de la jornada del balotaje y en un ambiente de espiral triunfalista por parte del corre\u00edsmo, algunas de las investigaciones cualitativas indicaban ya mayor resistencia ante Luisa Gonz\u00e1lez que frente a Daniel Noboa en determinados segmentos del electorado que aun mostraban incertidumbre respecto a su intenci\u00f3n de voto. No import\u00f3, todo fue ignorado, una vez m\u00e1s los trofeos de guerra era despilfarrados en celebraciones prematuras.<\/p>\n<p><b>De error en error hasta la derrota final<\/b><\/p>\n<p>Lo anterior desemboc\u00f3 en la tragedia, no solo para el corre\u00edsmo sino para el conjunto del pueblo ecuatoriano, de la noche del pasado domingo 13 de abril.<\/p>\n<p>Pese a que todo mandatario que corre para una reelecci\u00f3n hace que la disputa electoral se convierta en un plebiscito sobre su gesti\u00f3n, en este caso quince meses de gobierno noboista sin un solo hito o meta cumplida en su gesti\u00f3n, m\u00e1s por rechazo al corre\u00edsmo que por apoyo a Daniel Noboa, este \u00faltimo se impon\u00eda con el 55,60% de los votos v\u00e1lidos emitidos.<\/p>\n<p>Pero como dice la sabidur\u00eda popular \u201cno hay dos sin tres\u201d, motivo por el cual la dirigencia corre\u00edsta cometer\u00eda su \u00faltimo error estrat\u00e9gico electoral en la noche de autos, no reconocimiento los resultados y acusando de fraude al Consejo Nacional Electoral. Si bien es cierto que la campa\u00f1a electoral de Noboa se caracteriz\u00f3 con una sucesi\u00f3n de irregularidades permitidas c\u00f3mplicemente por los \u00f3rganos rectores y de control de la democracia, lo que le permiti\u00f3 jugar con notable ventaja frente al corre\u00edsmo, tambi\u00e9n lo es que hasta lo fecha sigue sin presentarse una sola prueba con el suficiente sost\u00e9n como para acreditar tal denuncia robo en las urnas, motivo por el cual el corre\u00edsmo se ahonda aun m\u00e1s en su propia crisis de credibilidad.<\/p>\n<p><b>Nubarrones en el horizonte<\/b><\/p>\n<p>Dos izquierdas pol\u00edticas de importancia existen en Ecuador, una pol\u00edtico institucional, la Revoluci\u00f3n Ciudadana, y otra pol\u00edtico social, la Confederaci\u00f3n de Nacionalidades Ind\u00edgenas del Ecuador (CONAIE). Una con presencia y en disputa permanente por las instituciones y otra con m\u00fasculo social movilizador. Los errores de campa\u00f1as ponen dejan en este momento a ambos ejes de intervenci\u00f3n pol\u00edtica muy tocados tras los resultados del pasado domingo.<\/p>\n<p>Como sortear\u00e1 la indudable crisis interna que seguramente se le avecina a la Revoluci\u00f3n Ciudadana tras su tercera derrota electoral consecutiva, en esta ocasi\u00f3n por \u201cgoleada\u201d, tras haber sido la fuerza hegem\u00f3nica en el pa\u00eds durante los a\u00f1os anteriores es una pregunta todav\u00eda sin respuesta. Unos hablan de un posible riesgo de implosi\u00f3n interna, otros de la necesaria renovaci\u00f3n de sus cargos dirigentes en dicha corriente pol\u00edtica e incluso hay quienes indican de posibles futuros escenarios de rupturas en territorios determinados ante las elecciones seccionales que tendr\u00e1n lugar en el pa\u00eds dentro de dos a\u00f1os. Todo en estos momentos es incertidumbre, especulaci\u00f3n y evidentemente una grieta por donde el aparato medi\u00e1tico y gubernamental actua como herramienta para intentar agudizar fisuras.<\/p>\n<p>Y de igual manera sucede en el movimiento ind\u00edgena, donde su actual dirigencia, comprometida en la lucha contra las pol\u00edticas neoliberales en el pa\u00eds, apoyaron contra \u201cviento y marea\u201d la candidatura de Luisa Gonz\u00e1lez en la segunda vuelta. Ah\u00ed, en ese \u00e1mbito menos funcionarial y m\u00e1s militante, en el segundo semestre de este a\u00f1o deber\u00e1 tener lugar el Congreso de la CONAIE para la elecci\u00f3n de nuevas autoridades del movimiento ind\u00edgena, momento en el que Leonidas Iza -actual presidente de la organizaci\u00f3n- y su equipo deber\u00e1n hacer frente a los sectores ind\u00edgenas m\u00e1s conservadores que financiados por el gobierno de Noboa se opon\u00edan al pacto con el corre\u00edsmo y ahora planifican el asalto a la direcci\u00f3n del movimiento social m\u00e1s importante del pa\u00eds. Un hipot\u00e9tico triunfo de los opositores a la actual direcci\u00f3n de la CONAIE supondr\u00eda la entrega, bajo prebendas, al gobierno de la \u00fanica organizaci\u00f3n social en el pa\u00eds con musculatura para construir resistencias contrahegem\u00f3nicas a los envites neoliberales por llegar durante el pr\u00f3ximo per\u00edodo de mandato noboista.<\/p>\n<p>As\u00ed las cosas, lo sucedido el pasado domingo deber\u00eda analizarse en toda su profundidad, la cual va mucho m\u00e1s all\u00e1 de lo electoral. Bajo la hip\u00f3tesis del peor escenario en estos momentos posible pero perfectamente factible dada estado de situaci\u00f3n, una crisis interna que debilite aun m\u00e1s al maltrecho corre\u00edsmo sumada a una derrota de los sectores con compromiso con la lucha popular y social al frente del movimiento ind\u00edgena, supondr\u00eda dejar convertido en un erial a la izquierda pol\u00edtica y social del pa\u00eds durante la pr\u00f3xima d\u00e9cada. Todo ello adem\u00e1s inmersos en un proceso de nueva constituyente, ya anunciado con car\u00e1cter de urgencia por los voceros del gobierno de Daniel Noboa, que implicar\u00e1 un fuerte retroceso de las conquistas sociales plasmadas en la aun vigente Constituci\u00f3n de 2008.<\/p>\n","protected":false},"excerpt":{"rendered":"<p>Daniel Noboa, joven heredero de uno de los m\u00e1s importantes emporios empresariales del Ecuador, se reelige como mandatario de este peque\u00f1o pa\u00eds andino con aproximadamente 1.2 millones de votos sobre su adversaria progresista. Por Decio Machado\/ Semanario Brecha Tras la primera parte del ciclo progresista en el presente siglo, esa que se enmarca entre el [&hellip;]<\/p>\n","protected":false},"author":2,"featured_media":4463,"comment_status":"open","ping_status":"open","sticky":false,"template":"","format":"standard","meta":{"jetpack_post_was_ever_published":false,"_jetpack_newsletter_access":"","_jetpack_dont_email_post_to_subs":false,"_jetpack_newsletter_tier_id":0,"_jetpack_memberships_contains_paywalled_content":false,"_jetpack_memberships_contains_paid_content":false,"footnotes":"","jetpack_publicize_message":"","jetpack_publicize_feature_enabled":true,"jetpack_social_post_already_shared":true,"jetpack_social_options":{"image_generator_settings":{"template":"highway","enabled":false},"version":2}},"categories":[2],"tags":[],"class_list":["post-4462","post","type-post","status-publish","format-standard","has-post-thumbnail","hentry","category-blog"],"jetpack_publicize_connections":[],"yoast_head":"<!-- This site is optimized with the Yoast SEO plugin v23.4 - https:\/\/yoast.com\/wordpress\/plugins\/seo\/ -->\n<title>Marcha atr\u00e1s: tercera derrota electoral consecutiva del corre\u00edsmo - UninomadaSUR<\/title>\n<meta name=\"robots\" content=\"index, follow, max-snippet:-1, max-image-preview:large, max-video-preview:-1\" \/>\n<link rel=\"canonical\" href=\"https:\/\/uninomadasur.net\/?p=4462\" \/>\n<meta property=\"og:locale\" content=\"es_ES\" \/>\n<meta property=\"og:type\" content=\"article\" \/>\n<meta property=\"og:title\" content=\"Marcha atr\u00e1s: tercera derrota electoral consecutiva del corre\u00edsmo - UninomadaSUR\" \/>\n<meta property=\"og:description\" content=\"Daniel Noboa, joven heredero de uno de los m\u00e1s importantes emporios empresariales del Ecuador, se reelige como mandatario de este peque\u00f1o pa\u00eds andino con aproximadamente 1.2 millones de votos sobre su adversaria progresista. Por Decio Machado\/ Semanario Brecha Tras la primera parte del ciclo progresista en el presente siglo, esa que se enmarca entre el [&hellip;]\" \/>\n<meta property=\"og:url\" content=\"https:\/\/uninomadasur.net\/?p=4462\" \/>\n<meta property=\"og:site_name\" content=\"UninomadaSUR\" \/>\n<meta property=\"article:published_time\" content=\"2025-04-16T18:03:51+00:00\" \/>\n<meta property=\"og:image\" content=\"http:\/\/uninomadasur.net\/wp-content\/uploads\/2025\/04\/mfnoSbc2_400x400.jpg\" \/>\n\t<meta property=\"og:image:width\" content=\"400\" \/>\n\t<meta property=\"og:image:height\" content=\"400\" \/>\n\t<meta property=\"og:image:type\" content=\"image\/jpeg\" \/>\n<meta name=\"author\" content=\"Administrador\" \/>\n<meta name=\"twitter:card\" content=\"summary_large_image\" \/>\n<meta name=\"twitter:label1\" content=\"Escrito por\" \/>\n\t<meta name=\"twitter:data1\" content=\"Administrador\" \/>\n\t<meta name=\"twitter:label2\" content=\"Tiempo de lectura\" \/>\n\t<meta name=\"twitter:data2\" content=\"9 minutos\" \/>\n<script type=\"application\/ld+json\" class=\"yoast-schema-graph\">{\"@context\":\"https:\/\/schema.org\",\"@graph\":[{\"@type\":\"Article\",\"@id\":\"https:\/\/uninomadasur.net\/?p=4462#article\",\"isPartOf\":{\"@id\":\"https:\/\/uninomadasur.net\/?p=4462\"},\"author\":{\"name\":\"Administrador\",\"@id\":\"https:\/\/uninomadasur.net\/#\/schema\/person\/bf51815d932788910947ff9541a9b85c\"},\"headline\":\"Marcha atr\u00e1s: tercera derrota electoral consecutiva del corre\u00edsmo\",\"datePublished\":\"2025-04-16T18:03:51+00:00\",\"dateModified\":\"2025-04-16T18:03:51+00:00\",\"mainEntityOfPage\":{\"@id\":\"https:\/\/uninomadasur.net\/?p=4462\"},\"wordCount\":1982,\"commentCount\":0,\"publisher\":{\"@id\":\"https:\/\/uninomadasur.net\/#organization\"},\"image\":{\"@id\":\"https:\/\/uninomadasur.net\/?p=4462#primaryimage\"},\"thumbnailUrl\":\"https:\/\/uninomadasur.net\/wp-content\/uploads\/2025\/04\/mfnoSbc2_400x400.jpg\",\"articleSection\":[\"Blog\"],\"inLanguage\":\"es\",\"potentialAction\":[{\"@type\":\"CommentAction\",\"name\":\"Comment\",\"target\":[\"https:\/\/uninomadasur.net\/?p=4462#respond\"]}]},{\"@type\":\"WebPage\",\"@id\":\"https:\/\/uninomadasur.net\/?p=4462\",\"url\":\"https:\/\/uninomadasur.net\/?p=4462\",\"name\":\"Marcha atr\u00e1s: tercera derrota electoral consecutiva del corre\u00edsmo - UninomadaSUR\",\"isPartOf\":{\"@id\":\"https:\/\/uninomadasur.net\/#website\"},\"primaryImageOfPage\":{\"@id\":\"https:\/\/uninomadasur.net\/?p=4462#primaryimage\"},\"image\":{\"@id\":\"https:\/\/uninomadasur.net\/?p=4462#primaryimage\"},\"thumbnailUrl\":\"https:\/\/uninomadasur.net\/wp-content\/uploads\/2025\/04\/mfnoSbc2_400x400.jpg\",\"datePublished\":\"2025-04-16T18:03:51+00:00\",\"dateModified\":\"2025-04-16T18:03:51+00:00\",\"breadcrumb\":{\"@id\":\"https:\/\/uninomadasur.net\/?p=4462#breadcrumb\"},\"inLanguage\":\"es\",\"potentialAction\":[{\"@type\":\"ReadAction\",\"target\":[\"https:\/\/uninomadasur.net\/?p=4462\"]}]},{\"@type\":\"ImageObject\",\"inLanguage\":\"es\",\"@id\":\"https:\/\/uninomadasur.net\/?p=4462#primaryimage\",\"url\":\"https:\/\/uninomadasur.net\/wp-content\/uploads\/2025\/04\/mfnoSbc2_400x400.jpg\",\"contentUrl\":\"https:\/\/uninomadasur.net\/wp-content\/uploads\/2025\/04\/mfnoSbc2_400x400.jpg\",\"width\":400,\"height\":400},{\"@type\":\"BreadcrumbList\",\"@id\":\"https:\/\/uninomadasur.net\/?p=4462#breadcrumb\",\"itemListElement\":[{\"@type\":\"ListItem\",\"position\":1,\"name\":\"Inicio\",\"item\":\"https:\/\/uninomadasur.net\/\"},{\"@type\":\"ListItem\",\"position\":2,\"name\":\"Marcha atr\u00e1s: tercera derrota electoral consecutiva del corre\u00edsmo\"}]},{\"@type\":\"WebSite\",\"@id\":\"https:\/\/uninomadasur.net\/#website\",\"url\":\"https:\/\/uninomadasur.net\/\",\"name\":\"UninomadaSUR\",\"description\":\"UninomadaSUR\",\"publisher\":{\"@id\":\"https:\/\/uninomadasur.net\/#organization\"},\"potentialAction\":[{\"@type\":\"SearchAction\",\"target\":{\"@type\":\"EntryPoint\",\"urlTemplate\":\"https:\/\/uninomadasur.net\/?s={search_term_string}\"},\"query-input\":{\"@type\":\"PropertyValueSpecification\",\"valueRequired\":true,\"valueName\":\"search_term_string\"}}],\"inLanguage\":\"es\"},{\"@type\":\"Organization\",\"@id\":\"https:\/\/uninomadasur.net\/#organization\",\"name\":\"UninomadaSUR\",\"url\":\"https:\/\/uninomadasur.net\/\",\"logo\":{\"@type\":\"ImageObject\",\"inLanguage\":\"es\",\"@id\":\"https:\/\/uninomadasur.net\/#\/schema\/logo\/image\/\",\"url\":\"https:\/\/uninomadasur.net\/wp-content\/uploads\/2018\/09\/uni-logo.png\",\"contentUrl\":\"https:\/\/uninomadasur.net\/wp-content\/uploads\/2018\/09\/uni-logo.png\",\"width\":260,\"height\":94,\"caption\":\"UninomadaSUR\"},\"image\":{\"@id\":\"https:\/\/uninomadasur.net\/#\/schema\/logo\/image\/\"}},{\"@type\":\"Person\",\"@id\":\"https:\/\/uninomadasur.net\/#\/schema\/person\/bf51815d932788910947ff9541a9b85c\",\"name\":\"Administrador\",\"image\":{\"@type\":\"ImageObject\",\"inLanguage\":\"es\",\"@id\":\"https:\/\/uninomadasur.net\/#\/schema\/person\/image\/\",\"url\":\"https:\/\/secure.gravatar.com\/avatar\/b36419d5b57d43ccfb2c84733927cffe?s=96&d=mm&r=g\",\"contentUrl\":\"https:\/\/secure.gravatar.com\/avatar\/b36419d5b57d43ccfb2c84733927cffe?s=96&d=mm&r=g\",\"caption\":\"Administrador\"},\"url\":\"https:\/\/uninomadasur.net\/?author=2\"}]}<\/script>\n<!-- \/ Yoast SEO plugin. -->","yoast_head_json":{"title":"Marcha atr\u00e1s: tercera derrota electoral consecutiva del corre\u00edsmo - UninomadaSUR","robots":{"index":"index","follow":"follow","max-snippet":"max-snippet:-1","max-image-preview":"max-image-preview:large","max-video-preview":"max-video-preview:-1"},"canonical":"https:\/\/uninomadasur.net\/?p=4462","og_locale":"es_ES","og_type":"article","og_title":"Marcha atr\u00e1s: tercera derrota electoral consecutiva del corre\u00edsmo - UninomadaSUR","og_description":"Daniel Noboa, joven heredero de uno de los m\u00e1s importantes emporios empresariales del Ecuador, se reelige como mandatario de este peque\u00f1o pa\u00eds andino con aproximadamente 1.2 millones de votos sobre su adversaria progresista. Por Decio Machado\/ Semanario Brecha Tras la primera parte del ciclo progresista en el presente siglo, esa que se enmarca entre el [&hellip;]","og_url":"https:\/\/uninomadasur.net\/?p=4462","og_site_name":"UninomadaSUR","article_published_time":"2025-04-16T18:03:51+00:00","og_image":[{"width":400,"height":400,"url":"http:\/\/uninomadasur.net\/wp-content\/uploads\/2025\/04\/mfnoSbc2_400x400.jpg","type":"image\/jpeg"}],"author":"Administrador","twitter_card":"summary_large_image","twitter_misc":{"Escrito por":"Administrador","Tiempo de lectura":"9 minutos"},"schema":{"@context":"https:\/\/schema.org","@graph":[{"@type":"Article","@id":"https:\/\/uninomadasur.net\/?p=4462#article","isPartOf":{"@id":"https:\/\/uninomadasur.net\/?p=4462"},"author":{"name":"Administrador","@id":"https:\/\/uninomadasur.net\/#\/schema\/person\/bf51815d932788910947ff9541a9b85c"},"headline":"Marcha atr\u00e1s: tercera derrota electoral consecutiva del corre\u00edsmo","datePublished":"2025-04-16T18:03:51+00:00","dateModified":"2025-04-16T18:03:51+00:00","mainEntityOfPage":{"@id":"https:\/\/uninomadasur.net\/?p=4462"},"wordCount":1982,"commentCount":0,"publisher":{"@id":"https:\/\/uninomadasur.net\/#organization"},"image":{"@id":"https:\/\/uninomadasur.net\/?p=4462#primaryimage"},"thumbnailUrl":"https:\/\/uninomadasur.net\/wp-content\/uploads\/2025\/04\/mfnoSbc2_400x400.jpg","articleSection":["Blog"],"inLanguage":"es","potentialAction":[{"@type":"CommentAction","name":"Comment","target":["https:\/\/uninomadasur.net\/?p=4462#respond"]}]},{"@type":"WebPage","@id":"https:\/\/uninomadasur.net\/?p=4462","url":"https:\/\/uninomadasur.net\/?p=4462","name":"Marcha atr\u00e1s: tercera derrota electoral consecutiva del corre\u00edsmo - UninomadaSUR","isPartOf":{"@id":"https:\/\/uninomadasur.net\/#website"},"primaryImageOfPage":{"@id":"https:\/\/uninomadasur.net\/?p=4462#primaryimage"},"image":{"@id":"https:\/\/uninomadasur.net\/?p=4462#primaryimage"},"thumbnailUrl":"https:\/\/uninomadasur.net\/wp-content\/uploads\/2025\/04\/mfnoSbc2_400x400.jpg","datePublished":"2025-04-16T18:03:51+00:00","dateModified":"2025-04-16T18:03:51+00:00","breadcrumb":{"@id":"https:\/\/uninomadasur.net\/?p=4462#breadcrumb"},"inLanguage":"es","potentialAction":[{"@type":"ReadAction","target":["https:\/\/uninomadasur.net\/?p=4462"]}]},{"@type":"ImageObject","inLanguage":"es","@id":"https:\/\/uninomadasur.net\/?p=4462#primaryimage","url":"https:\/\/uninomadasur.net\/wp-content\/uploads\/2025\/04\/mfnoSbc2_400x400.jpg","contentUrl":"https:\/\/uninomadasur.net\/wp-content\/uploads\/2025\/04\/mfnoSbc2_400x400.jpg","width":400,"height":400},{"@type":"BreadcrumbList","@id":"https:\/\/uninomadasur.net\/?p=4462#breadcrumb","itemListElement":[{"@type":"ListItem","position":1,"name":"Inicio","item":"https:\/\/uninomadasur.net\/"},{"@type":"ListItem","position":2,"name":"Marcha atr\u00e1s: tercera derrota electoral consecutiva del corre\u00edsmo"}]},{"@type":"WebSite","@id":"https:\/\/uninomadasur.net\/#website","url":"https:\/\/uninomadasur.net\/","name":"UninomadaSUR","description":"UninomadaSUR","publisher":{"@id":"https:\/\/uninomadasur.net\/#organization"},"potentialAction":[{"@type":"SearchAction","target":{"@type":"EntryPoint","urlTemplate":"https:\/\/uninomadasur.net\/?s={search_term_string}"},"query-input":{"@type":"PropertyValueSpecification","valueRequired":true,"valueName":"search_term_string"}}],"inLanguage":"es"},{"@type":"Organization","@id":"https:\/\/uninomadasur.net\/#organization","name":"UninomadaSUR","url":"https:\/\/uninomadasur.net\/","logo":{"@type":"ImageObject","inLanguage":"es","@id":"https:\/\/uninomadasur.net\/#\/schema\/logo\/image\/","url":"https:\/\/uninomadasur.net\/wp-content\/uploads\/2018\/09\/uni-logo.png","contentUrl":"https:\/\/uninomadasur.net\/wp-content\/uploads\/2018\/09\/uni-logo.png","width":260,"height":94,"caption":"UninomadaSUR"},"image":{"@id":"https:\/\/uninomadasur.net\/#\/schema\/logo\/image\/"}},{"@type":"Person","@id":"https:\/\/uninomadasur.net\/#\/schema\/person\/bf51815d932788910947ff9541a9b85c","name":"Administrador","image":{"@type":"ImageObject","inLanguage":"es","@id":"https:\/\/uninomadasur.net\/#\/schema\/person\/image\/","url":"https:\/\/secure.gravatar.com\/avatar\/b36419d5b57d43ccfb2c84733927cffe?s=96&d=mm&r=g","contentUrl":"https:\/\/secure.gravatar.com\/avatar\/b36419d5b57d43ccfb2c84733927cffe?s=96&d=mm&r=g","caption":"Administrador"},"url":"https:\/\/uninomadasur.net\/?author=2"}]}},"jetpack_featured_media_url":"https:\/\/uninomadasur.net\/wp-content\/uploads\/2025\/04\/mfnoSbc2_400x400.jpg","jetpack_sharing_enabled":true,"jetpack_shortlink":"https:\/\/wp.me\/paDeUS-19Y","_links":{"self":[{"href":"https:\/\/uninomadasur.net\/index.php?rest_route=\/wp\/v2\/posts\/4462"}],"collection":[{"href":"https:\/\/uninomadasur.net\/index.php?rest_route=\/wp\/v2\/posts"}],"about":[{"href":"https:\/\/uninomadasur.net\/index.php?rest_route=\/wp\/v2\/types\/post"}],"author":[{"embeddable":true,"href":"https:\/\/uninomadasur.net\/index.php?rest_route=\/wp\/v2\/users\/2"}],"replies":[{"embeddable":true,"href":"https:\/\/uninomadasur.net\/index.php?rest_route=%2Fwp%2Fv2%2Fcomments&post=4462"}],"version-history":[{"count":1,"href":"https:\/\/uninomadasur.net\/index.php?rest_route=\/wp\/v2\/posts\/4462\/revisions"}],"predecessor-version":[{"id":4464,"href":"https:\/\/uninomadasur.net\/index.php?rest_route=\/wp\/v2\/posts\/4462\/revisions\/4464"}],"wp:featuredmedia":[{"embeddable":true,"href":"https:\/\/uninomadasur.net\/index.php?rest_route=\/wp\/v2\/media\/4463"}],"wp:attachment":[{"href":"https:\/\/uninomadasur.net\/index.php?rest_route=%2Fwp%2Fv2%2Fmedia&parent=4462"}],"wp:term":[{"taxonomy":"category","embeddable":true,"href":"https:\/\/uninomadasur.net\/index.php?rest_route=%2Fwp%2Fv2%2Fcategories&post=4462"},{"taxonomy":"post_tag","embeddable":true,"href":"https:\/\/uninomadasur.net\/index.php?rest_route=%2Fwp%2Fv2%2Ftags&post=4462"}],"curies":[{"name":"wp","href":"https:\/\/api.w.org\/{rel}","templated":true}]}}