{"id":4466,"date":"2025-04-30T12:10:45","date_gmt":"2025-04-30T12:10:45","guid":{"rendered":"https:\/\/uninomadasur.net\/?p=4466"},"modified":"2025-04-30T12:10:45","modified_gmt":"2025-04-30T12:10:45","slug":"santiago-vilanova-la-demanda-de-electricidad-por-la-ia-sera-tan-colosal-que-resultara-imposible-substituirla-totalmente-mediante-las-renovables","status":"publish","type":"post","link":"https:\/\/uninomadasur.net\/?p=4466","title":{"rendered":"Santiago Vilanova: \u00abLa demanda de electricidad por la IA ser\u00e1 tan colosal que resultar\u00e1 imposible substituirla totalmente mediante las renovables\u00bb"},"content":{"rendered":"<p>El periodista, escritor y pol\u00edtico ecologista publica \u2018Els conspiradors del canvi clim\u00e0tic\u2019, un ensayo sobre quienes trabajan para seguir explotando los recursos f\u00f3siles.<\/p>\n<p><strong>Por Lluis Bassa Tom\u00e1s<\/strong><\/p>\n<p><strong>Santiago Vilanova<\/strong> (Olot, 1947) conoce bien los mecanismos para proteger el medio ambiente y las estrategias para tan s\u00f3lo simularlo. El periodista, escritor y pol\u00edtico ecologista se ha volcado en ello a lo largo de su carrera, impulsando asociaciones claves del ecologismo catal\u00e1n como <em>Una Sola Terra<\/em> o el partido <em>Els Verds \u2013 Alternativa Verda<\/em>, y siguiendo como periodista los intr\u00edngulis de las negociaciones clim\u00e1ticas internacionales.<\/p>\n<p>En el ensayo <em><strong><a href=\"https:\/\/www.llibreriablanquerna.cat\/products\/146565-conspiradors-del-canvi-climatic-els.html\" target=\"_blank\" rel=\"noreferrer noopener\">Els conspiradors del canvi clim\u00e0tic<\/a><\/strong> <\/em>(Lapisl\u00e1zuli, 2025), Vilanova vierte m\u00e1s de cincuenta a\u00f1os de conocimiento y experiencias personales para se\u00f1alar personas e instituciones que, lejos de trabajar para un mundo mejor, se han escondido detr\u00e1s de lemas e ideas vac\u00edas para que, en realidad, nada cambie.<\/p>\n<p><strong>\u00bfQui\u00e9nes son los conspiradores del cambio clim\u00e1tico?<\/strong><\/p>\n<div id=\"clima-2172472d8975d0c4ebf4392e7af88044\" class=\"clima-2172472d8975d0c4ebf4392e7af88044 clima-contenido_1\">\n<div id=\"clima-1504542643\" class=\"clima-contenido_1 clima-target\" data-clima-trackid=\"132377\" data-clima-trackbid=\"1\">\n<p>Son diplom\u00e1ticos, pol\u00edticos, empresarios, comunicadores, cient\u00edficos e, incluso, destacados miembros de asociaciones internacionales ambientalistas, que aun proclam\u00e1ndose a favor de la transici\u00f3n energ\u00e9tica, hacen un activismo destinado a retrasarla y acaban haciendo el juego a los negacionistas. Quieren hacer compatible seguir explotando los recursos f\u00f3siles invirtiendo con energ\u00edas renovables con menor intensidad, y desarrollando soluciones \u2018tecnosolucionistas\u2019. Act\u00faan en los principales organismos de gobernanza global del medio ambiente vinculados a la ONU y al PNUMA (Programa de Naciones Unidas para el Medio Ambiente).<\/p>\n<p><strong>En el libro explica c\u00f3mo las conferencias mundiales del medio ambiente y las cumbres por el clima han sido hist\u00f3ricamente impulsadas por miembros vinculados al sector de los combustibles f\u00f3siles y la energ\u00eda nuclear.<\/strong><\/p>\n<p>La conspiraci\u00f3n de la que hablo en mi ensayo se inici\u00f3 con la primera conferencia mundial sobre el medio ambiente, conocida como la Conferencia de Estocolmo. Fue dos a\u00f1os despu\u00e9s de las manifestaciones del 22 de abril de 1970, el d\u00eda de la Tierra, en el que en Estados Unidos se\u00a0movilizaron m\u00e1s de veinte millones de personas. El presidente Richard Nixon se vio obligado a crear la Agencia de Protecci\u00f3n Ambiental, mientras a la vez daba \u00f3rdenes al FBI de desprestigiar a los organizadores como \u2018infiltrados comunistas\u2019. Dos a\u00f1os despu\u00e9s, la ONU deleg\u00f3 la organizaci\u00f3n de la conocida como la Conferencia de Estocolmo en el empresario y diplom\u00e1tico canadiense Maurice Strong, vinculado al sector del petr\u00f3leo, el gas y la energ\u00eda nuclear.<\/p>\n<p><strong>\u00bfPor qu\u00e9 es relevante la figura de Maurice Strong?\u00a0<\/strong><\/p>\n<p>Strong logr\u00f3 vehicular durante tres d\u00e9cadas las cumbres con el fin de que no incidieran sobre la econom\u00eda de las grandes energ\u00e9ticas. Gener\u00f3 un ambientalismo controlado por el <em>establishment<\/em>, impulsando estructuras de control cient\u00edfico y pol\u00edtico como el PNUMA (Programa de las Naciones Unidas por el Medio Ambiente), el Grupo Intergubernamental de Expertos en Cambio Clim\u00e1tico (IPCC en ingl\u00e9s), el Consejo de la Tierra, y la UICN (Uni\u00f3n Internacional para la Conserva de la Naturaleza). Ten\u00eda el apoyo de personalidades como David Rockefeller (fundador del Chase Manhattan Bank y la poderosa Standard Oil), Henry Kissinger, Robert MacNamara (Banco Mundial), Armand Hammer (Occidental Petroleum), y del propio secretario general de la ONU, U Thant, entre otros.<\/p>\n<p><strong>En el libro tambi\u00e9n se\u00f1ala a Stephan Schmidheiny, empresario suizo del sector del cemento, como pionero del ecopostureo o <em>greenwashing<\/em>.<\/strong><\/p>\n<p>Schmidheiny, que hab\u00eda sido condenado por la contaminaci\u00f3n de su planta de amianto en la regi\u00f3n de Piamonte, impuls\u00f3 en 1991 la constituci\u00f3n del Consejo Mundial de Empresas para el Desarrollo Sostenible (World Business Council for Sustainable Development) y Maurice Strong lo nombr\u00f3 consejero para la preparaci\u00f3n y desarrollo de la Cumbre de Rio en el 1992. Es la primera gran estructura de <em>ecopostureo<\/em> destinada a grandes multinacionales contaminantes, que todav\u00eda hoy goza de una gran influencia en la gobernanza global del medio ambiente y es uno de los <em>lobbies<\/em> empresariales m\u00e1s reconocidos por el PNUMA.<\/p>\n<p><strong>Entre los grandes conspiradores de hoy en d\u00eda, menciona a las empresas tecnol\u00f3gicas que componen las GAFAM.<\/strong><\/p>\n<p>GAFAM son las siglas de las cinco mayores empresas tecnol\u00f3gicas (Google, Amazon, Facebook \u2013ahora Meta\u2013, Apple y Microsoft) que tienen una posici\u00f3n dominante a nivel global. Sus l\u00edderes (Jeff Bezos, Elon Musk, Mark Zuckerberg, Tim Cook) han acordado unirse para reavivar el sector nuclear civil y militar, que recibir\u00e1 nuevas ayudas y subvenciones como energ\u00eda \u2018verde\u2019. Esta es la mejor conspiraci\u00f3n para retrasar, hasta hacer fracasar, el proceso de descarbonizaci\u00f3n de la econom\u00eda mundial, haciendo desbordar las prospectivas de las COP.<\/p>\n<div id=\"clima-fe549eded99d0c05dab49ea81ecf9804\" class=\"clima-fe549eded99d0c05dab49ea81ecf9804 clima-ubic2_1\"><\/div>\n<p><strong>\u00bfC\u00f3mo lo hacen?<\/strong><\/p>\n<p>Bill Gates, por ejemplo, est\u00e1 impulsando reactores SMR (<em>Small Modular Reactors<\/em>) de 5 a 300 megavatios destinados a suministrar la electricidad que reclaman los <em>data centers<\/em>. En Europa, la Inteligencia Artificial (IA) disparar\u00e1 la demanda de electricidad en un 160% en cinco a\u00f1os, seg\u00fan un informe de la organizaci\u00f3n <em>Beyond Fossils Fuels<\/em>. La demanda ser\u00e1 tan colosal que resultar\u00e1 imposible substituirla totalmente mediante las renovables. La tan reclamada descarbonizaci\u00f3n de la econom\u00eda para el 2050 lo m\u00e1s seguro es que acabe en fiasco. La taxonom\u00eda de la UE considerando la energ\u00eda nuclear como \u2018verde\u2019 facilitar\u00e1 las subvenciones por los reactores SMR e incentivar\u00e1 la propuesta del Foro At\u00f3mico mundial de alargar el per\u00edodo de vida de los reactores actuales hasta treinta o cincuenta a\u00f1os m\u00e1s.<\/p>\n<p><strong>La direcci\u00f3n contraria a un sistema energ\u00e9tico democr\u00e1tico basado en energ\u00edas renovables.<\/strong><\/p>\n<p>Con esta iniciativa, las GAFAM inician un nuevo per\u00edodo poscapitalista basado en el control de la informaci\u00f3n y la capacidad de tratamiento de la misma; de hecho, ya monopolizan el comercio de la informaci\u00f3n. Por otra parte, el potencial de crecimiento de la industria de defensa que se espera de la IA con el apoyo log\u00edstico de las GAFAM es ingente. Esta alianza facilita a las <em>big tech<\/em> un dominio que ninguna acci\u00f3n parlamentaria y democr\u00e1tica puede controlar, y que ya ha permitido el acceso al poder de personajes como Elon Musk (fundador de Space X y la automovil\u00edstica Tesla) como administrador del Departamento de Eficiencia Gubernamental de la Casa Blanca.<\/p>\n<p><strong>\u00bfQu\u00e9 podemos esperar en los pr\u00f3ximos a\u00f1os?<\/strong><\/p>\n<p>Todo indica, y ahora m\u00e1s que nunca gobernando los negacionistas en la Casa Blanca, que caminamos hacia unas formas de autarqu\u00eda energ\u00e9tica que algunos analistas han llamado \u2018electrofascismo\u2019, basada en el control del sector electronuclear y tecnol\u00f3gico. Esto har\u00e1 que se consolide el centralismo energ\u00e9tico y el control militar sobre las instalaciones nucleares, como hemos visto durante el conflicto entre Rusia y Ucrania, para evitar el peligro de acciones terroristas o ser objetivos b\u00e9licos.<\/p>\n<p><strong>En el libro explica c\u00f3mo las infraestructuras de energ\u00edas renovables y el despliegue de las tecnolog\u00edas de IA necesitar\u00e1n grandes cantidades de minerales estrat\u00e9gicos que actualmente se encuentran principalmente en Latinoam\u00e9rica y Asia. \u00bfQu\u00e9 puede comportar esto?<\/strong><\/p>\n<p>Las reservas de los minerales estrat\u00e9gicos provocar\u00e1n un cambio estructural en el sector energ\u00e9tico, amenazando con convertirse en la principal fuente de conflictos en el planeta durante las pr\u00f3ximas d\u00e9cadas. Si el petr\u00f3leo se ha concentrado en Occidente y Oriente Pr\u00f3ximo, ahora los productores de litio y tierras raras se concentrar\u00e1n en Latinoam\u00e9rica y Asia. Esto es una oportunidad \u00fanica para redefinir tambi\u00e9n un modelo de desarrollo ecol\u00f3gico y su autonom\u00eda frente a las acciones colonizadoras de potencias como Rusia, Estados Unidos y China. Hay que tener en cuenta que este \u00faltimo lleva mucha ventaja en producci\u00f3n y capacidad de procesamiento de estos minerales. Los pa\u00edses que gozan de las principales reservas tendr\u00e1n una gran capacidad para influir en el futuro de la humanidad y en el desarrollo de sus propios pa\u00edses. La edad de la miner\u00eda no ha hecho m\u00e1s que empezar.<\/p>\n<p><strong>\u00bfQu\u00e9 mecanismos tendr\u00e1n que poner en marcha los pa\u00edses productores de estos minerales para evitar estas acciones \u2018colonizadoras\u2019?<\/strong><\/p>\n<p>No tengo la soluci\u00f3n, pero est\u00e1 claro que son necesarios nuevos acuerdos comerciales interregionales en Latinoam\u00e9rica y \u00c1frica para evitar un crecimiento que no provoque m\u00e1s impactos ecol\u00f3gicos y para armonizar las normas ambientales y la seguridad alimentaria. Los recursos minerales estrat\u00e9gicos deben permitir autofinanciar la transici\u00f3n a las energ\u00edas renovables y evitar una nueva colonizaci\u00f3n, como ocurri\u00f3 con el cobre de Chile o sucede con el colt\u00e1n en la Rep\u00fablica Democr\u00e1tica del Congo o el uranio en N\u00edger.<\/p>\n<p><strong>Propone la creaci\u00f3n de una cumbre de pa\u00edses productores de litio.<\/strong><\/p>\n<p>Esta cumbre tendr\u00eda varios objetivos. Por un lado, impulsar un modelo propio de desarrollo ecol\u00f3gico, para evitar el impacto ambiental irreversible de las extracciones; tambi\u00e9n el de defender las culturas de los pueblos afectados y hacerles part\u00edcipes de los beneficios que genera el litio y otros minerales estrat\u00e9gicos; impedir los oligopolios, como los que han sucedido con el petr\u00f3leo, gas y el uranio, en el que cinco empresas producen el 60% del litio y el 56% del cobalto mientras que la capacidad de refinamiento est\u00e1 en manos de China; y, finalmente, evitar el uso del litio y otras materias raras para el desarrollo de la energ\u00eda at\u00f3mica con fines militares, como es el caso de India y Corea del Norte.<\/p>\n<p><strong>Hablemos de las cumbres del clima (COP). En Bak\u00fa vimos tensi\u00f3n en los di\u00e1logos sobre el fondo para financiar la adaptaci\u00f3n a los impactos del cambio clim\u00e1tico en los pa\u00edses del sur global. \u00bfExiste el peligro de que se rompan las negociaciones en la pr\u00f3xima cumbre de Bel\u00e9m (Brasil)?<\/strong><\/p>\n<p>Los 300.000 millones de d\u00f3lares anuales en ayudas clim\u00e1ticas que la <a href=\"https:\/\/climatica.coop\/secciones\/cop29\/\" target=\"_blank\" rel=\"noreferrer noopener\">COP29<\/a> de Bak\u00fa concedi\u00f3 in extremis por ayudas clim\u00e1ticas a los pa\u00edses en v\u00edas de desarrollo, cuando \u00e9stos reclamaban como m\u00ednimo un bill\u00f3n anual, quedan en una cifra calificada de \u201cmiserable\u201d por los afectados por los subsidios. En 2024, las subvenciones a las f\u00f3siles a nivel mundial han significado el doble de esta cantidad.<\/p>\n<p>Los Estados, especialmente los m\u00e1s contaminantes (Rusia, Estados Unidos, China, Brasil, India\u2026) no respetan los acuerdos de las COP, ni desempe\u00f1an un papel activo en las resoluciones. Menos de un 20% de los pa\u00edses signatarios no han llevado a cabo la mayor\u00eda de los 17 Objetivos del Desarrollo Sostenible (ODS) ni las 169 metas a alcanzar de cara al 2030, ni tampoco han presentado a la ONU las llamadas Nationally Determined Contributions (NDC-Contribuciones determinadas a nivel nacional) a efectos del cambio clim\u00e1tico.<\/p>\n<p><strong>\u00bfC\u00f3mo puede cambiar el escenario en la COP30 con Donald Trump en la presidencia de Estados Unidos?<\/strong><\/p>\n<p>Las decisiones de Trump pueden convertir a la COP de Bel\u00e9m a un nuevo fracaso. Est\u00e1 tomando acciones que pueden llevar hacia el bloqueo de la COP30, suprimiendo ayudas y cerrando departamentos dedicados al cambio clim\u00e1tico, afectando a organismos de la NASA y de la National Oceanic and Atmospheric Administration (NOAA) que forman parte de los apoyos al IPCC, o con la retirada de Estados Unidos de los Acuerdos de Par\u00eds. Todo esto puede comportar una crisis en la financiaci\u00f3n de la Convenci\u00f3n Marco sobre el Cambio Clim\u00e1tico de lo que dependen las COP.<\/p>\n<p><strong>\u00bfVamos hacia un escenario descontrolado?<\/strong><\/p>\n<p>Yo dir\u00eda en una \u2018tierra ignota\u2019. Todo puede ocurrir, desde replantearse una reforma de las COP hasta la creaci\u00f3n de una Organizaci\u00f3n Mundial del Medio Ambiente con capacidades similares en el Consejo de Seguridad de la ONU y equivalente a organizaciones como la Organizaci\u00f3n Mundial del Comercio o la Organizaci\u00f3n Internacional del Trabajo.<\/p>\n<p><strong>\u00bfQui\u00e9nes son las voces que quieren reformar las COP, y hacia d\u00f3nde apuntan?<\/strong><\/p>\n<p>Previendo un escenario negativo provocado por las decisiones de la Administraci\u00f3n Trump, hay quien es partidario de una reforma de las COP, como el Club de Roma; Christiana Figueres, ex secretar\u00eda ejecutiva del Convenci\u00f3n Marco sobre el Cambio Clim\u00e1tico, o Ban Ki-moon, ex secretario general de las Naciones Unidas. Proponen cambios en el sistema de elegir las sedes de las conferencias de las 197 partes; que no sean petroestados; una participaci\u00f3n m\u00e1s eficiente y justa de los pa\u00edses del Sur afectados por el cambio clim\u00e1tico, piden tambi\u00e9n publicar la afiliaci\u00f3n de todos los participantes; equilibrar la presencia de cient\u00edficos en el IPCC, dominado en un 70% por anglosajones; evitar la presencia dominante de lobistas de las corporaciones energ\u00e9ticas; reducir sensiblemente el n\u00famero de miembros de las delegaciones para hacer m\u00e1s eficientes los debates y resoluciones; entre otros.<\/p>\n<p><strong>\u00bfC\u00f3mo se podr\u00eda llegar a regular la presencia de <em>lobbys<\/em> de los combustibles f\u00f3siles en las COP?<\/strong><\/p>\n<p>Aplicando la transparencia y haciendo p\u00fablica la identidad y la afiliaci\u00f3n de cada participante; evitando el acceso a lobistas en sesiones de negociaci\u00f3n donde se redactan los documentos finales y los compromisos. En el primer informe del IPCC de 1990 estuvieron batallando para las conclusiones 11 representantes de la industria petrolera; hoy son m\u00e1s de 600, seg\u00fan Cristophe Bonneuil, historiador de ciencias del CNRS franc\u00e9s.\u00a0No se puede seguir tolerando que los lobistas que representan al sector energ\u00e9tico de los combustibles f\u00f3siles superen en n\u00famero de representantes a los cient\u00edficos, ind\u00edgenas y representantes de las naciones del Sur m\u00e1s vulnerables al cambio clim\u00e1tico. A la COP 29 de Bak\u00fa asistieron 1.773 lobistas que ten\u00edan como objetivo evitar resoluciones contrarias a los sectores del petr\u00f3leo y el gas natural.<\/p>\n<p><strong>En el ensayo explica que existen partidarios de crear otros espacios de confluencia internacional para abordar los problemas del cambio clim\u00e1tico.<\/strong><\/p>\n<p>Es lo que proponen otras personalidades como el pensador Edgard Morin, el jurista Michel Prieur o el climat\u00f3logo Jean Jouziel. Son partidarios de crear una Organizaci\u00f3n Mundial del Medio Ambiente, encabezada por personalidades desvinculadas de los sectores econ\u00f3micos y energ\u00e9ticos dominantes.<\/p>\n<p><strong>Tambi\u00e9n habla de la creaci\u00f3n de un Tribunal Internacional Penal de Medio Ambiente.<\/strong><\/p>\n<p>La creaci\u00f3n de un Tribunal Internacional Penal de Medio Ambiente, como propone un grupo de 16 juristas internacionales coordinados por Laurent Neyret, profesor de la Universidad de Versalles Saint-Quetin, posibilitar\u00eda juzgar los casos de ecocidios perpetrados por las compa\u00f1\u00edas mineras, energ\u00e9ticas y agroforestales y sus actividades tanto de <em>ecoblanqueo<\/em> (<em>greenwashing<\/em>) como de ocultaci\u00f3n de datos (<em>greenhushing<\/em>).<\/p>\n<p><strong>Algunos Estados se est\u00e1n apresurando a introducir legislaciones en contra del ecoterrorismo, para neutralizar y criminalizar los actos de los activistas clim\u00e1ticos<\/strong>.<\/p>\n<p>A los conspiradores del cambio clim\u00e1tico les ha interesado controlar los resultados de las COP y los informes del IPCC pero les interesa tambi\u00e9n, y mucho, frenar el radicalismo de los activistas ecologistas. Y la forma de hacerlo est\u00e1 criminaliz\u00e1ndolos aunque sus acciones no sean violentas. Una forma de presi\u00f3n que practican es haciendo que los medios de comunicaci\u00f3n conservadores y de extrema derecha reclamen mano dura por este nuevo activismo situado al margen de los partidos pol\u00edticos tradicionales. Y est\u00e0 teniendo efecto: en Francia, Alemania, Austria, Irlanda y Reino Unido hay mucha presi\u00f3n para que el Estado endurezca las leyes contra el activismo ecologista. En Dinamarca los \u00abextremistas clim\u00e1ticos\u00bb figuran en la lista de las \u00abamenazas terroristas\u00bb. Italia ha dictado una ley llamada \u00abecovandalismo\u00bb con penas que van hasta cinco a\u00f1os de c\u00e1rcel y 10.000 euros de multa. Extintion Rebellion se considera por la extrema derecha espa\u00f1ola una organizaci\u00f3n vinculada al terrorismo internacional. En Estados Unidos, <a href=\"https:\/\/climatica.coop\/jurado-condena-greenpeace-energy-transfer\/\" target=\"_blank\" rel=\"noreferrer noopener\">Greenpeace ha sido condenada a pagar 650 millones de d\u00f3lares<\/a> por estimular las protestas contra el oleoducto Dakota Access. La empresa que denunci\u00f3 a la organizaci\u00f3n ecopacifista es Energy Transfer y la multa podr\u00eda llevar a la quiebra de Greenpeace en EEUU.<\/p>\n<p><strong>\u00bfC\u00f3mo reaccionan las ONG y la poblaci\u00f3n civil ante esto?<\/strong><\/p>\n<p>En Espa\u00f1a, a finales de 2024, el Tribunal Constitucional admiti\u00f3 a tr\u00e1mite el primer litigio clim\u00e1tico de la historia (la primera denuncia por delito ecol\u00f3gico la ejerci\u00f3 Alternativa Verda en 1984 contra la contaminaci\u00f3n \u00e1cida de la central t\u00e9rmica de Cercs, propiedad de Fecsa). Se trata de un recurso contra Espa\u00f1a por inacci\u00f3n ante el cambio clim\u00e1tico y lo han presentado Greenpeace, Ecologistas en Acci\u00f3n, Oxfam Interm\u00f3n, Fridays for Future y la Coordinadora de Organizaciones para el Desarrollo. Veremos c\u00f3mo evoluciona. Las protestas ambientales cuestionan cada vez con mayor contundencia la eficacia y la utilidad de las conferencias clim\u00e1ticas, convertidas en instrumentos de desmovilizaci\u00f3n.<\/p>\n<p><strong>\u00bfEstas protestas llegan a cuajar en la sociedad civil?<\/strong><\/p>\n<p>Reprimiendo y criminalizando las acciones directas de estas organizaciones se las aleja de la sociedad civil y se logra que la opini\u00f3n p\u00fablica acabe viendo como un mal menor la gobernanza y la vigente forma de organizar la lucha clim\u00e1tica, dej\u00e1ndola en manos de funcionarios de la ONU, muy bien remunerados y libres de impuestos, y apoyados por sus principales estructuras: el PNUMA, la Convenci\u00f3n Marco y las COP. Se trata de un gigantismo burocr\u00e1tico, vigilado por las energ\u00e9ticas; es la huella que dej\u00f3 como legado Maurice Strong. Conspiradores y negacionistas del cambio clim\u00e1tico son dos caras de la misma moneda.<\/p>\n<p>&nbsp;<\/p>\n<\/div>\n<\/div>\n","protected":false},"excerpt":{"rendered":"<p>El periodista, escritor y pol\u00edtico ecologista publica \u2018Els conspiradors del canvi clim\u00e0tic\u2019, un ensayo sobre quienes trabajan para seguir explotando los recursos f\u00f3siles. Por Lluis Bassa Tom\u00e1s Santiago Vilanova (Olot, 1947) conoce bien los mecanismos para proteger el medio ambiente y las estrategias para tan s\u00f3lo simularlo. El periodista, escritor y pol\u00edtico ecologista se ha [&hellip;]<\/p>\n","protected":false},"author":2,"featured_media":4467,"comment_status":"open","ping_status":"open","sticky":false,"template":"","format":"standard","meta":{"jetpack_post_was_ever_published":false,"_jetpack_newsletter_access":"","_jetpack_dont_email_post_to_subs":false,"_jetpack_newsletter_tier_id":0,"_jetpack_memberships_contains_paywalled_content":false,"_jetpack_memberships_contains_paid_content":false,"footnotes":"","jetpack_publicize_message":"","jetpack_publicize_feature_enabled":true,"jetpack_social_post_already_shared":true,"jetpack_social_options":{"image_generator_settings":{"template":"highway","enabled":false},"version":2}},"categories":[2],"tags":[],"class_list":["post-4466","post","type-post","status-publish","format-standard","has-post-thumbnail","hentry","category-blog"],"jetpack_publicize_connections":[],"yoast_head":"<!-- This site is optimized with the Yoast SEO plugin v23.4 - https:\/\/yoast.com\/wordpress\/plugins\/seo\/ -->\n<title>Santiago Vilanova: \u00abLa demanda de electricidad por la IA ser\u00e1 tan colosal que resultar\u00e1 imposible substituirla totalmente mediante las renovables\u00bb - UninomadaSUR<\/title>\n<meta name=\"robots\" content=\"index, follow, max-snippet:-1, max-image-preview:large, max-video-preview:-1\" \/>\n<link rel=\"canonical\" href=\"https:\/\/uninomadasur.net\/?p=4466\" \/>\n<meta property=\"og:locale\" content=\"es_ES\" \/>\n<meta property=\"og:type\" content=\"article\" \/>\n<meta property=\"og:title\" content=\"Santiago Vilanova: \u00abLa demanda de electricidad por la IA ser\u00e1 tan colosal que resultar\u00e1 imposible substituirla totalmente mediante las renovables\u00bb - UninomadaSUR\" \/>\n<meta property=\"og:description\" content=\"El periodista, escritor y pol\u00edtico ecologista publica \u2018Els conspiradors del canvi clim\u00e0tic\u2019, un ensayo sobre quienes trabajan para seguir explotando los recursos f\u00f3siles. Por Lluis Bassa Tom\u00e1s Santiago Vilanova (Olot, 1947) conoce bien los mecanismos para proteger el medio ambiente y las estrategias para tan s\u00f3lo simularlo. El periodista, escritor y pol\u00edtico ecologista se ha [&hellip;]\" \/>\n<meta property=\"og:url\" content=\"https:\/\/uninomadasur.net\/?p=4466\" \/>\n<meta property=\"og:site_name\" content=\"UninomadaSUR\" \/>\n<meta property=\"article:published_time\" content=\"2025-04-30T12:10:45+00:00\" \/>\n<meta property=\"og:image\" content=\"http:\/\/uninomadasur.net\/wp-content\/uploads\/2025\/04\/SV_2-copia.jpg\" \/>\n\t<meta property=\"og:image:width\" content=\"848\" \/>\n\t<meta property=\"og:image:height\" content=\"600\" \/>\n\t<meta property=\"og:image:type\" content=\"image\/jpeg\" \/>\n<meta name=\"author\" content=\"Administrador\" \/>\n<meta name=\"twitter:card\" content=\"summary_large_image\" \/>\n<meta name=\"twitter:label1\" content=\"Escrito por\" \/>\n\t<meta name=\"twitter:data1\" content=\"Administrador\" \/>\n\t<meta name=\"twitter:label2\" content=\"Tiempo de lectura\" \/>\n\t<meta name=\"twitter:data2\" content=\"13 minutos\" \/>\n<script type=\"application\/ld+json\" class=\"yoast-schema-graph\">{\"@context\":\"https:\/\/schema.org\",\"@graph\":[{\"@type\":\"Article\",\"@id\":\"https:\/\/uninomadasur.net\/?p=4466#article\",\"isPartOf\":{\"@id\":\"https:\/\/uninomadasur.net\/?p=4466\"},\"author\":{\"name\":\"Administrador\",\"@id\":\"https:\/\/uninomadasur.net\/#\/schema\/person\/bf51815d932788910947ff9541a9b85c\"},\"headline\":\"Santiago Vilanova: \u00abLa demanda de electricidad por la IA ser\u00e1 tan colosal que resultar\u00e1 imposible substituirla totalmente mediante las renovables\u00bb\",\"datePublished\":\"2025-04-30T12:10:45+00:00\",\"dateModified\":\"2025-04-30T12:10:45+00:00\",\"mainEntityOfPage\":{\"@id\":\"https:\/\/uninomadasur.net\/?p=4466\"},\"wordCount\":2961,\"commentCount\":0,\"publisher\":{\"@id\":\"https:\/\/uninomadasur.net\/#organization\"},\"image\":{\"@id\":\"https:\/\/uninomadasur.net\/?p=4466#primaryimage\"},\"thumbnailUrl\":\"https:\/\/uninomadasur.net\/wp-content\/uploads\/2025\/04\/SV_2-copia.jpg\",\"articleSection\":[\"Blog\"],\"inLanguage\":\"es\",\"potentialAction\":[{\"@type\":\"CommentAction\",\"name\":\"Comment\",\"target\":[\"https:\/\/uninomadasur.net\/?p=4466#respond\"]}]},{\"@type\":\"WebPage\",\"@id\":\"https:\/\/uninomadasur.net\/?p=4466\",\"url\":\"https:\/\/uninomadasur.net\/?p=4466\",\"name\":\"Santiago Vilanova: \u00abLa demanda de electricidad por la IA ser\u00e1 tan colosal que resultar\u00e1 imposible substituirla totalmente mediante las renovables\u00bb - UninomadaSUR\",\"isPartOf\":{\"@id\":\"https:\/\/uninomadasur.net\/#website\"},\"primaryImageOfPage\":{\"@id\":\"https:\/\/uninomadasur.net\/?p=4466#primaryimage\"},\"image\":{\"@id\":\"https:\/\/uninomadasur.net\/?p=4466#primaryimage\"},\"thumbnailUrl\":\"https:\/\/uninomadasur.net\/wp-content\/uploads\/2025\/04\/SV_2-copia.jpg\",\"datePublished\":\"2025-04-30T12:10:45+00:00\",\"dateModified\":\"2025-04-30T12:10:45+00:00\",\"breadcrumb\":{\"@id\":\"https:\/\/uninomadasur.net\/?p=4466#breadcrumb\"},\"inLanguage\":\"es\",\"potentialAction\":[{\"@type\":\"ReadAction\",\"target\":[\"https:\/\/uninomadasur.net\/?p=4466\"]}]},{\"@type\":\"ImageObject\",\"inLanguage\":\"es\",\"@id\":\"https:\/\/uninomadasur.net\/?p=4466#primaryimage\",\"url\":\"https:\/\/uninomadasur.net\/wp-content\/uploads\/2025\/04\/SV_2-copia.jpg\",\"contentUrl\":\"https:\/\/uninomadasur.net\/wp-content\/uploads\/2025\/04\/SV_2-copia.jpg\",\"width\":848,\"height\":600},{\"@type\":\"BreadcrumbList\",\"@id\":\"https:\/\/uninomadasur.net\/?p=4466#breadcrumb\",\"itemListElement\":[{\"@type\":\"ListItem\",\"position\":1,\"name\":\"Inicio\",\"item\":\"https:\/\/uninomadasur.net\/\"},{\"@type\":\"ListItem\",\"position\":2,\"name\":\"Santiago Vilanova: \u00abLa demanda de electricidad por la IA ser\u00e1 tan colosal que resultar\u00e1 imposible substituirla totalmente mediante las renovables\u00bb\"}]},{\"@type\":\"WebSite\",\"@id\":\"https:\/\/uninomadasur.net\/#website\",\"url\":\"https:\/\/uninomadasur.net\/\",\"name\":\"UninomadaSUR\",\"description\":\"UninomadaSUR\",\"publisher\":{\"@id\":\"https:\/\/uninomadasur.net\/#organization\"},\"potentialAction\":[{\"@type\":\"SearchAction\",\"target\":{\"@type\":\"EntryPoint\",\"urlTemplate\":\"https:\/\/uninomadasur.net\/?s={search_term_string}\"},\"query-input\":{\"@type\":\"PropertyValueSpecification\",\"valueRequired\":true,\"valueName\":\"search_term_string\"}}],\"inLanguage\":\"es\"},{\"@type\":\"Organization\",\"@id\":\"https:\/\/uninomadasur.net\/#organization\",\"name\":\"UninomadaSUR\",\"url\":\"https:\/\/uninomadasur.net\/\",\"logo\":{\"@type\":\"ImageObject\",\"inLanguage\":\"es\",\"@id\":\"https:\/\/uninomadasur.net\/#\/schema\/logo\/image\/\",\"url\":\"https:\/\/uninomadasur.net\/wp-content\/uploads\/2018\/09\/uni-logo.png\",\"contentUrl\":\"https:\/\/uninomadasur.net\/wp-content\/uploads\/2018\/09\/uni-logo.png\",\"width\":260,\"height\":94,\"caption\":\"UninomadaSUR\"},\"image\":{\"@id\":\"https:\/\/uninomadasur.net\/#\/schema\/logo\/image\/\"}},{\"@type\":\"Person\",\"@id\":\"https:\/\/uninomadasur.net\/#\/schema\/person\/bf51815d932788910947ff9541a9b85c\",\"name\":\"Administrador\",\"image\":{\"@type\":\"ImageObject\",\"inLanguage\":\"es\",\"@id\":\"https:\/\/uninomadasur.net\/#\/schema\/person\/image\/\",\"url\":\"https:\/\/secure.gravatar.com\/avatar\/b36419d5b57d43ccfb2c84733927cffe?s=96&d=mm&r=g\",\"contentUrl\":\"https:\/\/secure.gravatar.com\/avatar\/b36419d5b57d43ccfb2c84733927cffe?s=96&d=mm&r=g\",\"caption\":\"Administrador\"},\"url\":\"https:\/\/uninomadasur.net\/?author=2\"}]}<\/script>\n<!-- \/ Yoast SEO plugin. -->","yoast_head_json":{"title":"Santiago Vilanova: \u00abLa demanda de electricidad por la IA ser\u00e1 tan colosal que resultar\u00e1 imposible substituirla totalmente mediante las renovables\u00bb - UninomadaSUR","robots":{"index":"index","follow":"follow","max-snippet":"max-snippet:-1","max-image-preview":"max-image-preview:large","max-video-preview":"max-video-preview:-1"},"canonical":"https:\/\/uninomadasur.net\/?p=4466","og_locale":"es_ES","og_type":"article","og_title":"Santiago Vilanova: \u00abLa demanda de electricidad por la IA ser\u00e1 tan colosal que resultar\u00e1 imposible substituirla totalmente mediante las renovables\u00bb - UninomadaSUR","og_description":"El periodista, escritor y pol\u00edtico ecologista publica \u2018Els conspiradors del canvi clim\u00e0tic\u2019, un ensayo sobre quienes trabajan para seguir explotando los recursos f\u00f3siles. Por Lluis Bassa Tom\u00e1s Santiago Vilanova (Olot, 1947) conoce bien los mecanismos para proteger el medio ambiente y las estrategias para tan s\u00f3lo simularlo. El periodista, escritor y pol\u00edtico ecologista se ha [&hellip;]","og_url":"https:\/\/uninomadasur.net\/?p=4466","og_site_name":"UninomadaSUR","article_published_time":"2025-04-30T12:10:45+00:00","og_image":[{"width":848,"height":600,"url":"http:\/\/uninomadasur.net\/wp-content\/uploads\/2025\/04\/SV_2-copia.jpg","type":"image\/jpeg"}],"author":"Administrador","twitter_card":"summary_large_image","twitter_misc":{"Escrito por":"Administrador","Tiempo de lectura":"13 minutos"},"schema":{"@context":"https:\/\/schema.org","@graph":[{"@type":"Article","@id":"https:\/\/uninomadasur.net\/?p=4466#article","isPartOf":{"@id":"https:\/\/uninomadasur.net\/?p=4466"},"author":{"name":"Administrador","@id":"https:\/\/uninomadasur.net\/#\/schema\/person\/bf51815d932788910947ff9541a9b85c"},"headline":"Santiago Vilanova: \u00abLa demanda de electricidad por la IA ser\u00e1 tan colosal que resultar\u00e1 imposible substituirla totalmente mediante las renovables\u00bb","datePublished":"2025-04-30T12:10:45+00:00","dateModified":"2025-04-30T12:10:45+00:00","mainEntityOfPage":{"@id":"https:\/\/uninomadasur.net\/?p=4466"},"wordCount":2961,"commentCount":0,"publisher":{"@id":"https:\/\/uninomadasur.net\/#organization"},"image":{"@id":"https:\/\/uninomadasur.net\/?p=4466#primaryimage"},"thumbnailUrl":"https:\/\/uninomadasur.net\/wp-content\/uploads\/2025\/04\/SV_2-copia.jpg","articleSection":["Blog"],"inLanguage":"es","potentialAction":[{"@type":"CommentAction","name":"Comment","target":["https:\/\/uninomadasur.net\/?p=4466#respond"]}]},{"@type":"WebPage","@id":"https:\/\/uninomadasur.net\/?p=4466","url":"https:\/\/uninomadasur.net\/?p=4466","name":"Santiago Vilanova: \u00abLa demanda de electricidad por la IA ser\u00e1 tan colosal que resultar\u00e1 imposible substituirla totalmente mediante las renovables\u00bb - UninomadaSUR","isPartOf":{"@id":"https:\/\/uninomadasur.net\/#website"},"primaryImageOfPage":{"@id":"https:\/\/uninomadasur.net\/?p=4466#primaryimage"},"image":{"@id":"https:\/\/uninomadasur.net\/?p=4466#primaryimage"},"thumbnailUrl":"https:\/\/uninomadasur.net\/wp-content\/uploads\/2025\/04\/SV_2-copia.jpg","datePublished":"2025-04-30T12:10:45+00:00","dateModified":"2025-04-30T12:10:45+00:00","breadcrumb":{"@id":"https:\/\/uninomadasur.net\/?p=4466#breadcrumb"},"inLanguage":"es","potentialAction":[{"@type":"ReadAction","target":["https:\/\/uninomadasur.net\/?p=4466"]}]},{"@type":"ImageObject","inLanguage":"es","@id":"https:\/\/uninomadasur.net\/?p=4466#primaryimage","url":"https:\/\/uninomadasur.net\/wp-content\/uploads\/2025\/04\/SV_2-copia.jpg","contentUrl":"https:\/\/uninomadasur.net\/wp-content\/uploads\/2025\/04\/SV_2-copia.jpg","width":848,"height":600},{"@type":"BreadcrumbList","@id":"https:\/\/uninomadasur.net\/?p=4466#breadcrumb","itemListElement":[{"@type":"ListItem","position":1,"name":"Inicio","item":"https:\/\/uninomadasur.net\/"},{"@type":"ListItem","position":2,"name":"Santiago Vilanova: \u00abLa demanda de electricidad por la IA ser\u00e1 tan colosal que resultar\u00e1 imposible substituirla totalmente mediante las renovables\u00bb"}]},{"@type":"WebSite","@id":"https:\/\/uninomadasur.net\/#website","url":"https:\/\/uninomadasur.net\/","name":"UninomadaSUR","description":"UninomadaSUR","publisher":{"@id":"https:\/\/uninomadasur.net\/#organization"},"potentialAction":[{"@type":"SearchAction","target":{"@type":"EntryPoint","urlTemplate":"https:\/\/uninomadasur.net\/?s={search_term_string}"},"query-input":{"@type":"PropertyValueSpecification","valueRequired":true,"valueName":"search_term_string"}}],"inLanguage":"es"},{"@type":"Organization","@id":"https:\/\/uninomadasur.net\/#organization","name":"UninomadaSUR","url":"https:\/\/uninomadasur.net\/","logo":{"@type":"ImageObject","inLanguage":"es","@id":"https:\/\/uninomadasur.net\/#\/schema\/logo\/image\/","url":"https:\/\/uninomadasur.net\/wp-content\/uploads\/2018\/09\/uni-logo.png","contentUrl":"https:\/\/uninomadasur.net\/wp-content\/uploads\/2018\/09\/uni-logo.png","width":260,"height":94,"caption":"UninomadaSUR"},"image":{"@id":"https:\/\/uninomadasur.net\/#\/schema\/logo\/image\/"}},{"@type":"Person","@id":"https:\/\/uninomadasur.net\/#\/schema\/person\/bf51815d932788910947ff9541a9b85c","name":"Administrador","image":{"@type":"ImageObject","inLanguage":"es","@id":"https:\/\/uninomadasur.net\/#\/schema\/person\/image\/","url":"https:\/\/secure.gravatar.com\/avatar\/b36419d5b57d43ccfb2c84733927cffe?s=96&d=mm&r=g","contentUrl":"https:\/\/secure.gravatar.com\/avatar\/b36419d5b57d43ccfb2c84733927cffe?s=96&d=mm&r=g","caption":"Administrador"},"url":"https:\/\/uninomadasur.net\/?author=2"}]}},"jetpack_featured_media_url":"https:\/\/uninomadasur.net\/wp-content\/uploads\/2025\/04\/SV_2-copia.jpg","jetpack_sharing_enabled":true,"jetpack_shortlink":"https:\/\/wp.me\/paDeUS-1a2","_links":{"self":[{"href":"https:\/\/uninomadasur.net\/index.php?rest_route=\/wp\/v2\/posts\/4466"}],"collection":[{"href":"https:\/\/uninomadasur.net\/index.php?rest_route=\/wp\/v2\/posts"}],"about":[{"href":"https:\/\/uninomadasur.net\/index.php?rest_route=\/wp\/v2\/types\/post"}],"author":[{"embeddable":true,"href":"https:\/\/uninomadasur.net\/index.php?rest_route=\/wp\/v2\/users\/2"}],"replies":[{"embeddable":true,"href":"https:\/\/uninomadasur.net\/index.php?rest_route=%2Fwp%2Fv2%2Fcomments&post=4466"}],"version-history":[{"count":1,"href":"https:\/\/uninomadasur.net\/index.php?rest_route=\/wp\/v2\/posts\/4466\/revisions"}],"predecessor-version":[{"id":4468,"href":"https:\/\/uninomadasur.net\/index.php?rest_route=\/wp\/v2\/posts\/4466\/revisions\/4468"}],"wp:featuredmedia":[{"embeddable":true,"href":"https:\/\/uninomadasur.net\/index.php?rest_route=\/wp\/v2\/media\/4467"}],"wp:attachment":[{"href":"https:\/\/uninomadasur.net\/index.php?rest_route=%2Fwp%2Fv2%2Fmedia&parent=4466"}],"wp:term":[{"taxonomy":"category","embeddable":true,"href":"https:\/\/uninomadasur.net\/index.php?rest_route=%2Fwp%2Fv2%2Fcategories&post=4466"},{"taxonomy":"post_tag","embeddable":true,"href":"https:\/\/uninomadasur.net\/index.php?rest_route=%2Fwp%2Fv2%2Ftags&post=4466"}],"curies":[{"name":"wp","href":"https:\/\/api.w.org\/{rel}","templated":true}]}}